{"id":10190,"date":"2022-11-29T14:48:36","date_gmt":"2022-11-29T12:48:36","guid":{"rendered":"https:\/\/www.foment.com\/digitalitzat\/?p=10190"},"modified":"2022-11-29T16:28:48","modified_gmt":"2022-11-29T14:28:48","slug":"generacion-digital-pymes","status":"publish","type":"post","link":"https:\/\/www.foment.com\/digitalitzat\/es\/generacion-digital-pymes\/","title":{"rendered":"GENERACI\u00d3N DIGITAL PYMES"},"content":{"rendered":"<p>[et_pb_section fb_built=&#8221;1&#8243; admin_label=&#8221;section&#8221; _builder_version=&#8221;3.22&#8243; da_disable_devices=&#8221;off|off|off&#8221; da_is_popup=&#8221;off&#8221; da_exit_intent=&#8221;off&#8221; da_has_close=&#8221;on&#8221; da_alt_close=&#8221;off&#8221; da_dark_close=&#8221;off&#8221; da_not_modal=&#8221;on&#8221; da_is_singular=&#8221;off&#8221; da_with_loader=&#8221;off&#8221; da_has_shadow=&#8221;on&#8221;][et_pb_row admin_label=&#8221;row&#8221; _builder_version=&#8221;3.25&#8243; background_size=&#8221;initial&#8221; background_position=&#8221;top_left&#8221; background_repeat=&#8221;repeat&#8221;][et_pb_column type=&#8221;4_4&#8243; _builder_version=&#8221;3.25&#8243; custom_padding=&#8221;|||&#8221; custom_padding__hover=&#8221;|||&#8221;][et_pb_text _builder_version=&#8221;4.9.0&#8243; _module_preset=&#8221;default&#8221; hover_enabled=&#8221;0&#8243; sticky_enabled=&#8221;0&#8243;]<\/p>\n<div class=\"btns-llengues row\">\n<div class=\"col-xs-12\">\n<div class=\"btn-right\">\u00a0<button id=\"translate\" class=\"bt-basic bt-basic-vermell\" type=\"button\">TRADUEIX<\/button><\/div>\n<div>\u00a0<\/div>\n<\/div>\n<\/div>\n<form class=\"formulari form-horizontal\">\n<div class=\"traductor-textarea form-group\">\n<p class=\"textarea-origen col-xs-12 col-sm-6\"><span style=\"font-family: verdana, geneva, sans-serif;\">El pasado 12 de noviembre se han publicado las bases reguladoras para la concesi\u00f3n de subvenciones del <strong>Programa Generaci\u00f3n Digital PYMES: personas de equipos directivos y calificaci\u00f3n de personas empleadas en PYME.<\/strong><\/span><\/p>\n<p><span style=\"font-family: verdana, geneva, sans-serif;\">Este programa tiene por objetivo financiar cursos de formaci\u00f3n en transformaci\u00f3n digital para incrementar las competencias digitales de las personas directivas de las pymes, ayud\u00e1ndolas a impulsar su productividad, competitividad y posibilidades de crecimiento.\u00a0<\/span><\/p>\n<div class=\"textarea-desti col-xs-12 col-sm-6\">\n<p class=\"form-control second-textarea\"><span style=\"font-family: verdana, geneva, sans-serif;\">Los Programas de Formaci\u00f3n Digital est\u00e1n dirigidos a personas que formen parte de los \u00f3rganos directivos de pymes de entre 10 y 249 trabajadores.<\/span><\/p>\n<p class=\"form-control second-textarea\"><span style=\"font-family: verdana, geneva, sans-serif;\">El plazo de presentaci\u00f3n de solicitudes por parte de las entidades de formaci\u00f3n se inici\u00f3 el d\u00eda <strong>15 de noviembre de 2022 y finalizar\u00e1 el 14 de diciembre de 2022.<\/strong><\/span><\/p>\n<p><span style=\"font-family: verdana, geneva, sans-serif;\">Para los miembros de los equipos directivos de PYMES interesados en participar, a\u00fan no se han especificado las fechas para la presentaci\u00f3n de solicitudes.\u00a0<\/span><\/p>\n<\/div>\n<\/div>\n<\/form>\n<p>[\/et_pb_text][et_pb_button button_url=&#8221;https:\/\/fomentdeltreball.sharepoint.com\/:b:\/g\/ERul4FlN5epFmlBB03r098QB3Y-mUzu31f5YwriUoF60og?e=3Asmnx&#8221; button_text=&#8221;M\u00c1S INFORMACI\u00d3N AQU\u00cd&#8221; _builder_version=&#8221;4.9.0&#8243; _module_preset=&#8221;default&#8221;][\/et_pb_button][\/et_pb_column][\/et_pb_row][\/et_pb_section]<\/p>\n","protected":false},"excerpt":{"rendered":"<p>[et_pb_section fb_built=&#8221;1&#8243; admin_label=&#8221;section&#8221; _builder_version=&#8221;3.22&#8243; da_disable_devices=&#8221;off|off|off&#8221; da_is_popup=&#8221;off&#8221; da_exit_intent=&#8221;off&#8221; da_has_close=&#8221;on&#8221; da_alt_close=&#8221;off&#8221; da_dark_close=&#8221;off&#8221; da_not_modal=&#8221;on&#8221; da_is_singular=&#8221;off&#8221; da_with_loader=&#8221;off&#8221; da_has_shadow=&#8221;on&#8221;][et_pb_row admin_label=&#8221;row&#8221; _builder_version=&#8221;3.25&#8243; background_size=&#8221;initial&#8221; background_position=&#8221;top_left&#8221; background_repeat=&#8221;repeat&#8221;][et_pb_column type=&#8221;4_4&#8243; _builder_version=&#8221;3.25&#8243; custom_padding=&#8221;|||&#8221; custom_padding__hover=&#8221;|||&#8221;][et_pb_text _builder_version=&#8221;4.9.0&#8243; _module_preset=&#8221;default&#8221; hover_enabled=&#8221;0&#8243; sticky_enabled=&#8221;0&#8243;] \u00a0TRADUEIX \u00a0 El pasado 12 de noviembre se han publicado las bases reguladoras para la concesi\u00f3n de subvenciones del Programa Generaci\u00f3n Digital PYMES: personas de equipos directivos y [&hellip;]<\/p>\n","protected":false},"author":12,"featured_media":10182,"comment_status":"open","ping_status":"open","sticky":false,"template":"","format":"standard","meta":{"_et_pb_use_builder":"on","_et_pb_old_content":"","_et_gb_content_width":""},"categories":[127],"tags":[],"_links":{"self":[{"href":"https:\/\/www.foment.com\/digitalitzat\/es\/wp-json\/wp\/v2\/posts\/10190"}],"collection":[{"href":"https:\/\/www.foment.com\/digitalitzat\/es\/wp-json\/wp\/v2\/posts"}],"about":[{"href":"https:\/\/www.foment.com\/digitalitzat\/es\/wp-json\/wp\/v2\/types\/post"}],"author":[{"embeddable":true,"href":"https:\/\/www.foment.com\/digitalitzat\/es\/wp-json\/wp\/v2\/users\/12"}],"replies":[{"embeddable":true,"href":"https:\/\/www.foment.com\/digitalitzat\/es\/wp-json\/wp\/v2\/comments?post=10190"}],"version-history":[{"count":16,"href":"https:\/\/www.foment.com\/digitalitzat\/es\/wp-json\/wp\/v2\/posts\/10190\/revisions"}],"predecessor-version":[{"id":10228,"href":"https:\/\/www.foment.com\/digitalitzat\/es\/wp-json\/wp\/v2\/posts\/10190\/revisions\/10228"}],"wp:featuredmedia":[{"embeddable":true,"href":"https:\/\/www.foment.com\/digitalitzat\/es\/wp-json\/wp\/v2\/media\/10182"}],"wp:attachment":[{"href":"https:\/\/www.foment.com\/digitalitzat\/es\/wp-json\/wp\/v2\/media?parent=10190"}],"wp:term":[{"taxonomy":"category","embeddable":true,"href":"https:\/\/www.foment.com\/digitalitzat\/es\/wp-json\/wp\/v2\/categories?post=10190"},{"taxonomy":"post_tag","embeddable":true,"href":"https:\/\/www.foment.com\/digitalitzat\/es\/wp-json\/wp\/v2\/tags?post=10190"}],"curies":[{"name":"wp","href":"https:\/\/api.w.org\/{rel}","templated":true}]}}