{"id":9406,"date":"2022-09-05T14:33:22","date_gmt":"2022-09-05T12:33:22","guid":{"rendered":"https:\/\/www.foment.com\/digitalitzat\/?p=9406"},"modified":"2022-09-05T14:34:30","modified_gmt":"2022-09-05T12:34:30","slug":"2a-convocatoria-del-programa-kit-digital-para-la-digitalizacion-de-empresas","status":"publish","type":"post","link":"https:\/\/www.foment.com\/digitalitzat\/es\/2a-convocatoria-del-programa-kit-digital-para-la-digitalizacion-de-empresas\/","title":{"rendered":"2\u00aa Convocatoria del programa Kit Digital para la digitalizaci\u00f3n de empresas"},"content":{"rendered":"<p>[et_pb_section fb_built=&#8221;1&#8243; admin_label=&#8221;section&#8221; _builder_version=&#8221;3.22&#8243; da_disable_devices=&#8221;off|off|off&#8221; da_is_popup=&#8221;off&#8221; da_exit_intent=&#8221;off&#8221; da_has_close=&#8221;on&#8221; da_alt_close=&#8221;off&#8221; da_dark_close=&#8221;off&#8221; da_not_modal=&#8221;on&#8221; da_is_singular=&#8221;off&#8221; da_with_loader=&#8221;off&#8221; da_has_shadow=&#8221;on&#8221;][et_pb_row admin_label=&#8221;row&#8221; _builder_version=&#8221;3.25&#8243; background_size=&#8221;initial&#8221; background_position=&#8221;top_left&#8221; background_repeat=&#8221;repeat&#8221;][et_pb_column type=&#8221;4_4&#8243; _builder_version=&#8221;3.25&#8243; custom_padding=&#8221;|||&#8221; custom_padding__hover=&#8221;|||&#8221;][et_pb_text _builder_version=&#8221;4.9.0&#8243; _module_preset=&#8221;default&#8221;]<\/p>\n<p>El pasado 30 de diciembre el Bolet\u00edn Oficial del Estado public\u00f3 la Orden ETD\/1498\/2021, de 29 de diciembre, por la que se aprueban las bases reguladoras de la concesi\u00f3n de ayudas para la digitalizaci\u00f3n de peque\u00f1as empresas , microempresas y personas en situaci\u00f3n de autoempleo, en el marco de la Agenda Espa\u00f1a Digital 2025, el Plan de Digitalizaci\u00f3n PYMEs 2021-2025 y el Plan de Recuperaci\u00f3n, Transformaci\u00f3n y Resiliencia de Espa\u00f1a -Financiaci\u00f3n por la Uni\u00f3n Europea-Next Generation EU (Programa Kit Digital).<\/p>\n<p>El programa Kit Digital est\u00e1 dotado de un presupuesto total de 3.067 millones de euros y tiene como objetivo ayudar a digitalizar a pymes y aut\u00f3nomos de todo el territorio nacional. A trav\u00e9s de diferentes convocatorias, los beneficiarios recibir\u00e1n una ayuda en forma de bono digital para contratar lassoluciones disponibles en el Cat\u00e1logo de Soluciones de Digitalizaci\u00f3n del Programa, recogido en la plataforma Acelera Pyme.<\/p>\n<p>En este contexto, Red.es, organismo p\u00fablico competente para la concesi\u00f3n de las ayudas del Programa Kit Digital, pone en marcha la Convocatoria de ayudas destinadas a la digitalizaci\u00f3n de empresas del Segmento II (entre 3 y menos de 10 empleados)que tiene por objeto la concesi\u00f3n de ayudas a peque\u00f1as empresas, microempresas y personas en situaci\u00f3n de autoempleo para la adopci\u00f3n de soluciones de digitalizaci\u00f3n disponibles en el mercado.<\/p>\n<p><b>El plazo de presentaci\u00f3n de solicitud ser\u00e1 de 12 meses, computando des del 2 de setiembre de 2022 a las 11:00 hasta el 2 de setiembre de 2023 a las 11:00 horas,<\/b> en conformidad con el art\u00edculo 23.2.g) de la Ley 38\/2003, de 17 de noviembre, General de Subvenciones, en relaci\u00f3n con el art\u00edculo 26.1 de las Bases Reguladoras. Este plazo concluir\u00e1 antes si se agotara el cr\u00e9dito presupuestario establecido en el apartado tercero de la presente Convocatoria.<\/p>\n<p>[\/et_pb_text][et_pb_button button_url=&#8221;https:\/\/fomentdeltreball.sharepoint.com\/dqs_documentacion\/Forms\/AllItems.aspx?id=%2Fdqs%5Fdocumentacion%2FSegona%20convocat%C3%B2ria%20kit%20digital%5F129C7ED4A92AED119DB1000D3AB86502%2F2022%5F%2020%20Segona%20Convocatoria%20Kit%20Digital%2Epdf&#038;parent=%2Fdqs%5Fdocumentacion%2FSegona%20convocat%C3%B2ria%20kit%20digital%5F129C7ED4A92AED119DB1000D3AB86502&#038;p=true&#038;ga=1&#8243; _builder_version=&#8221;4.9.0&#8243; _module_preset=&#8221;default&#8221; hover_enabled=&#8221;0&#8243; sticky_enabled=&#8221;0&#8243; button_text=&#8221;Descargar la Circular Num. 20\/22&#8243;][\/et_pb_button][\/et_pb_column][\/et_pb_row][\/et_pb_section]<\/p>\n","protected":false},"excerpt":{"rendered":"<p>[et_pb_section fb_built=&#8221;1&#8243; admin_label=&#8221;section&#8221; _builder_version=&#8221;3.22&#8243; da_disable_devices=&#8221;off|off|off&#8221; da_is_popup=&#8221;off&#8221; da_exit_intent=&#8221;off&#8221; da_has_close=&#8221;on&#8221; da_alt_close=&#8221;off&#8221; da_dark_close=&#8221;off&#8221; da_not_modal=&#8221;on&#8221; da_is_singular=&#8221;off&#8221; da_with_loader=&#8221;off&#8221; da_has_shadow=&#8221;on&#8221;][et_pb_row admin_label=&#8221;row&#8221; _builder_version=&#8221;3.25&#8243; background_size=&#8221;initial&#8221; background_position=&#8221;top_left&#8221; background_repeat=&#8221;repeat&#8221;][et_pb_column type=&#8221;4_4&#8243; _builder_version=&#8221;3.25&#8243; custom_padding=&#8221;|||&#8221; custom_padding__hover=&#8221;|||&#8221;][et_pb_text _builder_version=&#8221;4.9.0&#8243; _module_preset=&#8221;default&#8221;] El pasado 30 de diciembre el Bolet\u00edn Oficial del Estado public\u00f3 la Orden ETD\/1498\/2021, de 29 de diciembre, por la que se aprueban las bases reguladoras de la concesi\u00f3n de [&hellip;]<\/p>\n","protected":false},"author":5,"featured_media":10102,"comment_status":"open","ping_status":"open","sticky":false,"template":"","format":"standard","meta":{"_et_pb_use_builder":"on","_et_pb_old_content":"[et_pb_section fb_built=\"1\" admin_label=\"section\" _builder_version=\"3.22\" da_disable_devices=\"off|off|off\" da_is_popup=\"off\" da_exit_intent=\"off\" da_has_close=\"on\" da_alt_close=\"off\" da_dark_close=\"off\" da_not_modal=\"on\" da_is_singular=\"off\" da_with_loader=\"off\" da_has_shadow=\"on\"][et_pb_row admin_label=\"row\" _builder_version=\"3.25\" background_size=\"initial\" background_position=\"top_left\" background_repeat=\"repeat\"][et_pb_column type=\"4_4\" _builder_version=\"3.25\" custom_padding=\"|||\" custom_padding__hover=\"|||\"][et_pb_text _builder_version=\"4.9.0\" _module_preset=\"default\"]<p>\"Lorem ipsum dolor sit amet, consectetur adipiscing elit, sed do eiusmod tempor incididunt ut labore et dolore magna aliqua. Ut enim ad minim veniam, quis nostrud exercitation ullamco laboris nisi ut aliquip ex ea commodo consequat. Duis aute irure dolor in reprehenderit in voluptate velit esse cillum dolore eu fugiat nulla pariatur. Excepteur sint occaecat cupidatat non proident, sunt in culpa qui officia deserunt mollit anim id est laborum.\"<\/p>[\/et_pb_text][\/et_pb_column][\/et_pb_row][\/et_pb_section]","_et_gb_content_width":""},"categories":[127],"tags":[],"_links":{"self":[{"href":"https:\/\/www.foment.com\/digitalitzat\/es\/wp-json\/wp\/v2\/posts\/9406"}],"collection":[{"href":"https:\/\/www.foment.com\/digitalitzat\/es\/wp-json\/wp\/v2\/posts"}],"about":[{"href":"https:\/\/www.foment.com\/digitalitzat\/es\/wp-json\/wp\/v2\/types\/post"}],"author":[{"embeddable":true,"href":"https:\/\/www.foment.com\/digitalitzat\/es\/wp-json\/wp\/v2\/users\/5"}],"replies":[{"embeddable":true,"href":"https:\/\/www.foment.com\/digitalitzat\/es\/wp-json\/wp\/v2\/comments?post=9406"}],"version-history":[{"count":4,"href":"https:\/\/www.foment.com\/digitalitzat\/es\/wp-json\/wp\/v2\/posts\/9406\/revisions"}],"predecessor-version":[{"id":10130,"href":"https:\/\/www.foment.com\/digitalitzat\/es\/wp-json\/wp\/v2\/posts\/9406\/revisions\/10130"}],"wp:featuredmedia":[{"embeddable":true,"href":"https:\/\/www.foment.com\/digitalitzat\/es\/wp-json\/wp\/v2\/media\/10102"}],"wp:attachment":[{"href":"https:\/\/www.foment.com\/digitalitzat\/es\/wp-json\/wp\/v2\/media?parent=9406"}],"wp:term":[{"taxonomy":"category","embeddable":true,"href":"https:\/\/www.foment.com\/digitalitzat\/es\/wp-json\/wp\/v2\/categories?post=9406"},{"taxonomy":"post_tag","embeddable":true,"href":"https:\/\/www.foment.com\/digitalitzat\/es\/wp-json\/wp\/v2\/tags?post=9406"}],"curies":[{"name":"wp","href":"https:\/\/api.w.org\/{rel}","templated":true}]}}