{"id":9597,"date":"2021-11-09T10:58:48","date_gmt":"2021-11-09T08:58:48","guid":{"rendered":"https:\/\/www.foment.com\/digitalitzat\/?p=9597"},"modified":"2021-11-09T10:58:52","modified_gmt":"2021-11-09T08:58:52","slug":"foment-del-treball-y-la-feria-del-audiovisual-ise-firman-un-acuerdo-de-colaboracion","status":"publish","type":"post","link":"https:\/\/www.foment.com\/digitalitzat\/es\/foment-del-treball-y-la-feria-del-audiovisual-ise-firman-un-acuerdo-de-colaboracion\/","title":{"rendered":"Foment del Treball y la feria del audiovisual ISE firman un acuerdo de colaboraci\u00f3n"},"content":{"rendered":"<p>[et_pb_section fb_built=&#8221;1&#8243; admin_label=&#8221;section&#8221; _builder_version=&#8221;3.22&#8243; da_disable_devices=&#8221;off|off|off&#8221; da_is_popup=&#8221;off&#8221; da_exit_intent=&#8221;off&#8221; da_has_close=&#8221;on&#8221; da_alt_close=&#8221;off&#8221; da_dark_close=&#8221;off&#8221; da_not_modal=&#8221;on&#8221; da_is_singular=&#8221;off&#8221; da_with_loader=&#8221;off&#8221; da_has_shadow=&#8221;on&#8221;][et_pb_row admin_label=&#8221;row&#8221; _builder_version=&#8221;3.25&#8243; background_size=&#8221;initial&#8221; background_position=&#8221;top_left&#8221; background_repeat=&#8221;repeat&#8221;][et_pb_column type=&#8221;4_4&#8243; _builder_version=&#8221;3.25&#8243; custom_padding=&#8221;|||&#8221; custom_padding__hover=&#8221;|||&#8221;][et_pb_text _builder_version=&#8221;4.9.0&#8243; _module_preset=&#8221;default&#8221; hover_enabled=&#8221;0&#8243; sticky_enabled=&#8221;0&#8243;]<\/p>\n<div>\n<p class=\"subtitle\">Barcelona ser\u00e1 la nueva sede permanente del mayor certamen mundial de integraci\u00f3n de sistemas audiovisuales<\/p>\n<p>&nbsp;<\/p>\n<\/div>\n<div class=\"entry-meta\">\n<p><span style=\"color: #999999;\">9 de noviembre de 2021<\/span><\/p>\n<p>&nbsp;<\/p>\n<\/div>\n<div class=\"entry-content\">\n<div class=\"wpb_row vc_row-fluid standard-section section  section-no-parallax  stretch   \" data-speed=\"1\">\n<div class=\"col span_12 color-dark left\">\n<div class=\"vc_col-sm-12 wpb_column column_container col no-padding color-dark\" data-animation=\"\" data-delay=\"\">\n<div class=\"wpb_wrapper\">\n<div class=\"wpb_text_column wpb_content_element \">\n<div class=\"wpb_wrapper\">\n<ul>\n<li><strong>El ISE est\u00e1 reconocido como la feria del audiovisual m\u00e1s grande del mundo, destino europeo de una industria global.<\/strong><\/li>\n<li><strong>El director general de ISE, Mike Blackman, y el presidente de Foment, Josep S\u00e1nchez Llibre, han firmado el acuerdo de colaboraci\u00f3n entre ambas entidades.<\/strong><br \/><strong>Las empresas de Foment dispondr\u00e1n de entradas al ISE Barcelona 2022, adem\u00e1s de un tour guiado por este en funci\u00f3n de sus intereses, y un ciclo de sesiones coorganizadas conjuntamente.<\/strong><\/li>\n<li><strong>El\u00a0<a href=\"https:\/\/www.clusteraudiovisual.cat\/\">Cl\u00faster Audiovisual de Catalu\u00f1a<\/a>, socio colectivo de Foment que integra a las principales empresas e instituciones que alcanzan toda la red de valor del sector audiovisual, tambi\u00e9n participa en esta colaboraci\u00f3n para potenciar la industria audiovisual y conectarla con las empresas y las nuevas tecnolog\u00edas.<\/strong><\/li>\n<\/ul>\n<p>Foment del Treball y el\u00a0<a href=\"http:\/\/www.iseurope.org\/\"><strong>Integrated Systems Europe (ISE)<\/strong><\/a>\u00a0inician una estrecha colaboraci\u00f3n para situar a la industria audiovisual en el centro de la estrategia econ\u00f3mica y cultural del pa\u00eds. El ISE es la feria del audiovisual m\u00e1s grande del mundo, y en la edici\u00f3n 2022 abrir\u00e1 por primera vez las puertas de su congreso en Barcelona del 1 al 4 de febrero. Foment y el ISE suman esfuerzos para conectar el tejido empresarial, el ecosistema tecnol\u00f3gico, y la industria audiovisual, facilitando as\u00ed la promoci\u00f3n de iniciativas emprendedoras y oportunidades de negocio en este sector.<\/p>\n<p>El director general de ISE,\u00a0<strong>Mike Blackman<\/strong>, y el presidente de Foment,\u00a0<strong>Josep S\u00e1nchez Llibre<\/strong>, han firmado el acuerdo de colaboraci\u00f3n en la sede de la patronal catalana, junto con el manager del Cl\u00faster Audiovisual de Catalu\u00f1a,\u00a0<strong>Eduard Gil<\/strong>\u00a0-como principal asociaci\u00f3n representante del sector en el \u00e1mbito catal\u00e1n-, el secretario general de la patronal catalana,\u00a0<strong>David Tornos<\/strong>, y la directora d\u2019Innovaci\u00f3 d\u2019aquesta,\u00a0<strong>Maria Mora<\/strong>.<\/p>\n<p>Con este acuerdo de colaboraci\u00f3n, las empresas asociadas a Foment dispondr\u00e1n de entradas para acceder al ISE Barcelona 2022, adem\u00e1s de un tour guiado por este en funci\u00f3n de sus intereses, y un ciclo de sesiones coorganizadas conjuntamente para acercar el ISE a la comunidad de Foment.<\/p>\n<p>El audiovisual es un sector de larga tradici\u00f3n en Catalu\u00f1a, que se caracteriza por la capacidad emprendedora y de creaci\u00f3n de nuevos formatos o producciones innovadoras de gran reconocimiento y prestigio. En la actualidad, la industria audiovisual catalana da trabajo a 26.651 personas, cuenta con 1.102 empresas, y engloba una facturaci\u00f3n total de 6.702 millones de euros.<\/p>\n\n<p><span style=\"color: #ba1a00;\"><strong>Sobre la feria audiovisual ISE<\/strong><\/span><\/p>\n<p>Integrated Systems Europe celebr\u00f3 su primera edici\u00f3n de la feria el 2004 en Ginebra. En ella, alberg\u00f3 120 expositores y atrajo 3.500 visitantes. De este modo, estableci\u00f3 las bases para un crecimiento sin precedentes de la feria anual a lo largo de los a\u00f1os, ofreciendo en su \u00faltima edici\u00f3n de 2020 celebrada en \u00c1msterdam, m\u00e1s de 1.300 expositores y 116.00 visitas.<\/p>\n<p>El ISE ya es reconocida como la feria de integraci\u00f3n de sistemas audiovisuales m\u00e1s grande del mundo, destino europeo de una industria verdaderamente global.<\/p>\n<p>La Feria-Grande V\u00eda de Barcelona ser\u00e1 la nueva sede permanente del mayor certamen mundial de integraci\u00f3n de sistemas audiovisuales.<\/p>\n<p><span style=\"color: #ba1a00;\"><strong>Sobre el Cl\u00faster Audiovisual de Catalunya<\/strong><\/span><\/p>\n<p>El Cl\u00faster Audiovisual de Catalu\u00f1a integra las principales empresas e instituciones, de dimensiones diversas, que alcanzan toda la red de valor del sector audiovisual, actuando como columna vertebral de la industria audiovisual catalana.<\/p>\n<p>Hay que considerar el audiovisual como un macro sector (la audici\u00f3n y la visi\u00f3n simult\u00e1neas) que alcanza muchos segmentos de negocio diferentes. Actualmente, el uso de voz e im\u00e1genes se puede encontrar, por lo tanto, en muchos sectores econ\u00f3micos que no son exclusivamente audiovisuales, como por ejemplo la educaci\u00f3n, la salud, la dom\u00f3tica, etc.<\/p>\n<p>El Cl\u00faster Audiovisual de Catalu\u00f1a es una red de valor que integra dos segmentos de negocio principales: Entertainment &amp; Media por un lado, y Comunicaci\u00f3n, Publicidad y Acontecimientos por el otro. Dentro de estos se incluyen una larga lista de negocios en los \u00e1mbitos de la producci\u00f3n, la postproducci\u00f3n, plat\u00f3s y parques audiovisuales y tecnol\u00f3gicos, distribuci\u00f3n y exhibici\u00f3n (tambi\u00e9n plataformas VOD y festivales), servicios a la producci\u00f3n, televisi\u00f3n y radio y podcast, experiencias inmersivas (VR, AR, XR y hologramas), videojuego, acontecimientos y sistemas integrados, tecnolog\u00eda, y formaci\u00f3n. Todos ellos conforman una red de valor interconectada.<\/p>\n<\/div>\n<\/div>\n<\/div>\n<\/div>\n<\/div>\n<\/div>\n<\/div>\n<p>[\/et_pb_text][\/et_pb_column][\/et_pb_row][\/et_pb_section]<\/p>\n","protected":false},"excerpt":{"rendered":"<p>[et_pb_section fb_built=&#8221;1&#8243; admin_label=&#8221;section&#8221; _builder_version=&#8221;3.22&#8243; da_disable_devices=&#8221;off|off|off&#8221; da_is_popup=&#8221;off&#8221; da_exit_intent=&#8221;off&#8221; da_has_close=&#8221;on&#8221; da_alt_close=&#8221;off&#8221; da_dark_close=&#8221;off&#8221; da_not_modal=&#8221;on&#8221; da_is_singular=&#8221;off&#8221; da_with_loader=&#8221;off&#8221; da_has_shadow=&#8221;on&#8221;][et_pb_row admin_label=&#8221;row&#8221; _builder_version=&#8221;3.25&#8243; background_size=&#8221;initial&#8221; background_position=&#8221;top_left&#8221; background_repeat=&#8221;repeat&#8221;][et_pb_column type=&#8221;4_4&#8243; _builder_version=&#8221;3.25&#8243; custom_padding=&#8221;|||&#8221; custom_padding__hover=&#8221;|||&#8221;][et_pb_text _builder_version=&#8221;4.9.0&#8243; _module_preset=&#8221;default&#8221; hover_enabled=&#8221;0&#8243; sticky_enabled=&#8221;0&#8243;] Barcelona ser\u00e1 la nueva sede permanente del mayor certamen mundial de integraci\u00f3n de sistemas audiovisuales &nbsp; 9 de noviembre de 2021 &nbsp; El ISE est\u00e1 reconocido como la [&hellip;]<\/p>\n","protected":false},"author":5,"featured_media":9601,"comment_status":"open","ping_status":"open","sticky":false,"template":"","format":"standard","meta":{"_et_pb_use_builder":"on","_et_pb_old_content":"","_et_gb_content_width":""},"categories":[127],"tags":[],"_links":{"self":[{"href":"https:\/\/www.foment.com\/digitalitzat\/es\/wp-json\/wp\/v2\/posts\/9597"}],"collection":[{"href":"https:\/\/www.foment.com\/digitalitzat\/es\/wp-json\/wp\/v2\/posts"}],"about":[{"href":"https:\/\/www.foment.com\/digitalitzat\/es\/wp-json\/wp\/v2\/types\/post"}],"author":[{"embeddable":true,"href":"https:\/\/www.foment.com\/digitalitzat\/es\/wp-json\/wp\/v2\/users\/5"}],"replies":[{"embeddable":true,"href":"https:\/\/www.foment.com\/digitalitzat\/es\/wp-json\/wp\/v2\/comments?post=9597"}],"version-history":[{"count":6,"href":"https:\/\/www.foment.com\/digitalitzat\/es\/wp-json\/wp\/v2\/posts\/9597\/revisions"}],"predecessor-version":[{"id":9622,"href":"https:\/\/www.foment.com\/digitalitzat\/es\/wp-json\/wp\/v2\/posts\/9597\/revisions\/9622"}],"wp:featuredmedia":[{"embeddable":true,"href":"https:\/\/www.foment.com\/digitalitzat\/es\/wp-json\/wp\/v2\/media\/9601"}],"wp:attachment":[{"href":"https:\/\/www.foment.com\/digitalitzat\/es\/wp-json\/wp\/v2\/media?parent=9597"}],"wp:term":[{"taxonomy":"category","embeddable":true,"href":"https:\/\/www.foment.com\/digitalitzat\/es\/wp-json\/wp\/v2\/categories?post=9597"},{"taxonomy":"post_tag","embeddable":true,"href":"https:\/\/www.foment.com\/digitalitzat\/es\/wp-json\/wp\/v2\/tags?post=9597"}],"curies":[{"name":"wp","href":"https:\/\/api.w.org\/{rel}","templated":true}]}}