{"id":9755,"date":"2022-01-13T12:46:22","date_gmt":"2022-01-13T10:46:22","guid":{"rendered":"https:\/\/www.foment.com\/digitalitzat\/?p=9755"},"modified":"2022-01-13T12:54:13","modified_gmt":"2022-01-13T10:54:13","slug":"anuncio-de-adhesion-de-agentes-digitalizadores-al-programa-kit-digital","status":"publish","type":"post","link":"https:\/\/www.foment.com\/digitalitzat\/es\/anuncio-de-adhesion-de-agentes-digitalizadores-al-programa-kit-digital\/","title":{"rendered":"Anuncio de Adhesi\u00f3n de Agentes Digitalizadores al programa Kit Digital"},"content":{"rendered":"<p>[et_pb_section fb_built=&#8221;1&#8243; admin_label=&#8221;section&#8221; _builder_version=&#8221;3.22&#8243; da_disable_devices=&#8221;off|off|off&#8221; da_is_popup=&#8221;off&#8221; da_exit_intent=&#8221;off&#8221; da_has_close=&#8221;on&#8221; da_alt_close=&#8221;off&#8221; da_dark_close=&#8221;off&#8221; da_not_modal=&#8221;on&#8221; da_is_singular=&#8221;off&#8221; da_with_loader=&#8221;off&#8221; da_has_shadow=&#8221;on&#8221;][et_pb_row admin_label=&#8221;row&#8221; _builder_version=&#8221;3.25&#8243; background_size=&#8221;initial&#8221; background_position=&#8221;top_left&#8221; background_repeat=&#8221;repeat&#8221;][et_pb_column type=&#8221;4_4&#8243; _builder_version=&#8221;3.25&#8243; custom_padding=&#8221;|||&#8221; custom_padding__hover=&#8221;|||&#8221;][et_pb_text _builder_version=&#8221;4.9.0&#8243; _module_preset=&#8221;default&#8221; hover_enabled=&#8221;0&#8243; sticky_enabled=&#8221;0&#8243;]<\/p>\n<p><span style=\"color: #999999;\">13 de enero de 2022<\/span><\/p>\n<p>El pasado 10 de enero se public\u00f3 el <a href=\"https:\/\/sede.red.gob.es\/es\/procedimientos\/anuncio-de-adhesion-de-agentes-digitalizadores-al-programa-de-ayudas-para-la\">Anuncio de adhesi\u00f3n de Agentes Digitalizadores en el Programa Kit Digital<\/a> (en adelante \u201cAnuncio de Adhesi\u00f3n\u201d), de acuerdo con la <a href=\"https:\/\/www.boe.es\/eli\/es\/o\/2021\/12\/29\/etd1498\">Orden ETD\/1498\/2021<\/a> de 29 de diciembre, por la que se aprueban las bases reguladoras de la concesi\u00f3n de ayudas para la digitalizaci\u00f3n de peque\u00f1as empresas, microempresas y personas en situaci\u00f3n de autoempleo, en el marco de la Agenda Espa\u00f1a Digital 2025, el Plan de Digitalizaci\u00f3n PYMEs 2021- 2025 y el Plan de Recuperaci\u00f3n, Transformaci\u00f3n y Resiliencia de Espa\u00f1a -Financiaci\u00f3n por la Uni\u00f3n Europea- Next Generation EU (Programa Kit Digital) (en adelante \u201cOrden de Bases\u201d).<\/p>\n<p>De acuerdo con la Orden de Bases, los Agentes Digitalizadores ser\u00e1n los agentes encargados de prestar los correspondientes servicios y soluciones digitales a las empresas beneficiarias del Programa a trav\u00e9s de Acuerdos de Prestaci\u00f3n de Soluciones Digitales, cuyos modelos quedar\u00e1n establecidos en cada convocatoria.<\/p>\n<p><span style=\"color: #c12238;\"><strong>Requisitos de participaci\u00f3n<\/strong><\/span><br \/>Podr\u00e1n obtener la condici\u00f3n de Agente Digitalizador Adherido aquellas empresas, seg\u00fan la definici\u00f3n del Anexo I del Reglamento (UE) n\u00fam. 651\/2014 de la Comisi\u00f3n, que cumplan los siguientes requisitos:<br \/>&#8211; Una facturaci\u00f3n acumulada de al menos 100.000 euros en los dos a\u00f1os anteriores a contar desde el momento de la presentaci\u00f3n de la solicitud de adhesi\u00f3n, o 50.000 euros en el a\u00f1o anterior, en proyectos similares a los que deben desarrollarse para los beneficiarios. Para el caso de las personas en situaci\u00f3n de autoempleo sin trabajadores a su cargo, la facturaci\u00f3n acumulada deber\u00e1 ser de, al menos, de 70.000 euros o 35.000, respectivamente.<br \/>&#8211; Estar al corriente de las obligaciones tributarias y frente a la Seguridad Social.<br \/>&#8211; No tener la consideraci\u00f3n de empresa en crisis.<br \/>&#8211; Acreditar tener domicilio fiscal y centro de prestaci\u00f3n de las actividades objeto de subvenci\u00f3n en la Uni\u00f3n Europea.<br \/>&#8211; Disponer, en el momento de la solicitud, de una p\u00e1gina web dedicada al Programa Kit Digital en un nombre de dominio del agente digitalizador, con el contenido m\u00ednimo indicado en el anexo II del Anuncio de Adhesi\u00f3n .<br \/>La informaci\u00f3n m\u00ednima que debe contener el portal web del Agente Digitalizador es la siguiente:<br \/>&#8211; Mostrar que se trata de una informaci\u00f3n asociada a la convocatoria de ayudas del Programa Kit Digital, con menci\u00f3n expresa a los fondos europeos Next Generation EU dentro del Plan de Recuperaci\u00f3n Transformaci\u00f3n y Resiliencia. Tambi\u00e9n ser\u00e1 necesario incluir el logo oficial de los fondos \u201cNext Generation EU\u201d, as\u00ed como los logos oficiales del programa Kit Digital, que estar\u00e1n disponible en el Portal Acelerpyme.<br \/>&#8211; Para cada uno de los paquetes de digitalizaci\u00f3n para los que el interesado solicita incorporarse al Cat\u00e1logo de Digitalizadores Adheridos deber\u00e1 incluir informaci\u00f3n sobre la categor\u00eda de soluciones de digitalizaci\u00f3n a la que pertenece la soluci\u00f3n, el nombre de la soluci\u00f3n, la descripci\u00f3n de la soluci\u00f3n y servicios ofrecidos y, en su caso, el segmento de tama\u00f1o de beneficiario al que va dirigido y el precio o rango de precios de las soluciones.<\/p>\n<p><span style=\"color: #c12238;\"><strong>Obligaciones de los Agentes Digitalitzadores<\/strong><\/span><br \/>Las obligaciones de los Agentes Digitalizadores ser\u00e1n las establecidas en los art\u00edculos 11 y 12 de la Orden de Bases y en el Anuncio de Adhesi\u00f3n, donde consta colaborar con la difusi\u00f3n y la justificaci\u00f3n y otros aspectos como los siguientes:<br \/>a) Comunicar, en caso de requerimiento por parte de la Entidad P\u00fablica Empresarial Red.es, las empresas contratadas, en caso de que las hubiere, con las que prestar\u00e1 cada una de las soluciones de digitalizaci\u00f3n, as\u00ed como el empleo generado tanto en el Agente Digitalizador como en las diferentes empresas contratadas, si procede.<br \/>b) Mencionar, en las acciones de comunicaci\u00f3n, publicaciones, p\u00e1ginas web o similares realizadas para la difusi\u00f3n de su condici\u00f3n de adheridos al Cat\u00e1logo de Soluciones de Digitalizaci\u00f3n del Programa, que la financiaci\u00f3n de las ayudas se efect\u00faa con fondos del Plan de Recuperaci\u00f3n, Transformaci\u00f3n y Resiliencia de Espa\u00f1a, financiado por el Plan europeo Next Generation EU.<br \/>c) No promocionar a trav\u00e9s de los canales y medios del Programa Kit Digital productos y servicios que no correspondan con las referencias publicadas en el Cat\u00e1logo y no condicionar al beneficiario para que contrate cualquier otro producto que no corresponda el citado Cat\u00e1logo de soluciones.<br \/>d) Cumplir con el principio de \u201cno causar da\u00f1o significativo\u201d recogido en el Reglamento (UE) 2020\/852, del Parlamento Europeo y del Consejo, de 18 de junio de 2020, en todas las fases del dise\u00f1o y ejecuci\u00f3n.<br \/>e) Cumplir todas las condiciones establecidas en el Anuncio de Adhesi\u00f3n por ser agente digitalizador, incluyendo la acreditaci\u00f3n del cumplimiento de los requisitos de participaci\u00f3n.<\/p>\n<p><span style=\"color: #c12238;\"><strong>DESTACADO<\/strong><\/span>. En el supuesto de los Agentes Digitalizadores Adheridos de m\u00e1s de 1.000 empleados o que tengan un volumen anual de negocios superior a 100 millones de euros, prestar los servicios obligatoriamente en toda la geograf\u00eda espa\u00f1ola, mediante su propia red comercial oa trav\u00e9s de terceros contratados.<\/p>\n<p>En estos casos, los Agentes Digitalizadores tendr\u00e1n que ejecutar, a trav\u00e9s de las empresas que contraten, menos el 50% del volumen de negocio obtenido como consecuencia de los acuerdos de Prestaci\u00f3n de Servicios de Digitalizaci\u00f3n suscritos en el marco del Programa Kit Digital. Este volumen se acreditar\u00e1 mediante declaraci\u00f3n trimestral, que incluir\u00e1 la inscripci\u00f3n de las empresas contratadas para la comercializaci\u00f3n y prestaci\u00f3n de las soluciones de digitalizaci\u00f3n comercializadas y el importe ejecutado, que deber\u00e1 remitir cada Agente Digitalizador a la Entidad P\u00fablica Empresarial Red. es mediante un formulario habilitado a trav\u00e9s de la Sede Electr\u00f3nica.<\/p>\n<p><span style=\"color: #c12238;\"><strong>Solicitud de participaci\u00f3n y plazos<\/strong><\/span><\/p>\n<p>Los interesados \u200b\u200ben obtener la condici\u00f3n de Agente Digitalizador tendr\u00e1n que solicitar su adhesi\u00f3n a la Sede Electr\u00f3nica de la Entidad P\u00fablica Empresarial RED.ES, [https:\/\/sede.red.gob.es\/], mediante el formulario habilidad acompa\u00f1ado de la documentaci\u00f3n acreditativa establecida en el Anexo I del Anuncio de Adhesi\u00f3n. La solicitud tambi\u00e9n podr\u00e1 ser presentada por un representante legal de la entidad solicitante debidamente apoderado.<\/p>\n<p>Los interesados \u200b\u200bs\u00f3lo podr\u00e1n actuar como Agentes Digitalizadores Adheridos para las soluciones digitales que indiquen en su solicitud. Pasados \u200b\u200bseis meses desde la fecha de adhesi\u00f3n se podr\u00e1 solicitar la modificaci\u00f3n de las categor\u00edas de soluciones de digitalizaci\u00f3n, dentro del Cat\u00e1logo de Soluciones indicado en la Orden de Bases.<\/p>\n<p>El plazo m\u00e1ximo para resolver y notificar la resoluci\u00f3n no podr\u00e1 exceder de seis meses desde la presentaci\u00f3n de la solicitud por parte del interesado, salvo que \u00e9sta posponga sus efectos a una fecha posterior. En caso de no haberse notificado la resoluci\u00f3n leg\u00edtima en el transcurso del plazo, se entender\u00e1 por desestimada la solicitud por silencio administrativo.<\/p>\n<p>La adhesi\u00f3n de Agentes Digitalizadores se mantendr\u00e1 abierta hasta que finalice la vigencia del Programa Kit Digital.<\/p>\n<p><span style=\"color: #c12238;\"><strong>Acreditaci\u00f3n del cumplimiento de los requisitos de participaci\u00f3n\u00a0<\/strong><\/span><\/p>\n<p>Conforme l&#8217;annex I de l&#8217;Anunci d&#8217;Adhesi\u00f3, les sol\u00b7licituds es presentaran a trav\u00e9s del formulari espec\u00edfic publicat a la Seu Electr\u00f2nica de Red.es i hauran d&#8217;estar signades digitalment per un representant del sol\u00b7licitant degudament apoderat.<\/p>\n<p>L\u2019interessat podr\u00e0 autoritzar la consulta d\u2019ofici dels requisits de participaci\u00f3, i en cas que la consulta d&#8217;ofici no sigui concloent, Red.es sol\u00b7licitar\u00e0 en fase d&#8217;esmena la documentaci\u00f3 seg\u00fcent:<\/p>\n<p><strong>I. Acreditaci\u00f3 de la representaci\u00f3 del signant<\/strong><br \/>Independentment d&#8217;autoritzar-se la consulta d&#8217;ofici, l&#8217;interessat haur\u00e0 de presentar almenys un dels documents seg\u00fcents:<br \/>a) Escriptura p\u00fablica d&#8217;apoderament.<br \/>b) Escriptura de constituci\u00f3, estatuts i\/o certificats en vigor de l&#8217;acte de nomenament, dels quals resulti que la persona o persones que signen la sol\u00b7licitud tenen prou poder per actuar en representaci\u00f3 de l&#8217;entitat sol\u00b7licitant.<br \/>c) Escriptura de constituci\u00f3, estatuts, o acta fundacional on hi consti informaci\u00f3 suficient per a l&#8217;acreditaci\u00f3 d&#8217;aquest requisit.<br \/>d) En cas d&#8217;empresaris individuals (aut\u00f2noms), fotoc\u00f2pia del document nacional d&#8217;identitat (DNI) o n\u00famero d&#8217;identitat d&#8217;estranger (NIE).<\/p>\n<p><strong>II. Acreditaci\u00f3 de tenir domicili fiscal i centre de prestaci\u00f3 de les activitats objectes de subvenci\u00f3 a la Uni\u00f3 Europea<\/strong><br \/>Per al cas de domicili fiscal i centre de prestaci\u00f3 de les activitats en espanyol, caldr\u00e0 presentar un certificat de situaci\u00f3 censal o resid\u00e8ncia fiscal de l\u00b4Administraci\u00f3 Tribut\u00e0ria corresponent.<br \/>Per al cas de domicili fiscal i centre de prestaci\u00f3 de les activitats en territori de la Uni\u00f3 Europea diferent a Espanya, caldr\u00e0 presentar un certificat o qualsevol altra documentaci\u00f3 en qu\u00e8 s&#8217;indiqui clarament el domicili fiscal o establiment permanent al territori de la Uni\u00f3 Europea.<\/p>\n<p><strong>III. Volum de facturaci\u00f3 dels dos \u00faltims exercicis tancats anteriors a la presentaci\u00f3 de la sol\u00b7licitud<\/strong><br \/>Caldr\u00e0 presentar la documentaci\u00f3 de l\u2019Impost de societats (Model 200) o qualsevol altre model oficial que determini l&#8217;autoritat fiscal on l&#8217;Agent Digitalitzador desenvolupi la seva activitat.<br \/>En el cas, de persones en situaci\u00f3 d&#8217;autoocupaci\u00f3, ser\u00e0 necess\u00e0ria presentaci\u00f3 de la declaraci\u00f3 d&#8217;IRPF (model 100) o qualsevol altre model oficial que determina l&#8217;autoritat fiscal on l&#8217;agent digitalitzador desenvolupi la seva activitat.<\/p>\n<p><strong>IV. Plantilla mitjana de treballadors<\/strong><br \/>Caldr\u00e0 presentar un certificat de plantilla mitjana de treballadors en situaci\u00f3 d&#8217;alta, em\u00e8s per la Tresoreria General de la Seguretat Social, per cada codi de compte de cotitzaci\u00f3 que tingui donat d&#8217;alta, del darrer exercici tancat, o qualsevol altre document oficial em\u00e8s per l&#8217;autoritat competent de cada estat membre de la Uni\u00f3 Europea.<\/p>\n<p><strong>V. Volum de facturaci\u00f3 en projectes similars<\/strong><br \/>Conforme al punt 1.a) de l&#8217;apartat tercer de l&#8217;Anunci d&#8217;Adhesi\u00f3, els sol\u00b7licitants hauran d&#8217;acreditar la facturaci\u00f3 en projectes similars als que s&#8217;han de desenvolupar per als beneficiaris de qualsevol de les categories de les solucions de digitalitzaci\u00f3. Per aix\u00f2, s\u2019haur\u00e0 de presentar una declaraci\u00f3 responsable on s&#8217;indiqui de forma expressa el llistat de treballs en projectes similars, que s&#8217;habilitar\u00e0 al formulari de sol\u00b7licitud de la Seu Electr\u00f2nica de Red.es.<\/p>\n<p><strong>VI. Acreditaci\u00f3 de la condici\u00f3 d\u2019empresa<\/strong><br \/>Caldr\u00e0 presentar un certificat de situaci\u00f3 censal de l\u2019Administraci\u00f3 Tribut\u00e0ria corresponent o qualsevol altre model oficial que determina l\u2019autoritat fiscal en qu\u00e8 sindiqui clarament que l\u2019entitat sol\u00b7licitant t\u00e9 la condici\u00f3 d\u2019empresa i la data d\u2019alta de la seva activitat.<\/p>\n<p><strong>VII. Acreditaci\u00f3 d\u2019estar al corrent de les seves obligacions tribut\u00e0ries i davant la Seguretat Social<\/strong><br \/>S\u2019haur\u00e0 d\u2019acreditar aquest requisit amb la seg\u00fcent documentaci\u00f3:<br \/>&#8211; C\u00f2pia electr\u00f2nica en format PDF del corresponent certificat acreditatiu del compliment de les obligacions davant d&#8217;Hisenda, expedit per l&#8217;Administraci\u00f3 Tribut\u00e0ria corresponent. Haur\u00e0 d&#8217;estar expedit a nom de l&#8217;entitat sol\u00b7licitant (no a nom del seu representant), estar en vigor, i indicar que t\u00e9 car\u00e0cter positiu.<br \/>&#8211; C\u00f2pia electr\u00f2nica en format PDF del corresponent certificat acreditatiu del compliment de les obligacions davant de l\u2019Administraci\u00f3 corresponent de la Seguretat Social. Haur\u00e0 d&#8217;estar expedit a nom de l&#8217;entitat sol\u00b7licitant (no a nom del seu representant), estar en vigor i indicar que no t\u00e9 pendent d&#8217;ingr\u00e9s cap reclamaci\u00f3 per deutes ja ven\u00e7uts amb la Seguretat Social.<\/p>\n<p><strong>VIII. Altra documentaci\u00f3<\/strong><br \/>El formulari de sol\u00b7licitud tamb\u00e9 inclour\u00e0 les seg\u00fcents declaracions:<br \/>&#8211; Declaraci\u00f3 responsable d\u2019abs\u00e8ncia de conflicte d\u2019interessos.<br \/>&#8211; Declaraci\u00f3 responsable de cessi\u00f3 i tractament de dades en relaci\u00f3 amb l&#8217;execuci\u00f3 d&#8217;actuacions del Pla de Recuperaci\u00f3, Transformaci\u00f3 i Resili\u00e8ncia (PRTR).<br \/>&#8211; Declaraci\u00f3 responsable de comprom\u00eds amb relaci\u00f3 a l&#8217;execuci\u00f3 d&#8217;actuacions del Pla de Recuperaci\u00f3, Transformaci\u00f3 i Resili\u00e8ncia (PRTR) i compliment del principi de no causar dany significatiu (DNSH), d&#8217;acord amb l&#8217;article 11 de l&#8217;Ordre de Bases.<\/p>\n<p>[\/et_pb_text][\/et_pb_column][\/et_pb_row][\/et_pb_section]<\/p>\n","protected":false},"excerpt":{"rendered":"<p>[et_pb_section fb_built=&#8221;1&#8243; admin_label=&#8221;section&#8221; _builder_version=&#8221;3.22&#8243; da_disable_devices=&#8221;off|off|off&#8221; da_is_popup=&#8221;off&#8221; da_exit_intent=&#8221;off&#8221; da_has_close=&#8221;on&#8221; da_alt_close=&#8221;off&#8221; da_dark_close=&#8221;off&#8221; da_not_modal=&#8221;on&#8221; da_is_singular=&#8221;off&#8221; da_with_loader=&#8221;off&#8221; da_has_shadow=&#8221;on&#8221;][et_pb_row admin_label=&#8221;row&#8221; _builder_version=&#8221;3.25&#8243; background_size=&#8221;initial&#8221; background_position=&#8221;top_left&#8221; background_repeat=&#8221;repeat&#8221;][et_pb_column type=&#8221;4_4&#8243; _builder_version=&#8221;3.25&#8243; custom_padding=&#8221;|||&#8221; custom_padding__hover=&#8221;|||&#8221;][et_pb_text _builder_version=&#8221;4.9.0&#8243; _module_preset=&#8221;default&#8221; hover_enabled=&#8221;0&#8243; sticky_enabled=&#8221;0&#8243;] 13 de enero de 2022 El pasado 10 de enero se public\u00f3 el Anuncio de adhesi\u00f3n de Agentes Digitalizadores en el Programa Kit Digital (en adelante \u201cAnuncio de [&hellip;]<\/p>\n","protected":false},"author":6,"featured_media":9967,"comment_status":"open","ping_status":"open","sticky":false,"template":"","format":"standard","meta":{"_et_pb_use_builder":"on","_et_pb_old_content":"","_et_gb_content_width":""},"categories":[127],"tags":[],"_links":{"self":[{"href":"https:\/\/www.foment.com\/digitalitzat\/es\/wp-json\/wp\/v2\/posts\/9755"}],"collection":[{"href":"https:\/\/www.foment.com\/digitalitzat\/es\/wp-json\/wp\/v2\/posts"}],"about":[{"href":"https:\/\/www.foment.com\/digitalitzat\/es\/wp-json\/wp\/v2\/types\/post"}],"author":[{"embeddable":true,"href":"https:\/\/www.foment.com\/digitalitzat\/es\/wp-json\/wp\/v2\/users\/6"}],"replies":[{"embeddable":true,"href":"https:\/\/www.foment.com\/digitalitzat\/es\/wp-json\/wp\/v2\/comments?post=9755"}],"version-history":[{"count":5,"href":"https:\/\/www.foment.com\/digitalitzat\/es\/wp-json\/wp\/v2\/posts\/9755\/revisions"}],"predecessor-version":[{"id":9773,"href":"https:\/\/www.foment.com\/digitalitzat\/es\/wp-json\/wp\/v2\/posts\/9755\/revisions\/9773"}],"wp:featuredmedia":[{"embeddable":true,"href":"https:\/\/www.foment.com\/digitalitzat\/es\/wp-json\/wp\/v2\/media\/9967"}],"wp:attachment":[{"href":"https:\/\/www.foment.com\/digitalitzat\/es\/wp-json\/wp\/v2\/media?parent=9755"}],"wp:term":[{"taxonomy":"category","embeddable":true,"href":"https:\/\/www.foment.com\/digitalitzat\/es\/wp-json\/wp\/v2\/categories?post=9755"},{"taxonomy":"post_tag","embeddable":true,"href":"https:\/\/www.foment.com\/digitalitzat\/es\/wp-json\/wp\/v2\/tags?post=9755"}],"curies":[{"name":"wp","href":"https:\/\/api.w.org\/{rel}","templated":true}]}}