{"id":10166,"date":"2022-11-29T12:02:15","date_gmt":"2022-11-29T10:02:15","guid":{"rendered":"https:\/\/www.foment.com\/digitalitzat\/?p=10166"},"modified":"2022-11-29T16:34:23","modified_gmt":"2022-11-29T14:34:23","slug":"generacio-digital-agents-del-canvi","status":"publish","type":"post","link":"https:\/\/www.foment.com\/digitalitzat\/generacio-digital-agents-del-canvi\/","title":{"rendered":"GENERACI\u00d3 DIGITAL: AGENTS DEL CANVI"},"content":{"rendered":"<p>[et_pb_section fb_built=&#8221;1&#8243; admin_label=&#8221;section&#8221; _builder_version=&#8221;3.22&#8243; da_disable_devices=&#8221;off|off|off&#8221; da_is_popup=&#8221;off&#8221; da_exit_intent=&#8221;off&#8221; da_has_close=&#8221;on&#8221; da_alt_close=&#8221;off&#8221; da_dark_close=&#8221;off&#8221; da_not_modal=&#8221;on&#8221; da_is_singular=&#8221;off&#8221; da_with_loader=&#8221;off&#8221; da_has_shadow=&#8221;on&#8221;][et_pb_row admin_label=&#8221;row&#8221; _builder_version=&#8221;3.25&#8243; background_size=&#8221;initial&#8221; background_position=&#8221;top_left&#8221; background_repeat=&#8221;repeat&#8221;][et_pb_column type=&#8221;4_4&#8243; _builder_version=&#8221;3.25&#8243; custom_padding=&#8221;|||&#8221; custom_padding__hover=&#8221;|||&#8221;][et_pb_text admin_label=&#8221;Text&#8221; _builder_version=&#8221;4.9.0&#8243; _module_preset=&#8221;default&#8221; width=&#8221;100%&#8221;]<\/p>\n<p id=\"tw-target-text\" class=\"tw-data-text tw-text-large tw-ta\" dir=\"ltr\" data-placeholder=\"Traducci\u00f3n\"><span class=\"Y2IQFc\" lang=\"ca\" style=\"font-family: verdana, geneva, sans-serif;\">El passat 15 de novembre es van publicar les bases reguladores per a la concessi\u00f3 de subvencions del <strong>&#8220;Programa Generaci\u00f3 Digital: Agents del Canvi&#8221;<\/strong>.<\/span><\/p>\n<p class=\"tw-data-text tw-text-large tw-ta\" dir=\"ltr\" style=\"text-align: left;\" data-placeholder=\"Traducci\u00f3n\"><span class=\"Y2IQFc\" lang=\"ca\" style=\"font-family: verdana, geneva, sans-serif;\">L&#8217;objectiu d&#8217;aquestes ajudes \u00e9s oferir als joves i priorit\u00e0riament a les persones en situaci\u00f3 d&#8217;atur i les dones, els coneixements i les habilitats necess\u00e0ries per a la seva incorporaci\u00f3 al mercat laboral com a agents de transformaci\u00f3 digital, desenvolupant i implementant la fulla de ruta de la Digitalitzaci\u00f3 de la Pyme i reduint la desigualtat de g\u00e8nere, incrementant el nombre de dones formades i treballadores en el sector TIC.<\/span><\/p>\n<p class=\"tw-data-text tw-text-large tw-ta\" dir=\"ltr\" style=\"text-align: left;\" data-placeholder=\"Traducci\u00f3n\"><span class=\"Y2IQFc\" lang=\"ca\" style=\"font-family: verdana, geneva, sans-serif;\">Els beneficiaris de les accions formatives s\u00f3n els joves que treballen en pimes d&#8217;entre 10 i 259 treballadors (fins a un m\u00e0xim de 3 treballadors per empresa) i els joves que estan en situaci\u00f3 d&#8217;atur. <\/span><\/p>\n<p class=\"tw-data-text tw-text-large tw-ta\" dir=\"ltr\" style=\"text-align: left;\" data-placeholder=\"Traducci\u00f3n\"><span class=\"Y2IQFc\" lang=\"ca\" style=\"font-family: verdana, geneva, sans-serif;\">El termini de presentaci\u00f3 de sol\u00b7licituds per part de les entitats de formaci\u00f3 es va iniciar el dia <strong>15 de novembre de 2022 i finalitzar\u00e0 el 15 de desembre de 2022.<br \/><\/strong><\/span><span class=\"Y2IQFc\" lang=\"ca\" style=\"font-family: verdana, geneva, sans-serif;\"><\/span><\/p>\n<p class=\"tw-data-text tw-text-large tw-ta\" dir=\"ltr\" style=\"text-align: left;\" data-placeholder=\"Traducci\u00f3n\"><span class=\"Y2IQFc\" lang=\"ca\" style=\"font-family: verdana, geneva, sans-serif;\">Per als treballadors de pymes interessats en participar, el termini de presentaci\u00f3 de sol\u00b7licituds encara que no s&#8217;ha especificat.<\/span><\/p>\n<p>[\/et_pb_text][et_pb_button button_url=&#8221;https:\/\/fomentdeltreball.sharepoint.com\/:b:\/g\/ES8B58VdTfFOp3GfJxzBPTQBU__l0Q4VMzBVeyJLj14gCA?e=jKDrsM&#8221; button_text=&#8221;M\u00c9S INFORMACI\u00d3 AQU\u00cd&#8221; admin_label=&#8221;Button&#8221; _builder_version=&#8221;4.9.0&#8243; _module_preset=&#8221;default&#8221;][\/et_pb_button][\/et_pb_column][\/et_pb_row][\/et_pb_section]<\/p>\n","protected":false},"excerpt":{"rendered":"<p>[et_pb_section fb_built=&#8221;1&#8243; admin_label=&#8221;section&#8221; _builder_version=&#8221;3.22&#8243; da_disable_devices=&#8221;off|off|off&#8221; da_is_popup=&#8221;off&#8221; da_exit_intent=&#8221;off&#8221; da_has_close=&#8221;on&#8221; da_alt_close=&#8221;off&#8221; da_dark_close=&#8221;off&#8221; da_not_modal=&#8221;on&#8221; da_is_singular=&#8221;off&#8221; da_with_loader=&#8221;off&#8221; da_has_shadow=&#8221;on&#8221;][et_pb_row admin_label=&#8221;row&#8221; _builder_version=&#8221;3.25&#8243; background_size=&#8221;initial&#8221; background_position=&#8221;top_left&#8221; background_repeat=&#8221;repeat&#8221;][et_pb_column type=&#8221;4_4&#8243; _builder_version=&#8221;3.25&#8243; custom_padding=&#8221;|||&#8221; custom_padding__hover=&#8221;|||&#8221;][et_pb_text admin_label=&#8221;Text&#8221; _builder_version=&#8221;4.9.0&#8243; _module_preset=&#8221;default&#8221; width=&#8221;100%&#8221;] El passat 15 de novembre es van publicar les bases reguladores per a la concessi\u00f3 de subvencions del &#8220;Programa Generaci\u00f3 Digital: Agents del Canvi&#8221;. L&#8217;objectiu d&#8217;aquestes ajudes \u00e9s [&hellip;]<\/p>\n","protected":false},"author":9,"featured_media":10170,"comment_status":"open","ping_status":"open","sticky":false,"template":"","format":"standard","meta":{"_et_pb_use_builder":"on","_et_pb_old_content":"","_et_gb_content_width":""},"categories":[109],"tags":[],"_links":{"self":[{"href":"https:\/\/www.foment.com\/digitalitzat\/wp-json\/wp\/v2\/posts\/10166"}],"collection":[{"href":"https:\/\/www.foment.com\/digitalitzat\/wp-json\/wp\/v2\/posts"}],"about":[{"href":"https:\/\/www.foment.com\/digitalitzat\/wp-json\/wp\/v2\/types\/post"}],"author":[{"embeddable":true,"href":"https:\/\/www.foment.com\/digitalitzat\/wp-json\/wp\/v2\/users\/9"}],"replies":[{"embeddable":true,"href":"https:\/\/www.foment.com\/digitalitzat\/wp-json\/wp\/v2\/comments?post=10166"}],"version-history":[{"count":9,"href":"https:\/\/www.foment.com\/digitalitzat\/wp-json\/wp\/v2\/posts\/10166\/revisions"}],"predecessor-version":[{"id":10232,"href":"https:\/\/www.foment.com\/digitalitzat\/wp-json\/wp\/v2\/posts\/10166\/revisions\/10232"}],"wp:featuredmedia":[{"embeddable":true,"href":"https:\/\/www.foment.com\/digitalitzat\/wp-json\/wp\/v2\/media\/10170"}],"wp:attachment":[{"href":"https:\/\/www.foment.com\/digitalitzat\/wp-json\/wp\/v2\/media?parent=10166"}],"wp:term":[{"taxonomy":"category","embeddable":true,"href":"https:\/\/www.foment.com\/digitalitzat\/wp-json\/wp\/v2\/categories?post=10166"},{"taxonomy":"post_tag","embeddable":true,"href":"https:\/\/www.foment.com\/digitalitzat\/wp-json\/wp\/v2\/tags?post=10166"}],"curies":[{"name":"wp","href":"https:\/\/api.w.org\/{rel}","templated":true}]}}