{"id":10276,"date":"2023-02-13T17:22:16","date_gmt":"2023-02-13T15:22:16","guid":{"rendered":"https:\/\/www.foment.com\/digitalitzat\/?p=10276"},"modified":"2023-02-13T17:22:40","modified_gmt":"2023-02-13T15:22:40","slug":"multiplica-por-cinco-tu-eficacia-y-di-adios-a-la-sobre-carga-de-trabajo","status":"publish","type":"post","link":"https:\/\/www.foment.com\/digitalitzat\/multiplica-por-cinco-tu-eficacia-y-di-adios-a-la-sobre-carga-de-trabajo\/","title":{"rendered":"28 de febrero: MULTIPLICA POR CINCO TU EFICACIA Y DI ADI\u00d3S A LA SOBRE-CARGA DE TRABAJO"},"content":{"rendered":"<p>[et_pb_section fb_built=&#8221;1&#8243; admin_label=&#8221;section&#8221; _builder_version=&#8221;3.22&#8243; hover_enabled=&#8221;0&#8243; da_disable_devices=&#8221;off|off|off&#8221; collapsed=&#8221;off&#8221; sticky_enabled=&#8221;0&#8243; da_is_popup=&#8221;off&#8221; da_exit_intent=&#8221;off&#8221; da_has_close=&#8221;on&#8221; da_alt_close=&#8221;off&#8221; da_dark_close=&#8221;off&#8221; da_not_modal=&#8221;on&#8221; da_is_singular=&#8221;off&#8221; da_with_loader=&#8221;off&#8221; da_has_shadow=&#8221;on&#8221;][et_pb_row admin_label=&#8221;row&#8221; _builder_version=&#8221;3.25&#8243; background_size=&#8221;initial&#8221; background_position=&#8221;top_left&#8221; background_repeat=&#8221;repeat&#8221; hover_enabled=&#8221;0&#8243; sticky_enabled=&#8221;0&#8243;][et_pb_column type=&#8221;4_4&#8243; _builder_version=&#8221;3.25&#8243; custom_padding=&#8221;|||&#8221; custom_padding__hover=&#8221;|||&#8221;][et_pb_text admin_label=&#8221;Text&#8221; _builder_version=&#8221;4.9.0&#8243; _module_preset=&#8221;default&#8221; hover_enabled=&#8221;0&#8243; sticky_enabled=&#8221;0&#8243;]<\/p>\n<p><span style=\"color: #999999;\">28 de febrero 2023<\/span><\/p>\n<p>Foment presenta la nueva sesi\u00f3n formativa de soft skills enmarcada en el proyecto<strong> DIH4CAT, el Digital Innovation Hub de Catalu\u00f1a.<\/strong>\u00a0<\/p>\n<p>El Digital Innovation Hub de Catalu\u00f1a es un ecosistema regional de innovaci\u00f3n sin \u00e1nimo de lucro, formado por los principales agentes de apoyo a la digitalizaci\u00f3n de Catalu\u00f1a, que tiene como objetivo impulsar la transformaci\u00f3n tecnol\u00f3gica de la Peque\u00f1a y mediana empresa (con especial foco en sectores industriales y proveedores de tecnolog\u00eda), las start-ups tecnol\u00f3gicas y las entidades p\u00fablicas.<\/p>\n<p><strong>&#8220;Multiplica por cinco tu eficacia y di adi\u00f3s a la sobre-carga de trabajo&#8221;<\/strong>\u00a0es una sesi\u00f3n de soft skills dise\u00f1ada para mejorar tus habilidades sociales y directivas en cuanto al funcionamiento interno de tu empresa.<\/p>\n<p>El objetivo de la jornada es detectar y analizar los h\u00e1bitos disruptivos que obstaculizan el resultado de la planificaci\u00f3n de tareas y provocan justificaciones eternas. Conocer el origen de la p\u00e9rdida de productividad para entender como maximizar el tiempo y ganarle la batalla, dejando atr\u00e1s la frustraci\u00f3n y la ansiedad. Facilitar pautas de rendimiento que disparen h\u00e1bitos de eficiencia y eficacia y eviten las tentaciones de la procrastinaci\u00f3n. Y finalmente, desarrollar el aut\u00e9ntico prop\u00f3sito de la gesti\u00f3n de tiempo, anulando resistencias y consiguiendo m\u00e1s autodisciplinas.<\/p>\n<p>La sesi\u00f3n ser\u00e1 impartida por Nuria S\u00e1nchez, Experta en Habilidades sociales y directivas, que se dedica a entrenar , guiar y acompa\u00f1ar utilizando una metodolog\u00eda basada en herramientas multidisciplinarias derivadas de la Educaci\u00f3n Emocional, el Alto Rendimiento, entre otros.<\/p>\n<p>La sesi\u00f3n tendr\u00e1 lugar de manera presencial en la sede de Foment del Treball usando un formato intensivo y din\u00e1mico. <strong>El d\u00eda 28 de febrero de 9h a 14h<\/strong>.<\/p>\n<p>[\/et_pb_text][et_pb_button button_url=&#8221;https:\/\/forms.office.com\/pages\/responsepage.aspx?id=jZN882U4iUq5m7AAx2p0v12b0MQbVKxAlqaDP_msfu1UOVBLNENQMkVSNzIyRTBBVjRJQThQVkxHUi4u&#8221; button_text=&#8221;REGISTRATE!&#8221; admin_label=&#8221;Button&#8221; _builder_version=&#8221;4.9.0&#8243; _module_preset=&#8221;default&#8221; hover_enabled=&#8221;0&#8243; sticky_enabled=&#8221;0&#8243;][\/et_pb_button][\/et_pb_column][\/et_pb_row][\/et_pb_section]<\/p>\n","protected":false},"excerpt":{"rendered":"<p>[et_pb_section fb_built=&#8221;1&#8243; admin_label=&#8221;section&#8221; _builder_version=&#8221;3.22&#8243; hover_enabled=&#8221;0&#8243; da_disable_devices=&#8221;off|off|off&#8221; collapsed=&#8221;off&#8221; sticky_enabled=&#8221;0&#8243; da_is_popup=&#8221;off&#8221; da_exit_intent=&#8221;off&#8221; da_has_close=&#8221;on&#8221; da_alt_close=&#8221;off&#8221; da_dark_close=&#8221;off&#8221; da_not_modal=&#8221;on&#8221; da_is_singular=&#8221;off&#8221; da_with_loader=&#8221;off&#8221; da_has_shadow=&#8221;on&#8221;][et_pb_row admin_label=&#8221;row&#8221; _builder_version=&#8221;3.25&#8243; background_size=&#8221;initial&#8221; background_position=&#8221;top_left&#8221; background_repeat=&#8221;repeat&#8221; hover_enabled=&#8221;0&#8243; sticky_enabled=&#8221;0&#8243;][et_pb_column type=&#8221;4_4&#8243; _builder_version=&#8221;3.25&#8243; custom_padding=&#8221;|||&#8221; custom_padding__hover=&#8221;|||&#8221;][et_pb_text admin_label=&#8221;Text&#8221; _builder_version=&#8221;4.9.0&#8243; _module_preset=&#8221;default&#8221; hover_enabled=&#8221;0&#8243; sticky_enabled=&#8221;0&#8243;] 28 de febrero 2023 Foment presenta la nueva sesi\u00f3n formativa de soft skills enmarcada en el proyecto DIH4CAT, el Digital Innovation Hub [&hellip;]<\/p>\n","protected":false},"author":9,"featured_media":10181,"comment_status":"open","ping_status":"open","sticky":false,"template":"","format":"standard","meta":{"_et_pb_use_builder":"on","_et_pb_old_content":"","_et_gb_content_width":""},"categories":[109],"tags":[],"_links":{"self":[{"href":"https:\/\/www.foment.com\/digitalitzat\/wp-json\/wp\/v2\/posts\/10276"}],"collection":[{"href":"https:\/\/www.foment.com\/digitalitzat\/wp-json\/wp\/v2\/posts"}],"about":[{"href":"https:\/\/www.foment.com\/digitalitzat\/wp-json\/wp\/v2\/types\/post"}],"author":[{"embeddable":true,"href":"https:\/\/www.foment.com\/digitalitzat\/wp-json\/wp\/v2\/users\/9"}],"replies":[{"embeddable":true,"href":"https:\/\/www.foment.com\/digitalitzat\/wp-json\/wp\/v2\/comments?post=10276"}],"version-history":[{"count":4,"href":"https:\/\/www.foment.com\/digitalitzat\/wp-json\/wp\/v2\/posts\/10276\/revisions"}],"predecessor-version":[{"id":10283,"href":"https:\/\/www.foment.com\/digitalitzat\/wp-json\/wp\/v2\/posts\/10276\/revisions\/10283"}],"wp:featuredmedia":[{"embeddable":true,"href":"https:\/\/www.foment.com\/digitalitzat\/wp-json\/wp\/v2\/media\/10181"}],"wp:attachment":[{"href":"https:\/\/www.foment.com\/digitalitzat\/wp-json\/wp\/v2\/media?parent=10276"}],"wp:term":[{"taxonomy":"category","embeddable":true,"href":"https:\/\/www.foment.com\/digitalitzat\/wp-json\/wp\/v2\/categories?post=10276"},{"taxonomy":"post_tag","embeddable":true,"href":"https:\/\/www.foment.com\/digitalitzat\/wp-json\/wp\/v2\/tags?post=10276"}],"curies":[{"name":"wp","href":"https:\/\/api.w.org\/{rel}","templated":true}]}}