{"id":7046,"date":"2021-05-04T13:20:28","date_gmt":"2021-05-04T11:20:28","guid":{"rendered":"http:\/\/www.foment.com\/digitalitzat\/?p=7046"},"modified":"2021-09-21T15:18:03","modified_gmt":"2021-09-21T13:18:03","slug":"prova-entrada-1","status":"publish","type":"post","link":"https:\/\/www.foment.com\/digitalitzat\/prova-entrada-1\/","title":{"rendered":"CIESC, TEXFOR i el Gremi de Fabricants de Sabadell lamenten la manca de professionals qualificats per assegurar el relleu a les ind\u00fastries"},"content":{"rendered":"<p>[et_pb_section fb_built=&#8221;1&#8243; _builder_version=&#8221;4.9.0&#8243; _module_preset=&#8221;default&#8221; da_disable_devices=&#8221;off|off|off&#8221; da_is_popup=&#8221;off&#8221; da_exit_intent=&#8221;off&#8221; da_has_close=&#8221;on&#8221; da_alt_close=&#8221;off&#8221; da_dark_close=&#8221;off&#8221; da_not_modal=&#8221;on&#8221; da_is_singular=&#8221;off&#8221; da_with_loader=&#8221;off&#8221; da_has_shadow=&#8221;on&#8221;][et_pb_row _builder_version=&#8221;4.9.0&#8243; _module_preset=&#8221;default&#8221;][et_pb_column type=&#8221;4_4&#8243; _builder_version=&#8221;4.9.0&#8243; _module_preset=&#8221;default&#8221;][et_pb_text _builder_version=&#8221;4.9.0&#8243; _module_preset=&#8221;default&#8221; hover_enabled=&#8221;0&#8243; sticky_enabled=&#8221;0&#8243;]<\/p>\n<p>El\u00a0<strong>Consell Intersectorial d\u2019Empresaris\u00a0<\/strong>(CIESC); la\u00a0<strong>Confederaci\u00f3 de la Ind\u00fastria T\u00e8xtil<\/strong>\u00a0(TEXFOR) i el\u00a0<strong>Gremi de Fabricants de Sabadell\u00a0<\/strong>han protagonitzat aquest dimarts una nova sessi\u00f3 del IV Congr\u00e9s de Pimes de Catalunya organitzat per Fepime Catalunya amb l\u2019objectiu d\u2019analitzar l\u2019estat actual de la \u00a0petita i mitjana empresa catalana i elaborar un memorial de propostes de millora que es lliurar\u00e0 a les administracions.<\/p>\n<p><strong>Josep Mor\u00e9, representant de l\u2019empresa HIDROCOLOR,\u00a0<\/strong>ha apuntat en la seva intervenci\u00f3 una de les principals preocupacions: \u201cla industria \u00e9s molt poc atractiva pels joves i tenim un problema perqu\u00e8 no existeix un relleu preparat. A Catalunya comptem amb una ind\u00fastria ferma, amb molta inversi\u00f3, tecnologia i coneixement i cal que ho posem en valor\u201d. En aquesta l\u00ednia,\u00a0<strong>Alicia Bosch, presidenta del CIESC<\/strong>\u00a0ha afirmat que \u201cper als propers anys\u00a0 hi ha previst un alt nivell de jubilacions que, avui en dia, no tenen el relleu assegurat per manca de professionals qualificats. Tenim importants reptes com la digitalitzaci\u00f3 o la sostenibilitat per\u00f2 no trobem m\u00e0 d\u2019obra qualificada per dur-los a terme. \u00c9s imprescindible que la llei de Formaci\u00f3 Professional reculli les peticions del teixit empresarial\u201d.<\/p>\n<p>\u201cCal refor\u00e7a la FP i vincular-la directament a les necessitats productives. L\u2019ensenyament professional no pot dependre de la conselleria d\u2019Educaci\u00f3. Cal refor\u00e7ar l\u2019orientaci\u00f3 professional que reben els joves, els estudis t\u00e8cnics-matem\u00e0tics i fomentar la pres\u00e8ncia de la dona en aquesta \u00e0mbits\u201d, ha afegit\u00a0<strong>Gabriel Torras, Director General del Centre Metal\u00b7l\u00fargic.<\/strong><\/p>\n<p>Entre els principals problemes del sector metal\u00b7l\u00fargic, Torras ha destacat l\u2019increment del preu i la manca de mat\u00e8ries primeres, que est\u00e0 obligant a empreses que tenen comandes, a aturar la producci\u00f3 per falta de material. Tamb\u00e9 ha ressaltat l\u2019augment de l\u2019absentisme laboral; la poca digitalitzaci\u00f3 de les administracions i les retic\u00e8ncies sobre els fons europeus. \u201cTenim molts dubtes que aquests fons arribin a les pimes i que puguin ser una ajuda efectiva per a la sortida de la crisi\u201d, ha afirmat Torras.<\/p>\n<p>Pel que fa al comer\u00e7, el\u00a0<strong>president de Sabadell Comer\u00e7 Centre, Josep Maria Porta<\/strong>, ha posat en valor les subvencions per a la digitalitzaci\u00f3 del comer\u00e7 per\u00f2 tamb\u00e9 ha reclamat ajudes pel comer\u00e7 f\u00edsic que estructura i vertebra les ciutats. \u201cNecessitem que dins de la ciutat hi hagi bona senyalitzaci\u00f3 i aparcaments als nuclis que tinguin comer\u00e7. No pot ser que sigui m\u00e9s car l\u2019aparcament que anar a sopar o a un espectacle\u201d, ha assegurat.<\/p>\n<p>Porta tamb\u00e9 ha lamentat la compet\u00e8ncia deslleial que representen les grans plataformes de venda\u00a0<em>online<\/em>\u00a0que no paguen aqu\u00ed els impostos i compten amb una difer\u00e8ncia fiscal de fins a 20 punts que fa perdre competitivitat al comer\u00e7 de proximitat.<\/p>\n<p><strong>Arnau Bonada, president de la Xarxa Onion<\/strong>, ha lamentat les ajudes insuficients de les administracions que, amb uns criteris molt estrictes, han produ\u00eft una reducci\u00f3 del teixit empresarial que es podria haver evitat com han fet altres pa\u00efsos de la Uni\u00f3 Europea. \u201cEstem enviant un missatge molt negatiu als emprenedors de \u2018tu paga els impostos per\u00f2 el dia que ho necessitis no t\u2019ajudarem\u2019. Hem de reivindicar una llei de la segona oportunitat que sigui viable i eficient que permeti als empresaris tornar a emprendre si un negoci no funciona\u201d, ha explicat.<\/p>\n<p>Pel que fa al t\u00e8xtil,\u00a0<strong>Abel Ortiz, conseller delegat de Textil Ortiz<\/strong>, ha explicat que ara el sector funciona \u2018<em>just in time\u2019<\/em> i cal intensificar la velocitat de reacci\u00f3. \u201cPer fer lots m\u00e9s petits amb el doble de velocitat calen millores a les plantes, invertir en maquin\u00e0ria, en I+D i en digitalitzaci\u00f3 per\u00f2 l\u2019administraci\u00f3 no ofereix ajudes\u201d. En aquest sentit tamb\u00e9 ha lamentat que en les licitacions nom\u00e9s es tingui en compte el preu final i no la producci\u00f3 de proximitat i la lentitud dels tr\u00e0mits administratius.<\/p>\n<p><img loading=\"lazy\" class=\"alignnone wp-image-9388 size-full\" src=\"https:\/\/www.foment.com\/digitalitzat\/wp-content\/uploads\/2021\/04\/CIESC.png\" alt=\"\" width=\"1014\" height=\"590\" srcset=\"https:\/\/www.foment.com\/digitalitzat\/wp-content\/uploads\/2021\/04\/CIESC.png 1014w, https:\/\/www.foment.com\/digitalitzat\/wp-content\/uploads\/2021\/04\/CIESC-980x570.png 980w, https:\/\/www.foment.com\/digitalitzat\/wp-content\/uploads\/2021\/04\/CIESC-480x279.png 480w\" sizes=\"(min-width: 0px) and (max-width: 480px) 480px, (min-width: 481px) and (max-width: 980px) 980px, (min-width: 981px) 1014px, 100vw\" \/><\/p>\n<p><span style=\"color: #ba1a00;\"><strong>Les pimes, clau de la recuperaci\u00f3<\/strong><\/span><\/p>\n<p><strong>El IV Congr\u00e9s de la micro, petita i mitjana empresa de Catalunya 2021 finalitzar\u00e0 el 15 de juny a la seu de Foment del Treball acompanyats pels principals actors econ\u00f2mics de Catalunya<\/strong>. El congr\u00e9s consta al voltant de 20 trobades amb 24 organitzacions territorials i sectorials de Catalunya.<\/p>\n<p>La presidenta de Fepime,\u00a0Mar\u00eda Helena de Felipe, t\u00e9 l\u2019objectiu d\u2019establir un di\u00e0leg per abordar les preocupacions de les pimes en aquest context excepcional, aix\u00ed com, debatre sobre possibles accions que puguin facilitar una recuperaci\u00f3 empresarial resilient, digital i sostenible. De fet,\u00a0el lema de les trobades \u00e9s \u201cResili\u00e8ncia, digitalitzaci\u00f3 i sostenibilitat, les claus per a la recuperaci\u00f3 de la pime catalana\u201d\u00a0i el prop\u00f2sit \u00e9s con\u00e8ixer de primera m\u00e0 la realitat i les necessitats de les pimes catalanes despr\u00e9s d\u2019un 2020 marcat pel pas de la pand\u00e8mia.<\/p>\n<p>Sense dubtes, la Covid-19 no nom\u00e9s ha saturat el sistema sanitari catal\u00e0, sin\u00f3 que tamb\u00e9 ha condicionat l\u2019activitat empresarial, derivant en una crisi econ\u00f2mica que es continua allargant en el temps a causa de les mesures restrictives que els governs han anant aplicant amb l\u2019objectiu d\u2019evitar la propagaci\u00f3 de la malaltia.<\/p>\n<p>Les trobades de les diferents organitzacions estan programades com a sessions de treball per recollir les principals dificultats i reptes de les empreses petites i mitjanes en els diferents \u00e0mbits com pot ser, infraestructures, finan\u00e7ament, fiscalitat, innovaci\u00f3, internacionalitzaci\u00f3, relacions laborals, consum energ\u00e8tic, tr\u00e0mits administratius, formaci\u00f3 o compet\u00e8ncia deslleial, sempre des de la perspectiva de la pime.<\/p>\n<p>Les conclusions de les sessions permetran redactar un document que reculli les principals inquietuds de cada sector i territori per millorar l\u2019activitat empresarial.<\/p>\n<p>[\/et_pb_text][\/et_pb_column][\/et_pb_row][\/et_pb_section]<\/p>\n","protected":false},"excerpt":{"rendered":"<p>[et_pb_section fb_built=&#8221;1&#8243; _builder_version=&#8221;4.9.0&#8243; _module_preset=&#8221;default&#8221; da_disable_devices=&#8221;off|off|off&#8221; da_is_popup=&#8221;off&#8221; da_exit_intent=&#8221;off&#8221; da_has_close=&#8221;on&#8221; da_alt_close=&#8221;off&#8221; da_dark_close=&#8221;off&#8221; da_not_modal=&#8221;on&#8221; da_is_singular=&#8221;off&#8221; da_with_loader=&#8221;off&#8221; da_has_shadow=&#8221;on&#8221;][et_pb_row _builder_version=&#8221;4.9.0&#8243; _module_preset=&#8221;default&#8221;][et_pb_column type=&#8221;4_4&#8243; _builder_version=&#8221;4.9.0&#8243; _module_preset=&#8221;default&#8221;][et_pb_text _builder_version=&#8221;4.9.0&#8243; _module_preset=&#8221;default&#8221; hover_enabled=&#8221;0&#8243; sticky_enabled=&#8221;0&#8243;] El\u00a0Consell Intersectorial d\u2019Empresaris\u00a0(CIESC); la\u00a0Confederaci\u00f3 de la Ind\u00fastria T\u00e8xtil\u00a0(TEXFOR) i el\u00a0Gremi de Fabricants de Sabadell\u00a0han protagonitzat aquest dimarts una nova sessi\u00f3 del IV Congr\u00e9s de Pimes de Catalunya organitzat per Fepime Catalunya amb [&hellip;]<\/p>\n","protected":false},"author":1,"featured_media":9385,"comment_status":"open","ping_status":"open","sticky":false,"template":"","format":"standard","meta":{"_et_pb_use_builder":"on","_et_pb_old_content":"","_et_gb_content_width":""},"categories":[109],"tags":[],"_links":{"self":[{"href":"https:\/\/www.foment.com\/digitalitzat\/wp-json\/wp\/v2\/posts\/7046"}],"collection":[{"href":"https:\/\/www.foment.com\/digitalitzat\/wp-json\/wp\/v2\/posts"}],"about":[{"href":"https:\/\/www.foment.com\/digitalitzat\/wp-json\/wp\/v2\/types\/post"}],"author":[{"embeddable":true,"href":"https:\/\/www.foment.com\/digitalitzat\/wp-json\/wp\/v2\/users\/1"}],"replies":[{"embeddable":true,"href":"https:\/\/www.foment.com\/digitalitzat\/wp-json\/wp\/v2\/comments?post=7046"}],"version-history":[{"count":10,"href":"https:\/\/www.foment.com\/digitalitzat\/wp-json\/wp\/v2\/posts\/7046\/revisions"}],"predecessor-version":[{"id":9391,"href":"https:\/\/www.foment.com\/digitalitzat\/wp-json\/wp\/v2\/posts\/7046\/revisions\/9391"}],"wp:featuredmedia":[{"embeddable":true,"href":"https:\/\/www.foment.com\/digitalitzat\/wp-json\/wp\/v2\/media\/9385"}],"wp:attachment":[{"href":"https:\/\/www.foment.com\/digitalitzat\/wp-json\/wp\/v2\/media?parent=7046"}],"wp:term":[{"taxonomy":"category","embeddable":true,"href":"https:\/\/www.foment.com\/digitalitzat\/wp-json\/wp\/v2\/categories?post=7046"},{"taxonomy":"post_tag","embeddable":true,"href":"https:\/\/www.foment.com\/digitalitzat\/wp-json\/wp\/v2\/tags?post=7046"}],"curies":[{"name":"wp","href":"https:\/\/api.w.org\/{rel}","templated":true}]}}