{"id":9405,"date":"2022-09-05T11:17:13","date_gmt":"2022-09-05T09:17:13","guid":{"rendered":"https:\/\/www.foment.com\/digitalitzat\/?p=9405"},"modified":"2022-09-05T14:35:11","modified_gmt":"2022-09-05T12:35:11","slug":"2a-convocatoria-del-programa-kit-digital-per-a-la-digitalitzacio-dempreses","status":"publish","type":"post","link":"https:\/\/www.foment.com\/digitalitzat\/2a-convocatoria-del-programa-kit-digital-per-a-la-digitalitzacio-dempreses\/","title":{"rendered":"2a CONVOCAT\u00d2RIA DEL PROGRAMA KIT DIGITAL PER A LA DIGITALITZACI\u00d3 D\u2019EMPRESES"},"content":{"rendered":"<p>[et_pb_section fb_built=&#8221;1&#8243; admin_label=&#8221;section&#8221; _builder_version=&#8221;4.9.0&#8243; da_disable_devices=&#8221;off|off|off&#8221; da_is_popup=&#8221;off&#8221; da_exit_intent=&#8221;off&#8221; da_has_close=&#8221;on&#8221; da_alt_close=&#8221;off&#8221; da_dark_close=&#8221;off&#8221; da_not_modal=&#8221;on&#8221; da_is_singular=&#8221;off&#8221; da_with_loader=&#8221;off&#8221; da_has_shadow=&#8221;on&#8221;][et_pb_row admin_label=&#8221;row&#8221; _builder_version=&#8221;3.25&#8243; background_size=&#8221;initial&#8221; background_position=&#8221;top_left&#8221; background_repeat=&#8221;repeat&#8221;][et_pb_column type=&#8221;4_4&#8243; _builder_version=&#8221;3.25&#8243; custom_padding=&#8221;|||&#8221; custom_padding__hover=&#8221;|||&#8221;][et_pb_text _builder_version=&#8221;4.9.0&#8243; _module_preset=&#8221;default&#8221;]<\/p>\n<p>El passat 30 de desembre el Butllet\u00ed Oficial de l&#8217;Estat va publicar l&#8217;Ordre\u00a0ETD\/1498\/2021, de 29 de desembre, per la qual s&#8217;aproven les bases reguladores de la concessi\u00f3 d&#8217;ajudes per a la digitalitzaci\u00f3 de petites empreses , microempreses i persones en situaci\u00f3 d&#8217;autoocupaci\u00f3, en el marc de l&#8217;Agenda Espanya Digital 2025, el Pla de Digitalitzaci\u00f3 Pimes 2021-2025 i el Pla de Recuperaci\u00f3, Transformaci\u00f3 i Resili\u00e8ncia d&#8217;Espanya -Finan\u00e7ament per la Uni\u00f3 Europea-Next\u00a0Generation\u00a0EU (Programa Kit Digital).<\/p>\n<p>El programa Kit Digital est\u00e0 dotat d&#8217;un pressupost total de 3.067 milions d&#8217;euros i t\u00e9 com a objectiu ajudar a digitalitzar a pimes i aut\u00f2noms de tot el territori nacional. A trav\u00e9s de diferents convocat\u00f2ries, els beneficiaris rebran una ajuda en forma de bo digital per a contractar\u00a0lassoluciones\u00a0disponibles en el Cat\u00e0leg de Solucions de Digitalitzaci\u00f3 del Programa, recollit en la plataforma Accelera Pime.<\/p>\n<p>En aquest context, Red.es, organisme p\u00fablic competent per a la concessi\u00f3 de les ajudes del Programa Kit Digital, posa en marxa la Convocat\u00f2ria d&#8217;ajudes destinades a la digitalitzaci\u00f3 d&#8217;empreses del Segment II (entre 3 i menys de 10 empleats)que t\u00e9 per objecte la concessi\u00f3 d&#8217;ajudes a petites empreses , microempreses i persones en situaci\u00f3 d&#8217;autoocupaci\u00f3 per a l&#8217;adopci\u00f3 de solucions de digitalitzaci\u00f3 disponibles en el mercat.<\/p>\n<p><strong>El termini de presentaci\u00f3 de sol\u00b7licituds ser\u00e0 de dotze (12) mesos, computant-se des del 2 de setembre del 2022 a les 11:00 hores fins al 2 de setembre del 2023 a les 11:00 hores,<\/strong>\u00a0de conformitat amb l\u2019article 23.2.g) de la Llei 38\/2003, de 17 de novembre, General de Subvencions, en relaci\u00f3 amb l\u2019article 26.1 de les Bases Reguladores. Aquest termini conclour\u00e0 abans si s\u2019esgot\u00e9s el cr\u00e8dit pressupostari establert a l\u2019apartat tercer de la present Convocat\u00f2ria.<\/p>\n<p>[\/et_pb_text][et_pb_button button_url=&#8221;https:\/\/fomentdeltreball.sharepoint.com\/dqs_documentacion\/Forms\/AllItems.aspx?id=%2Fdqs%5Fdocumentacion%2FSegona%20convocat%C3%B2ria%20kit%20digital%5F129C7ED4A92AED119DB1000D3AB86502%2F2022%5F%2020%20Segona%20Convocatoria%20Kit%20Digital%2Epdf&#038;parent=%2Fdqs%5Fdocumentacion%2FSegona%20convocat%C3%B2ria%20kit%20digital%5F129C7ED4A92AED119DB1000D3AB86502&#038;p=true&#038;ga=1&#8243; button_text=&#8221;Descarregar Circular 20\/22&#8243; admin_label=&#8221;Button&#8221; _builder_version=&#8221;4.9.0&#8243; _module_preset=&#8221;default&#8221;][\/et_pb_button][\/et_pb_column][\/et_pb_row][\/et_pb_section]<\/p>\n","protected":false},"excerpt":{"rendered":"<p>[et_pb_section fb_built=&#8221;1&#8243; admin_label=&#8221;section&#8221; _builder_version=&#8221;4.9.0&#8243; da_disable_devices=&#8221;off|off|off&#8221; da_is_popup=&#8221;off&#8221; da_exit_intent=&#8221;off&#8221; da_has_close=&#8221;on&#8221; da_alt_close=&#8221;off&#8221; da_dark_close=&#8221;off&#8221; da_not_modal=&#8221;on&#8221; da_is_singular=&#8221;off&#8221; da_with_loader=&#8221;off&#8221; da_has_shadow=&#8221;on&#8221;][et_pb_row admin_label=&#8221;row&#8221; _builder_version=&#8221;3.25&#8243; background_size=&#8221;initial&#8221; background_position=&#8221;top_left&#8221; background_repeat=&#8221;repeat&#8221;][et_pb_column type=&#8221;4_4&#8243; _builder_version=&#8221;3.25&#8243; custom_padding=&#8221;|||&#8221; custom_padding__hover=&#8221;|||&#8221;][et_pb_text _builder_version=&#8221;4.9.0&#8243; _module_preset=&#8221;default&#8221;] El passat 30 de desembre el Butllet\u00ed Oficial de l&#8217;Estat va publicar l&#8217;Ordre\u00a0ETD\/1498\/2021, de 29 de desembre, per la qual s&#8217;aproven les bases reguladores de la concessi\u00f3 d&#8217;ajudes per a [&hellip;]<\/p>\n","protected":false},"author":5,"featured_media":10103,"comment_status":"open","ping_status":"open","sticky":false,"template":"","format":"standard","meta":{"_et_pb_use_builder":"on","_et_pb_old_content":"","_et_gb_content_width":""},"categories":[109],"tags":[],"_links":{"self":[{"href":"https:\/\/www.foment.com\/digitalitzat\/wp-json\/wp\/v2\/posts\/9405"}],"collection":[{"href":"https:\/\/www.foment.com\/digitalitzat\/wp-json\/wp\/v2\/posts"}],"about":[{"href":"https:\/\/www.foment.com\/digitalitzat\/wp-json\/wp\/v2\/types\/post"}],"author":[{"embeddable":true,"href":"https:\/\/www.foment.com\/digitalitzat\/wp-json\/wp\/v2\/users\/5"}],"replies":[{"embeddable":true,"href":"https:\/\/www.foment.com\/digitalitzat\/wp-json\/wp\/v2\/comments?post=9405"}],"version-history":[{"count":9,"href":"https:\/\/www.foment.com\/digitalitzat\/wp-json\/wp\/v2\/posts\/9405\/revisions"}],"predecessor-version":[{"id":10132,"href":"https:\/\/www.foment.com\/digitalitzat\/wp-json\/wp\/v2\/posts\/9405\/revisions\/10132"}],"wp:featuredmedia":[{"embeddable":true,"href":"https:\/\/www.foment.com\/digitalitzat\/wp-json\/wp\/v2\/media\/10103"}],"wp:attachment":[{"href":"https:\/\/www.foment.com\/digitalitzat\/wp-json\/wp\/v2\/media?parent=9405"}],"wp:term":[{"taxonomy":"category","embeddable":true,"href":"https:\/\/www.foment.com\/digitalitzat\/wp-json\/wp\/v2\/categories?post=9405"},{"taxonomy":"post_tag","embeddable":true,"href":"https:\/\/www.foment.com\/digitalitzat\/wp-json\/wp\/v2\/tags?post=9405"}],"curies":[{"name":"wp","href":"https:\/\/api.w.org\/{rel}","templated":true}]}}