{"id":9754,"date":"2022-07-06T12:36:14","date_gmt":"2022-07-06T10:36:14","guid":{"rendered":"https:\/\/www.foment.com\/digitalitzat\/?p=9754"},"modified":"2022-07-13T10:41:18","modified_gmt":"2022-07-13T08:41:18","slug":"18-de-juliol-invitacio-al-tour-a-tech-barcelona-i-xerrada-amb-enric-jove-apuntat","status":"publish","type":"post","link":"https:\/\/www.foment.com\/digitalitzat\/18-de-juliol-invitacio-al-tour-a-tech-barcelona-i-xerrada-amb-enric-jove-apuntat\/","title":{"rendered":"18 de juliol: Invitaci\u00f3 al Tour a Tech Barcelona i xerrada amb Enric Jov\u00e9. Apunta\u2019t!"},"content":{"rendered":"<p>[et_pb_section fb_built=&#8221;1&#8243; admin_label=&#8221;section&#8221; _builder_version=&#8221;3.22&#8243; da_disable_devices=&#8221;off|off|off&#8221; da_is_popup=&#8221;off&#8221; da_exit_intent=&#8221;off&#8221; da_has_close=&#8221;on&#8221; da_alt_close=&#8221;off&#8221; da_dark_close=&#8221;off&#8221; da_not_modal=&#8221;on&#8221; da_is_singular=&#8221;off&#8221; da_with_loader=&#8221;off&#8221; da_has_shadow=&#8221;on&#8221;][et_pb_row admin_label=&#8221;row&#8221; _builder_version=&#8221;3.25&#8243; background_size=&#8221;initial&#8221; background_position=&#8221;top_left&#8221; background_repeat=&#8221;repeat&#8221;][et_pb_column type=&#8221;4_4&#8243; _builder_version=&#8221;3.25&#8243; custom_padding=&#8221;|||&#8221; custom_padding__hover=&#8221;|||&#8221;][et_pb_text _builder_version=&#8221;4.9.0&#8243; _module_preset=&#8221;default&#8221;]<\/p>\n<p><span style=\"color: #999999;\">05 de juliol de 2022<\/span><\/p>\n<p>En la propera sessi\u00f3 del Digitalitza\u2019t de FOMENT DEL TREBALL et convidem a fer una immersi\u00f3 a l\u2019ecosistema digital i tecnol\u00f2gic a trav\u00e9s de Tech Barcelona.<\/p>\n<p><span lang=\"ES\">Farem una visita a la seva seu principal del Pier01 per con\u00e8ixer startups i projectes de transformaci\u00f3 del comer\u00e7 com el Payment Innovation Hub (projecte conjunt de Caixabank, VISA, Samsung, Global Payments i Arval) i GoGlobal, empresa especialitzada en cross border ecommerce. Ho complementarem amb una xerrada\u00a0d\u2018Enric Jov\u00e9, Ceo de McCann Worldgroup Barcelona: Retail 3.0: Beyond ecommerce<\/span><\/p>\n<p><strong>AGENDA:<\/strong><\/p>\n<p><span lang=\"ES\">9:15 Visita Pier01:\u00a0Coneix l\u2019ecosistema, les startups i projectes m\u00e9s destacats (Payment Innovation Hub, GoGlobal)<\/span><\/p>\n<p><span lang=\"EN-US\">10:15 \u2013 11:30 \u201cRetail 3.0: Beyond ecommerce\u201d, amb Enric Jov\u00e9, CEO de McCann<\/span><\/p>\n<p>La sessi\u00f3 ser\u00e0 el 18 de juliol de 9.15 a 11:30, al Pier01, Pl. de Pau Vila, 1, 08003 Barcelona. El punt de trobada ser\u00e0 a la porta del Pier a les 9&#8217;00h. Places limitades.<\/p>\n<p>[\/et_pb_text][et_pb_button button_url=&#8221;https:\/\/forms.office.com\/Pages\/ResponsePage.aspx?id=jZN882U4iUq5m7AAx2p0v_UW8IRpYldCuex2_-7V0cdUMTlVWk9IUEdJM0JGVVZRMUNYTkFFOTBSQSQlQCN0PWcu&#8221; button_text=&#8221;Inscripci\u00f3&#8221; _builder_version=&#8221;4.9.0&#8243; _module_preset=&#8221;default&#8221;][\/et_pb_button][\/et_pb_column][\/et_pb_row][\/et_pb_section]<\/p>\n","protected":false},"excerpt":{"rendered":"<p>[et_pb_section fb_built=&#8221;1&#8243; admin_label=&#8221;section&#8221; _builder_version=&#8221;3.22&#8243; da_disable_devices=&#8221;off|off|off&#8221; da_is_popup=&#8221;off&#8221; da_exit_intent=&#8221;off&#8221; da_has_close=&#8221;on&#8221; da_alt_close=&#8221;off&#8221; da_dark_close=&#8221;off&#8221; da_not_modal=&#8221;on&#8221; da_is_singular=&#8221;off&#8221; da_with_loader=&#8221;off&#8221; da_has_shadow=&#8221;on&#8221;][et_pb_row admin_label=&#8221;row&#8221; _builder_version=&#8221;3.25&#8243; background_size=&#8221;initial&#8221; background_position=&#8221;top_left&#8221; background_repeat=&#8221;repeat&#8221;][et_pb_column type=&#8221;4_4&#8243; _builder_version=&#8221;3.25&#8243; custom_padding=&#8221;|||&#8221; custom_padding__hover=&#8221;|||&#8221;][et_pb_text _builder_version=&#8221;4.9.0&#8243; _module_preset=&#8221;default&#8221;] 05 de juliol de 2022 En la propera sessi\u00f3 del Digitalitza\u2019t de FOMENT DEL TREBALL et convidem a fer una immersi\u00f3 a l\u2019ecosistema digital i tecnol\u00f2gic a trav\u00e9s de Tech [&hellip;]<\/p>\n","protected":false},"author":6,"featured_media":9966,"comment_status":"open","ping_status":"open","sticky":false,"template":"","format":"standard","meta":{"_et_pb_use_builder":"on","_et_pb_old_content":"","_et_gb_content_width":""},"categories":[109],"tags":[],"_links":{"self":[{"href":"https:\/\/www.foment.com\/digitalitzat\/wp-json\/wp\/v2\/posts\/9754"}],"collection":[{"href":"https:\/\/www.foment.com\/digitalitzat\/wp-json\/wp\/v2\/posts"}],"about":[{"href":"https:\/\/www.foment.com\/digitalitzat\/wp-json\/wp\/v2\/types\/post"}],"author":[{"embeddable":true,"href":"https:\/\/www.foment.com\/digitalitzat\/wp-json\/wp\/v2\/users\/6"}],"replies":[{"embeddable":true,"href":"https:\/\/www.foment.com\/digitalitzat\/wp-json\/wp\/v2\/comments?post=9754"}],"version-history":[{"count":14,"href":"https:\/\/www.foment.com\/digitalitzat\/wp-json\/wp\/v2\/posts\/9754\/revisions"}],"predecessor-version":[{"id":10031,"href":"https:\/\/www.foment.com\/digitalitzat\/wp-json\/wp\/v2\/posts\/9754\/revisions\/10031"}],"wp:featuredmedia":[{"embeddable":true,"href":"https:\/\/www.foment.com\/digitalitzat\/wp-json\/wp\/v2\/media\/9966"}],"wp:attachment":[{"href":"https:\/\/www.foment.com\/digitalitzat\/wp-json\/wp\/v2\/media?parent=9754"}],"wp:term":[{"taxonomy":"category","embeddable":true,"href":"https:\/\/www.foment.com\/digitalitzat\/wp-json\/wp\/v2\/categories?post=9754"},{"taxonomy":"post_tag","embeddable":true,"href":"https:\/\/www.foment.com\/digitalitzat\/wp-json\/wp\/v2\/tags?post=9754"}],"curies":[{"name":"wp","href":"https:\/\/api.w.org\/{rel}","templated":true}]}}