{"id":180027,"date":"2024-04-02T13:52:32","date_gmt":"2024-04-02T11:52:32","guid":{"rendered":"https:\/\/www.foment.com\/?p=180027"},"modified":"2024-04-02T13:55:16","modified_gmt":"2024-04-02T11:55:16","slug":"foment-asks-the-president-of-the-spanish-government-to-open-the-doors-to-dialogue-and-adopt-a-change-of-attitude-that-abandons-populist-positions","status":"publish","type":"post","link":"https:\/\/www.foment.com\/en\/foment-asks-the-president-of-the-spanish-government-to-open-the-doors-to-dialogue-and-adopt-a-change-of-attitude-that-abandons-populist-positions\/","title":{"rendered":"Foment asks the President of the Spanish Government to open the doors to dialogue and adopt a change of attitude that abandons populist positions"},"content":{"rendered":"<section class=\"wpb-content-wrapper\"><p>[vc_row][vc_column][vc_column_text]<\/p>\n<ul>\n<li><strong>The business association proposes a major agreement to overcome the deep economic and social crisis and prevent its chronicity: &#8220;Only together will we overcome the crisis. Unilateral and populist measures will not achieve it.&#8221; <a href=\"https:\/\/www.foment.com\/wp-content\/uploads\/2024\/04\/SPEECH-BY-THE-PRESIDENT-OF-FOMENT.pdf\" target=\"_blank\" rel=\"noopener\"><span style=\"color: #c12238;\">(Full speech)<\/span>.<\/a><\/strong><\/li>\n<li><strong>S\u00e1nchez Llibre announces Foment&#8217;s support for the recently re-launched dialogue table by the State and Generalitat governments to achieve the necessary political and economic stability to successfully face the current crisis situation.<\/strong><\/li>\n<li><strong>Foment has regretted that the State Government demands sacrifices from the self-employed, companies, and citizens, in general, and does not demand at the same time any sacrifice or effort from the public administrations to move towards better public spending efficiency and savings increase.<\/strong><\/li>\n<li><strong>The Board of Directors also appoints, at the president&#8217;s proposal, the new Executive Committee.<\/strong><\/li>\n<\/ul>\n<p><span data-contrast=\"none\">The General Assembly of Foment has ratified the <\/span><b><span data-contrast=\"none\">election of Josep S\u00e1nchez Llibre as president of the institution<\/span><\/b><span data-contrast=\"none\">, once he has been proclaimed by the Electoral Board. The candidacy of S\u00e1nchez Llibre was the only one presented in the electoral process that concluded today with the <\/span><b><span data-contrast=\"none\">also ratification of the new members of the Board of Directors<\/span><\/b><span data-contrast=\"none\">. As only one candidacy for the Presidency of Foment and 76 candidacies for the directorships of the Board of Directors were presented, it was not necessary to submit the candidates to the vote of the Assembly&#8217;s electors.<\/span><\/p>\n<p><span data-contrast=\"none\">During the intervention of S\u00e1nchez Llibre as president-elect in the plenary of the Foment Assembly, he referred to the current crisis situation of the country, and has asked the President of the Government of Spain to <\/span><b><span data-contrast=\"none\">&#8220;adopt a change of attitude, abandon populist positions and assume the flag of constructive dialogue with all sectors&#8221;<\/span><\/b><span data-contrast=\"none\">.<\/span> <span style=\"color: #c12238;\"><a style=\"color: #c12238;\" href=\"https:\/\/www.foment.com\/wp-content\/uploads\/2024\/04\/SPEECH-BY-THE-PRESIDENT-OF-FOMENT.pdf\" target=\"_blank\" rel=\"noopener\"><b>(Full speech).<\/b><\/a><\/span><\/p>\n<p><span data-contrast=\"none\">&#8220;From Foment, I humbly make a call to the President of the Government of Spain, <\/span><b><span data-contrast=\"none\">Pedro S\u00e1nchez, to open his doors to dialogue, to achieve a pact of solidarity and responsibility<\/span><\/b><span data-contrast=\"none\">, which many define as a pact of incomes, among all social and economic agents and also all public administrations. That is, among workers, employers, civil servants, and pensioners.&#8221;<\/span><\/p>\n<p><span data-contrast=\"none\">In short, the business association proposes a major agreement to overcome the deep economic and social crisis and prevent its chronicity: <\/span><b><span data-contrast=\"none\">&#8220;Only together will we overcome the crisis. With unilateral and populist measures, we will not achieve it&#8221;<\/span><\/b><span data-contrast=\"none\">.<\/span><\/p>\n<p><span data-contrast=\"none\">In this sense, it has expressed its great <\/span><b><span data-contrast=\"none\">concern and disappointment at the conclusions of the recent debate on the State of the Nation and some of the positions of the coalition government and its president, Pedro S\u00e1nchez.<\/span><\/b><\/p>\n<p><b><span data-contrast=\"none\">&#8220;We regret the lack of sufficient measures aimed at reinforcing the productive economy and the adoption of other counterproductive ones&#8221;<\/span><\/b><span data-contrast=\"none\">, said the president of the business association. &#8220;In general, the Spanish business fabric has to be the engine of economic recovery,&#8221; -he added-: &#8220;Without support for the productive economy, it will be difficult to solve the crisis we suffer.&#8221;<\/span><\/p>\n<p><span data-contrast=\"none\">Foment also regretted that the <\/span><b><span data-contrast=\"none\">State Government demands sacrifices from self-employed workers, companies, and citizens in general, and at the same time does not demand any sacrifice or effort from public administrations<\/span><\/b><span data-contrast=\"none\"> to move towards better efficiency in public spending and increased savings.<\/span><\/p>\n<p><span data-contrast=\"none\">S\u00e1nchez Llibre has encouraged politicians to weave political, economic, and social complicities to confront the serious crisis situation and the structural reforms that our country requires. For example, <\/span><b><span data-contrast=\"none\">&#8220;to align the energy transition with the real possibilities of our industrial sector&#8221;<\/span><\/b><span data-contrast=\"none\">. And it should not be done as it is being done, &#8220;creating scenarios of great ideological and social confrontation&#8221;, as we have seen recently, stated the president of the business association: <\/span><b><span data-contrast=\"none\">&#8220;From this crisis, we will only emerge stronger by reinforcing companies, entrepreneurship, and family businesses, and not by increasing tax pressure and raising taxes&#8221;<\/span><\/b><span data-contrast=\"none\">, he reiterated.<\/span><\/p>\n<p><span data-contrast=\"none\">The Assembly also featured speeches by the president of CEOE, <\/span><b><span data-contrast=\"none\">Antonio Garamendi<\/span><\/b><span data-contrast=\"none\">; the president of Cepyme, <\/span><b><span data-contrast=\"none\">Gerardo Cuerva<\/span><\/b><span data-contrast=\"none\">; the president of ATA, <\/span><b><span data-contrast=\"none\">Lorenzo Amor<\/span><\/b><span data-contrast=\"none\">; and the president of Fepime, M\u00aa Helena de Felipe.<\/span>[\/vc_column_text]<div class=\"flexslider wpb_content_element\"><ul class=\"slides\"><li><img src=\"https:\/\/www.foment.com\/wp-content\/uploads\/2022\/07\/MAT06144-scaled.jpg\" alt=\"\" \/><\/li><li><img src=\"https:\/\/www.foment.com\/wp-content\/uploads\/2022\/07\/JMI4115-scaled.jpg\" alt=\"\" \/><\/li><li><img src=\"https:\/\/www.foment.com\/wp-content\/uploads\/2022\/07\/JMI4237-scaled.jpg\" alt=\"\" \/><\/li><li><img src=\"https:\/\/www.foment.com\/wp-content\/uploads\/2022\/07\/JMI4247-scaled.jpg\" alt=\"\" \/><\/li><li><img src=\"https:\/\/www.foment.com\/wp-content\/uploads\/2022\/07\/JMI4293-scaled.jpg\" alt=\"\" \/><\/li><li><img src=\"https:\/\/www.foment.com\/wp-content\/uploads\/2022\/07\/MAT06226-scaled.jpg\" alt=\"\" \/><\/li><li><img src=\"https:\/\/www.foment.com\/wp-content\/uploads\/2022\/07\/MAT06200-scaled.jpg\" alt=\"\" \/><\/li><li><img src=\"https:\/\/www.foment.com\/wp-content\/uploads\/2022\/07\/MAT06260-scaled.jpg\" alt=\"\" \/><\/li><\/ul><\/div>[vc_column_text]<span style=\"color: #c12238;\"><strong><span class=\"TextRun SCXW35683149 BCX0\" lang=\"ES-ES\" xml:lang=\"ES-ES\" data-contrast=\"none\"><span class=\"NormalTextRun SCXW35683149 BCX0\">For a more dynamic and representative Foment, leader in the economic response of Catalonia<\/span><\/span> <\/strong><\/span><\/p>\n<p><span data-contrast=\"auto\">S\u00e1nchez Llibre has summarized his action plan proposal (embodied in his <\/span><span style=\"color: #3366ff;\"><a style=\"color: #3366ff;\" href=\"https:\/\/www.foment.com\/wp-content\/uploads\/2022\/07\/Programa_Deca%CC%80legIEESBEES.pdf\" target=\"_blank\" rel=\"noopener\">10-point electoral program<\/a><\/span><span data-contrast=\"auto\">), which will be discussed and validated by the Board of Directors, and which he summarized in pillars such as:<\/span><\/p>\n<ul>\n<li data-leveltext=\"\uf0b7\" data-font=\"Symbol\" data-listid=\"42\" data-list-defn-props=\"{&quot;335552541&quot;:1,&quot;335559684&quot;:-2,&quot;335559685&quot;:720,&quot;335559991&quot;:360,&quot;469769226&quot;:&quot;Symbol&quot;,&quot;469769242&quot;:[8226],&quot;469777803&quot;:&quot;left&quot;,&quot;469777804&quot;:&quot;\uf0b7&quot;,&quot;469777815&quot;:&quot;hybridMultilevel&quot;}\" aria-setsize=\"-1\" data-aria-posinset=\"1\" data-aria-level=\"1\"><b><span data-contrast=\"auto\">The return of companies.<\/span><\/b><span data-contrast=\"auto\"> For this reason, \u201cwe will also support the dialogue table recently re-launched by the governments of the State and the Generalitat of Catalonia to achieve the necessary political and economic stability to successfully face the current economic crisis situation.<\/span><\/li>\n<\/ul>\n<ul>\n<li data-leveltext=\"\uf0b7\" data-font=\"Symbol\" data-listid=\"42\" data-list-defn-props=\"{&quot;335552541&quot;:1,&quot;335559684&quot;:-2,&quot;335559685&quot;:720,&quot;335559991&quot;:360,&quot;469769226&quot;:&quot;Symbol&quot;,&quot;469769242&quot;:[8226],&quot;469777803&quot;:&quot;left&quot;,&quot;469777804&quot;:&quot;\uf0b7&quot;,&quot;469777815&quot;:&quot;hybridMultilevel&quot;}\" aria-setsize=\"-1\" data-aria-posinset=\"2\" data-aria-level=\"1\"><b><span data-contrast=\"auto\">Competitive taxation.<\/span><\/b><span data-contrast=\"auto\"> \u201cWe reiterate, once again the need to abolish the wealth tax and to seriously tackle the fight against tax fraud that conceals the underground economy of our country\u201d, which could reveal up to 35 billion euros in tax revenue.<\/span><\/li>\n<\/ul>\n<ul>\n<li data-leveltext=\"\uf0b7\" data-font=\"Symbol\" data-listid=\"42\" data-list-defn-props=\"{&quot;335552541&quot;:1,&quot;335559684&quot;:-2,&quot;335559685&quot;:720,&quot;335559991&quot;:360,&quot;469769226&quot;:&quot;Symbol&quot;,&quot;469769242&quot;:[8226],&quot;469777803&quot;:&quot;left&quot;,&quot;469777804&quot;:&quot;\uf0b7&quot;,&quot;469777815&quot;:&quot;hybridMultilevel&quot;}\" aria-setsize=\"-1\" data-aria-posinset=\"1\" data-aria-level=\"1\"><b><span data-contrast=\"auto\">Reindustrialization of Catalonia.<\/span><\/b><span data-contrast=\"auto\"> Achieving, by 2030, 25% industrial weight within Catalonia&#8217;s GDP. \u201cAt the same time, we support and collaborate with the Government of the Generalitat in the search for a major chip manufacturing company to set up in Catalonia. In this way, we could become the major European chip manufacturing hub in Southern Europe.\u201d<\/span><\/li>\n<\/ul>\n<ul>\n<li data-leveltext=\"\uf0b7\" data-font=\"Symbol\" data-listid=\"42\" data-list-defn-props=\"{&quot;335552541&quot;:1,&quot;335559684&quot;:-2,&quot;335559685&quot;:720,&quot;335559991&quot;:360,&quot;469769226&quot;:&quot;Symbol&quot;,&quot;469769242&quot;:[8226],&quot;469777803&quot;:&quot;left&quot;,&quot;469777804&quot;:&quot;\uf0b7&quot;,&quot;469777815&quot;:&quot;hybridMultilevel&quot;}\" aria-setsize=\"-1\" data-aria-posinset=\"2\" data-aria-level=\"1\"><b><span data-contrast=\"auto\">Infrastructure.<\/span><\/b><span data-contrast=\"auto\"> \u201cWe will continue working, with the various public administrations, to ensure that the level of investment and execution of budgeted amounts is fully met\u201d. Specifically, it has been proposed, with a bill to the parliamentary groups of the Congress of Deputies, the creation of an Independent Agency that oversees the execution of State infrastructure investments in Catalonia, with the participation of the State Administration, the Generalitat of Catalonia, local administrations of Catalonia, and the country&#8217;s civil society. Also, that the budgeted amounts not executed do not get lost and are automatically made available to the Government of the Generalitat for execution in subsequent years.<\/span><\/li>\n<\/ul>\n<ul>\n<li data-leveltext=\"\uf0b7\" data-font=\"Symbol\" data-listid=\"42\" data-list-defn-props=\"{&quot;335552541&quot;:1,&quot;335559684&quot;:-2,&quot;335559685&quot;:720,&quot;335559991\" aria-setsize=\"-1\" data-aria-posinset=\"1\" data-aria-level=\"1\"><b><span data-contrast=\"none\">Expansion of the Barcelona-El Prat Airport.<\/span><\/b><span data-contrast=\"none\">\u201cWe will continue working proactively with the Government of the Generalitat de Catalu\u00f1a and the Government of Spain to achieve maximum complicity so that the expansion becomes a reality in the coming years and that Barcelona becomes a true international airport hub\u201d. In this regard, a major international event in Barcelona, planned and organized by IESE and Foment, has been announced for November 21, which will claim this objective.<\/span><\/li>\n<\/ul>\n<ul>\n<li data-leveltext=\"\uf0b7\" data-font=\"Symbol\" data-listid=\"42\" data-list-defn-props=\"{&quot;335552541&quot;:1,&quot;335559684&quot;:-2,&quot;335559685&quot;:720,&quot;335559991&quot;:360,&quot;469769226&quot;:&quot;Symbol&quot;,&quot;469769242&quot;:[8226],&quot;469777803&quot;:&quot;left&quot;,&quot;469777804&quot;:&quot;\uf0b7&quot;,&quot;469777815&quot;:&quot;hybridMultilevel&quot;}\" aria-setsize=\"-1\" data-aria-posinset=\"2\" data-aria-level=\"1\"><b><span data-contrast=\"auto\">Claim, reinforce, and defend the role of the entrepreneur and the family business<\/span><\/b><span data-contrast=\"auto\"> as engines of wealth generation and job creation. Moreover, we are crucial elements to strengthen and guarantee social cohesion and to fight against social inequalities.<\/span><\/li>\n<\/ul>\n<ul>\n<li data-leveltext=\"\uf0b7\" data-font=\"Symbol\" data-listid=\"42\" data-list-defn-props=\"{&quot;335552541&quot;:1,&quot;335559684&quot;:-2,&quot;335559685&quot;:720,&quot;335559991&quot;:360,&quot;469769226&quot;:&quot;Symbol&quot;,&quot;469769242&quot;:[8226],&quot;469777803&quot;:&quot;left&quot;,&quot;469777804&quot;:&quot;\uf0b7&quot;,&quot;469777815&quot;:&quot;hybridMultilevel&quot;}\" aria-setsize=\"-1\" data-aria-posinset=\"1\" data-aria-level=\"1\"><b><span data-contrast=\"auto\">SMEs will be the true protagonists of this new mandate<\/span><\/b><span data-contrast=\"auto\"> through the incorporation of Fepime and the creation of the SME Council, confirmed by all territories affiliated with Foment.<\/span><\/li>\n<\/ul>\n<ul>\n<li data-leveltext=\"\uf0b7\" data-font=\"Symbol\" data-listid=\"42\" data-list-defn-props=\"{&quot;335552541&quot;:1,&quot;335559684&quot;:-2,&quot;335559685&quot;:720,&quot;335559991&quot;:360,&quot;469769226&quot;:&quot;Symbol&quot;,&quot;469769242&quot;:[8226],&quot;469777803&quot;:&quot;left&quot;,&quot;469777804&quot;:&quot;\uf0b7&quot;,&quot;469777815&quot;:&quot;hybridMultilevel&quot;}\" aria-setsize=\"-1\" data-aria-posinset=\"2\" data-aria-level=\"1\"><b><span data-contrast=\"auto\">Reinforcement of the commitment to equality.<\/span><\/b><span data-contrast=\"auto\"> Women with vice presidencies of Foment and presidencies of sectoral commissions will maintain a strong presence and contribute to the feminization of the organization.<\/span><\/li>\n<\/ul>\n<ul>\n<li data-leveltext=\"\uf0b7\" data-font=\"Symbol\" data-listid=\"42\" data-list-defn-props=\"{&quot;335552541&quot;:1,&quot;335559684&quot;:-2,&quot;335559685&quot;:720,&quot;335559991&quot;:360,&quot;469769226&quot;:&quot;Symbol&quot;,&quot;469769242&quot;:[8226],&quot;469777803&quot;:&quot;left&quot;,&quot;469777804&quot;:&quot;\uf0b7&quot;,&quot;469777815&quot;:&quot;hybridMultilevel&quot;}\" aria-setsize=\"-1\" data-aria-posinset=\"1\" data-aria-level=\"1\"><b><span data-contrast=\"auto\">Incorporation of young entrepreneurs and the new economy<\/span><\/b><span data-contrast=\"auto\"> into two relevant vice presidencies, held by the president of AIJEC, <\/span><b><span data-contrast=\"auto\">Ruben Sans<\/span><\/b><span data-contrast=\"auto\"> and the president of Tech Barcelona, <\/span><b><span data-contrast=\"auto\">Miguel Vicente<\/span><\/b><span data-contrast=\"auto\">.<\/span><\/li>\n<\/ul>\n<ul>\n<li data-leveltext=\"\uf0b7\" data-font=\"Symbol\" data-listid=\"42\" data-list-defn-props=\"{&quot;335552541&quot;:1,&quot;335559684&quot;:-2,&quot;335559685&quot;:720,&quot;335559991&quot;:360,&quot;469769226&quot;:&quot;Symbol&quot;,&quot;469769242&quot;:[8226],&quot;469777803&quot;:&quot;left&quot;,&quot;469777804&quot;:&quot;\uf0b7&quot;,&quot;469777815&quot;:&quot;hybridMultilevel&quot;}\" aria-setsize=\"-1\" data-aria-posinset=\"2\" data-aria-level=\"1\"><b><span data-contrast=\"auto\">Incorporation of traditional sectors such as metal and tourism<\/span><\/b><span data-contrast=\"auto\"> into the vice presidency of Foment with <\/span><b><span data-contrast=\"auto\">Jaume Roura <\/span><\/b><span data-contrast=\"auto\">and <\/span><b><span data-contrast=\"auto\">Santiago Garc\u00eda Nieto<\/span><\/b><span data-contrast=\"auto\">, respectively. Once this proposal to amend the Statutes is approved by the new Board of Directors -which met after the Assembly- it will be presented for definitive approval in a General Assembly that will take place in the coming months.<\/span><\/li>\n<\/ul>\n<p><span data-contrast=\"none\">Through these 10 proposals, the new Board of Foment intends <\/span><b><span data-contrast=\"none\">&#8220;to lead Catalonia&#8217;s economic response to the geopolitical situation, making Foment an effective lobby to defend the competitiveness of companies in Catalonia; in Spain, through the CEOE; and also in the European Union&#8221;,<\/span><\/b><span data-contrast=\"none\"> S\u00e1nchez Llibre assured.<\/span><\/p>\n<p><span style=\"color: #c12238;\"><b>Vice Presidencies<\/b> <\/span><\/p>\n<p><span data-contrast=\"none\">The Board of Directors, convened immediately after the Assembly, has chosen, at the president&#8217;s proposal, as vice presidencies of the entity -in addition to the statutory vice presidents such as the president of Fepime and the presidents of the main territorial organizations- (in alphabetical order): <\/span><b><span data-contrast=\"none\">Mar Alarc\u00f3n, Elisabet Ca\u00f1igueral, Virg\u00ednia Guinda, Llu\u00eds Moreno (president of the Cambra de Contractistes d\u2019Obres de Catalunya), Cinta Pascual (president of ACRA), Joan Roget (president of Fedequim), Baldiri Ros (president of l\u2019Institut Agr\u00edcola Catal\u00e0 de Sant Isidre), Ruben Sans (president of AIJEC) and Miguel Vicente (president of Tech Barcelona).<\/span><\/b><\/p>\n<p aria-level=\"3\"><span style=\"color: #c12238;\"><b>The Electoral Process<\/b><\/span><\/p>\n<p><span data-contrast=\"none\">With the General Assembly, the electoral process that began with the call for elections by the Board on June 14 concludes. As established by the Electoral Regime of the Statutes of Foment, the Board of Directors appointed the Electoral Board and approved the Electoral Plan for this new call for Elections. The Electoral Board was chaired by <\/span><b><span data-contrast=\"none\">Carme Mur<\/span><\/b><span data-contrast=\"none\">, founder of Mur&amp;Partners and Business Impulsion, and included as members <\/span><b><span data-contrast=\"none\">Mari Carmen Bruach<\/span><\/b><span data-contrast=\"none\">, from l\u2019Institut Agr\u00edcola Oficial Catal\u00e0 de Sant Isidre, and <\/span><b><span data-contrast=\"none\">Silvia Alsina<\/span><\/b><span data-contrast=\"none\">, president of Roman.<\/span> [\/vc_column_text]<div class=\"video-embed  wpb_content_element\"><iframe title=\"L\u2019Assemblea de Foment ratifica la proclamaci\u00f3 com a president de Josep S\u00e1nchez Llibre\" width=\"1161\" height=\"653\" src=\"https:\/\/www.youtube.com\/embed\/_lcRRy8DCnE?feature=oembed\" frameborder=\"0\" allow=\"accelerometer; autoplay; clipboard-write; encrypted-media; gyroscope; picture-in-picture; web-share\" referrerpolicy=\"strict-origin-when-cross-origin\" allowfullscreen><\/iframe><\/div>[\/vc_column][\/vc_row]<\/p>\n<\/section>","protected":false},"excerpt":{"rendered":"<p>[vc_row][vc_column][vc_column_text] The business association proposes a major agreement to overcome the deep economic and social crisis and prevent its chronicity: &#8220;Only together will we overcome the crisis. Unilateral and populist measures will not achieve it.&#8221; (Full speech). S\u00e1nchez Llibre announces Foment&#8217;s support for the recently re-launched dialogue table by the State and Generalitat governments to achieve the necessary political and economic stability to successfully face the current crisis situation. Foment has regretted that the State Government demands sacrifices from the self-employed, companies, and citizens, in general, and does not demand at the same time any sacrifice or effort from the public administrations to move towards better public spending efficiency and savings increase. The Board of Directors also appoints, at the president&#8217;s proposal, the new Executive Committee. The General Assembly of Foment has ratified the election of Josep S\u00e1nchez Llibre as president of the institution, once he has been proclaimed by the Electoral Board. The candidacy of S\u00e1nchez Llibre was the only one presented in the electoral process that concluded today with the also ratification of the new members of the Board of Directors. As only one candidacy for the Presidency of Foment and 76 candidacies for the directorships of the [&hellip;]<\/p>\n","protected":false},"author":281,"featured_media":180031,"comment_status":"closed","ping_status":"closed","sticky":false,"template":"","format":"standard","meta":{"_links_to":"","_links_to_target":""},"categories":[168,179,6650],"tags":[],"acf":[],"wps_subtitle":"The General Assembly of Foment has ratified the proclamation as president of Josep S\u00e1nchez Llibre and that of the 76 members of the new Board of Directors","_links":{"self":[{"href":"https:\/\/www.foment.com\/en\/wp-json\/wp\/v2\/posts\/180027"}],"collection":[{"href":"https:\/\/www.foment.com\/en\/wp-json\/wp\/v2\/posts"}],"about":[{"href":"https:\/\/www.foment.com\/en\/wp-json\/wp\/v2\/types\/post"}],"author":[{"embeddable":true,"href":"https:\/\/www.foment.com\/en\/wp-json\/wp\/v2\/users\/281"}],"replies":[{"embeddable":true,"href":"https:\/\/www.foment.com\/en\/wp-json\/wp\/v2\/comments?post=180027"}],"version-history":[{"count":5,"href":"https:\/\/www.foment.com\/en\/wp-json\/wp\/v2\/posts\/180027\/revisions"}],"predecessor-version":[{"id":180038,"href":"https:\/\/www.foment.com\/en\/wp-json\/wp\/v2\/posts\/180027\/revisions\/180038"}],"wp:featuredmedia":[{"embeddable":true,"href":"https:\/\/www.foment.com\/en\/wp-json\/wp\/v2\/media\/180031"}],"wp:attachment":[{"href":"https:\/\/www.foment.com\/en\/wp-json\/wp\/v2\/media?parent=180027"}],"wp:term":[{"taxonomy":"category","embeddable":true,"href":"https:\/\/www.foment.com\/en\/wp-json\/wp\/v2\/categories?post=180027"},{"taxonomy":"post_tag","embeddable":true,"href":"https:\/\/www.foment.com\/en\/wp-json\/wp\/v2\/tags?post=180027"}],"curies":[{"name":"wp","href":"https:\/\/api.w.org\/{rel}","templated":true}]}}