{"id":59085,"date":"2019-02-25T13:53:02","date_gmt":"2019-02-25T12:53:02","guid":{"rendered":"https:\/\/www.foment.com\/?p=59085"},"modified":"2019-07-29T14:42:41","modified_gmt":"2019-07-29T12:42:41","slug":"foment-destaca-el-paper-de-la-industria-de-laigua-per-a-la-consecucio-dun-desenvolupament-economic-sostenible","status":"publish","type":"post","link":"https:\/\/www.foment.com\/en\/foment-destaca-el-paper-de-la-industria-de-laigua-per-a-la-consecucio-dun-desenvolupament-economic-sostenible\/","title":{"rendered":"Foment destaca el paper de la ind\u00fastria de l&#8217;aigua per a la consecuci\u00f3 d&#8217;un desenvolupament econ\u00f2mic sostenible"},"content":{"rendered":"<section class=\"wpb-content-wrapper\"><p>[vc_row][vc_column][vc_column_text]Prop d\u2019un centenar de professionals del sector agr\u00edcola i industrial s\u2019han reunit a Foment del Treball per assistir a la jornada, <strong>\u201cInd\u00fastria i sostenibilitat: Reptes i perspectives per a la ind\u00fastria de l\u2019agua\u201d<\/strong>,\u00a0organitzada per\u00a0l\u2019<strong>Institut Agr\u00edcola Catal\u00e0 de Sant Isidre<\/strong>. L\u2019objectiu de la sessi\u00f3 ha estat reflexionar sobre els reptes de la ind\u00fastria de l\u2019aigua per satisfer la creixent demanda per a la producci\u00f3 agr\u00edcola, en un entorn de canvi clim\u00e0tic.\u00a0Una de les principals demandes que ha sorgit del debat, ha estat la necessitat d\u2019incrementar la productivitat del sector agr\u00edcola per fer front al repte demogr\u00e0fic mundial mitjan\u00e7ant l\u2019aplicaci\u00f3 de les noves tecnologies i l\u2019adopci\u00f3 massiva del regament de precissi\u00f3.[\/vc_column_text]<div class=\"spacer\" style=\"height: 10px;\"><\/div>[\/vc_column][\/vc_row][vc_row][vc_column width=&#8221;1\/2&#8243;][vc_column_text]El <strong>president del Foment del Treball, Josep S\u00e1nchez Llibre<\/strong>, ha inaugurat l\u2019acte i ha afirmat que la gesti\u00f3 de <strong>l\u2019aigua representa \u201cun element clau per a la consecuci\u00f3 d\u2019un desenvolupament econ\u00f2mic sostenible\u201d<\/strong> i que \u00e9s necessari establir f\u00f2rums com aquest per <strong>\u201ctrobar solucions transversals que incorporin la visi\u00f3 de tots els agents implicats\u201d<\/strong>. Tamb\u00e9 ha recalcat que \u201cel 70% de l\u2019aigua que es consumeix a Catalunya es destina a un \u00fas agrari\u201d i que \u201cla col\u00b7laboraci\u00f3 p\u00fablicoprivada \u00e9s l\u2019\u00fanica f\u00f2rmula possible per materialitzar les inversions requerides en infraestructures h\u00eddriques\u201d. \u201cNo ens podem permetre visions parcials\u201d, ha afirmat S\u00e1nchez Llibre, que tot i considerar mod\u00e8lic el sector catal\u00e0 de l\u2019aigua, ha lamentat l\u2019excesiva complexitat del marc regulador.[\/vc_column_text]<div class=\"spacer\" style=\"height: 10px;\"><\/div>[\/vc_column][vc_column width=&#8221;1\/2&#8243;]<div class=\"single_image wpb_content_element align-left    \" data-animation=\"none\" data-delay=\"0\"><img width=\"2814\" height=\"2278\" src=\"https:\/\/www.foment.com\/wp-content\/uploads\/2019\/02\/Josep-Sanchez-Llibre-Baldiri-Ros.jpg\" class=\"attachment-full\" alt=\"\" loading=\"lazy\" title=\"Josep Sanchez Llibre Baldiri Ros\" \/><\/div><div class=\"spacer\" style=\"height: 10px;\"><\/div>[\/vc_column][\/vc_row][vc_row][vc_column][vc_column_text]Per la seva part, el <strong>president de l\u2019Institut Agr\u00edcola i vicepresident del Foment, Baldiri Ros<\/strong>, ha celebrat la trobada i la creaci\u00f3 d\u2019una nova comissi\u00f3 d\u2019agricultura per part de la patronal, com un aven\u00e7 molt significatiu pel sector agrari de cara al reconeixement de la seva import\u00e0ncia per al desenvolupament econ\u00f2mic de Catalunya. Ros\u00a0tamb\u00e9 ha afirmat <strong>que \u201cl\u2019agricultura ser\u00e0 de regadiu o no ser\u00e0\u201d<\/strong>, i ha advocat \u201cper una utilizaci\u00f3 racional de l\u2019agua\u201d per incrementar la productivitat per\u00f2 amb un menor consum de recursos h\u00eddrics. A m\u00e9s ha demanat que \u201cs\u2019evitin les posicions ideol\u00f2giques\u201d a l\u2019hora d\u2019abordar el tema de l\u2019aigua i ha advertit del risc que \u201cs\u2019imposin criteris pseudocient\u00edfics\u201d en aquetsa mat\u00e8ria.[\/vc_column_text][vc_column_text]<\/p>\n<h3><span style=\"color: #c1002b;\"><strong>\u00c9s necessari un increment de la productivitat agr\u00edcola<\/strong><\/span><\/h3>\n<p>[\/vc_column_text]<div class=\"spacer\" style=\"height: 10px;\"><\/div>[\/vc_column][\/vc_row][vc_row][vc_column width=&#8221;1\/2&#8243;]<div class=\"single_image wpb_content_element align-left    \" data-animation=\"none\" data-delay=\"0\"><img width=\"1224\" height=\"1243\" src=\"https:\/\/www.foment.com\/wp-content\/uploads\/2019\/02\/SUEZ.jpg\" class=\"attachment-full\" alt=\"\" loading=\"lazy\" title=\"SUEZ\" \/><\/div><div class=\"spacer\" style=\"height: 10px;\"><\/div>[\/vc_column][vc_column width=&#8221;1\/2&#8243;][vc_column_text]La taula d\u2019experts ha comptat amb el <strong>director general de Suez Advanced Solutions, Jos\u00e9 Antonio Guijarro<\/strong>, qui ha recordat que la poblaci\u00f3 mundial arribar\u00e0 als 10.000 milions de persones el 2050 sense que creixi l\u2019estock de terra cultivable. <strong>\u201cEs calcula que ser\u00e0 necessari un increment del 60% de la productivitat agr\u00edcola per alimentar la poblaci\u00f3 futura\u201d<\/strong>, ha avisat el directiu. Tamb\u00e9 ha explicat que en un futur proper guanyar\u00e0 import\u00e0ncia el regadiu, doncs <strong>\u201cels cultius de regadiu s\u00f3n, de mitjana, dues vegades m\u00e9s productius que els de sec\u00e0\u201d<\/strong>. En aquests cultius \u00e9s on ser\u00e0 m\u00e9s necess\u00e0ria la modernitzaci\u00f3 dels sistemes de regadiu, donat que \u201cla majoria de les terres es reguen ara per inundaci\u00f3, un sistema clarament ineficient\u201d que haur\u00e0 d\u2019evolucionar a sistemes de reg de precisi\u00f3, que permetin estalviar aigua i incrementar la productivitat.[\/vc_column_text]<div class=\"spacer\" style=\"height: 10px;\"><\/div>[\/vc_column][\/vc_row][vc_row][vc_column][vc_column_text]D\u2019altra banda, la <strong>directora d\u2019Innovaci\u00f3 i Coneixement d\u2019Aig\u00fces de Barcelona, Maria Monz\u00f3,<\/strong> ha presentat diferents projectes en desenvolupament que estableixen <strong>sin\u00e8rgies entre la gesti\u00f3 del cicle urb\u00e0 de l\u2019aigua i el seu \u00fas en agricultura i industria<\/strong>. Adicionalment, ha destacat <strong>\u201cla reutilitzaci\u00f3 com la millor alternativa per garantitzar el subministre en el futur d\u2019una manera econ\u00f2micament viable i sostenible\u201d<\/strong>.<\/p>\n<p>La jornada s\u2019ha celebrat en el marc de la <strong>EU Industry Week<\/strong> i ha comptat amb la intervenci\u00f3 final de la <strong>EU policies de la Comissi\u00f3 Europea,\u00a0Monica Rita Salgado Fern\u00e1ndez<\/strong>.[\/vc_column_text]<div class=\"flexslider wpb_content_element\"><ul class=\"slides\"><li><img src=\"https:\/\/www.foment.com\/wp-content\/uploads\/2019\/02\/DSC_0849.1.jpg\" alt=\"\" \/><\/li><li><img src=\"https:\/\/www.foment.com\/wp-content\/uploads\/2019\/02\/DSC_0861.jpg\" alt=\"\" \/><\/li><li><img src=\"https:\/\/www.foment.com\/wp-content\/uploads\/2019\/02\/DSC_0871.jpg\" alt=\"\" \/><\/li><li><img src=\"https:\/\/www.foment.com\/wp-content\/uploads\/2019\/02\/DSC_0874.jpg\" alt=\"\" \/><\/li><li><img src=\"https:\/\/www.foment.com\/wp-content\/uploads\/2019\/02\/DSC_0879.jpg\" alt=\"\" \/><\/li><li><img src=\"https:\/\/www.foment.com\/wp-content\/uploads\/2019\/02\/DSC_0888.jpg\" alt=\"\" \/><\/li><li><img src=\"https:\/\/www.foment.com\/wp-content\/uploads\/2019\/02\/DSC_0890.jpg\" alt=\"\" \/><\/li><li><img src=\"https:\/\/www.foment.com\/wp-content\/uploads\/2019\/02\/DSC_0914.jpg\" alt=\"\" \/><\/li><li><img src=\"https:\/\/www.foment.com\/wp-content\/uploads\/2019\/02\/DSC_0927.jpg\" alt=\"\" \/><\/li><li><img src=\"https:\/\/www.foment.com\/wp-content\/uploads\/2019\/02\/DSC_0938.jpg\" alt=\"\" \/><\/li><\/ul><\/div>[\/vc_column][\/vc_row]<\/p>\n<\/section>","protected":false},"excerpt":{"rendered":"<p>[vc_row][vc_column][vc_column_text]Prop d\u2019un centenar de professionals del sector agr\u00edcola i industrial s\u2019han reunit a Foment del Treball per assistir a la jornada, \u201cInd\u00fastria i sostenibilitat: Reptes i perspectives per a la ind\u00fastria de l\u2019agua\u201d,\u00a0organitzada per\u00a0l\u2019Institut Agr\u00edcola Catal\u00e0 de Sant Isidre. L\u2019objectiu de la sessi\u00f3 ha estat reflexionar sobre els reptes de la ind\u00fastria de l\u2019aigua per satisfer la creixent demanda per a la producci\u00f3 agr\u00edcola, en un entorn de canvi clim\u00e0tic.\u00a0Una de les principals demandes que ha sorgit del debat, ha estat la necessitat d\u2019incrementar la productivitat del sector agr\u00edcola per fer front al repte demogr\u00e0fic mundial mitjan\u00e7ant l\u2019aplicaci\u00f3 de les noves tecnologies i l\u2019adopci\u00f3 massiva del regament de precissi\u00f3.[\/vc_column_text][\/vc_column][\/vc_row][vc_row][vc_column width=&#8221;1\/2&#8243;][vc_column_text]El president del Foment del Treball, Josep S\u00e1nchez Llibre, ha inaugurat l\u2019acte i ha afirmat que la gesti\u00f3 de l\u2019aigua representa \u201cun element clau per a la consecuci\u00f3 d\u2019un desenvolupament econ\u00f2mic sostenible\u201d i que \u00e9s necessari establir f\u00f2rums com aquest per \u201ctrobar solucions transversals que incorporin la visi\u00f3 de tots els agents implicats\u201d. Tamb\u00e9 ha recalcat que \u201cel 70% de l\u2019aigua que es consumeix a Catalunya es destina a un \u00fas agrari\u201d i que \u201cla col\u00b7laboraci\u00f3 p\u00fablicoprivada \u00e9s l\u2019\u00fanica f\u00f2rmula possible per materialitzar les inversions requerides en infraestructures h\u00eddriques\u201d. \u201cNo ens [&hellip;]<\/p>\n","protected":false},"author":10,"featured_media":59073,"comment_status":"closed","ping_status":"closed","sticky":false,"template":"","format":"standard","meta":{"_links_to":"","_links_to_target":""},"categories":[168,179],"tags":[1284,1283,1282,1285],"acf":[],"wps_subtitle":"","_links":{"self":[{"href":"https:\/\/www.foment.com\/en\/wp-json\/wp\/v2\/posts\/59085"}],"collection":[{"href":"https:\/\/www.foment.com\/en\/wp-json\/wp\/v2\/posts"}],"about":[{"href":"https:\/\/www.foment.com\/en\/wp-json\/wp\/v2\/types\/post"}],"author":[{"embeddable":true,"href":"https:\/\/www.foment.com\/en\/wp-json\/wp\/v2\/users\/10"}],"replies":[{"embeddable":true,"href":"https:\/\/www.foment.com\/en\/wp-json\/wp\/v2\/comments?post=59085"}],"version-history":[{"count":0,"href":"https:\/\/www.foment.com\/en\/wp-json\/wp\/v2\/posts\/59085\/revisions"}],"wp:featuredmedia":[{"embeddable":true,"href":"https:\/\/www.foment.com\/en\/wp-json\/wp\/v2\/media\/59073"}],"wp:attachment":[{"href":"https:\/\/www.foment.com\/en\/wp-json\/wp\/v2\/media?parent=59085"}],"wp:term":[{"taxonomy":"category","embeddable":true,"href":"https:\/\/www.foment.com\/en\/wp-json\/wp\/v2\/categories?post=59085"},{"taxonomy":"post_tag","embeddable":true,"href":"https:\/\/www.foment.com\/en\/wp-json\/wp\/v2\/tags?post=59085"}],"curies":[{"name":"wp","href":"https:\/\/api.w.org\/{rel}","templated":true}]}}