{"id":100200,"date":"2020-10-20T13:54:14","date_gmt":"2020-10-20T11:54:14","guid":{"rendered":"https:\/\/www.foment.com\/sanchez-llibre-defensa-una-alianca-estrategica-entre-espanya-i-italia-per-avancar-en-el-hub-industrial-europeu\/"},"modified":"2020-10-20T17:18:13","modified_gmt":"2020-10-20T15:18:13","slug":"sanchez-llibre-defiende-alianza-estrategica-espana-y-italia-avanzar-hub-industrial-europeo","status":"publish","type":"post","link":"https:\/\/www.foment.com\/es\/sanchez-llibre-defiende-alianza-estrategica-espana-y-italia-avanzar-hub-industrial-europeo\/","title":{"rendered":"S\u00e1nchez Llibre defiende una alianza estrat\u00e9gica entre Espa\u00f1a e Italia para avanzar en el hub industrial de europeo"},"content":{"rendered":"<section class=\"wpb-content-wrapper\"><p>[vc_row][vc_column][vc_column_text]<\/p>\n<ul>\n<li><strong>El objetivo es incrementar hasta el 22% el peso de la industria en el PIB en los pr\u00f3ximos diez a\u00f1os. Representa aumentar en 5,7 puntos el PIB industrial en el 2030. Unos 70.000 millones de euros m\u00e1s.<\/strong><\/li>\n<li><strong>Defiende la implementaci\u00f3n de planes de choque para los sectores m\u00e1s afectados y transferencias directas a las empresas \u2013unos 50.000 millones de euros- hasta que lleguen los fondos europeos.<\/strong><\/li>\n<li><strong>Es imprescindible aprobar los PGE y aprovechar los fondos europeos para la recuperaci\u00f3n.<\/strong><\/li>\n<li><strong>Los Presupuestos Generales del Estado del 2021 requerir\u00e1n el m\u00e1ximo apoyo y lealtad institucional. \u201cHay que reindustrializar Espa\u00f1a\u201d, dijo en Roma.<\/strong><\/li>\n<li><strong>En su intervenci\u00f3n durante el Foro de Di\u00e1logo Italia-Espa\u00f1a, defendi\u00f3 que \u201cse deben aprovechar todos los recursos europeos\u201d con los proyectos que requiere la agenda europea: infraestructuras, <em>new green deal<\/em> y transici\u00f3n digital.<\/strong><\/li>\n<li><strong>Se debe promover la colaboraci\u00f3n p\u00fablico privada en el desarrollo de los proyectos estrat\u00e9gicos de la nueva industria.<\/strong><\/li>\n<li><strong>La vicepresidenta de Foment, Mar Alarc\u00f3n, pidi\u00f3 que los fondos europeos lleguen tambi\u00e9n a las startups y compa\u00f1\u00edas de base tecnol\u00f3gica \u201cporque contribuyen a una econom\u00eda m\u00e1s productiva, m\u00e1s competitiva y m\u00e1s innovadora\u201d.<\/strong><\/li>\n<\/ul>\n<p>El presidente de Foment del Treball, Josep S\u00e1nchez Llibre, ha propuesto hoy en Roma la concreci\u00f3n de una <strong>alianza econ\u00f3mica y estrat\u00e9gica entre Espa\u00f1a e Italia para avanzar hacia la creaci\u00f3n de un hub industrial europeo que pueda \u201cromper el monopolio industrial de EEUU y China<\/strong>\u201d. En el Foro de Di\u00e1logo Italia-Espa\u00f1a, S\u00e1nchez Llibre pidi\u00f3 la inyecci\u00f3n de fondos directos a las empresas y los sectores que est\u00e1n sufriendo la crisis econ\u00f3mica derivada de la pandemia. \u201cHay que aprobar los presupuestos y aprovechar los fondos europeos para empezar a trabajar con el <strong>objetivo de reindustrializar Espa\u00f1a y alcanzar el 22% del peso de la industria en el PIB en los pr\u00f3ximos diez a\u00f1os. Esto representa un incremento de 5,7 puntos, unos 70.000 millones de euros m\u00e1s<\/strong>.<\/p>\n<p>Del mismo modo ha defendido que ser\u00e1 necesario implementar <strong>planes de choque para reestructurar los sectores m\u00e1s afectados por la crisis: turismo, comercio, restauraci\u00f3n, sector hotelero, cultura y deportes, de modo que ser\u00e1 necesario transferir fondos del Estado a las empresas, con un volumen estimado de 50.000 millones de euros<\/strong>. \u201cNo hay que temer al d\u00e9ficit p\u00fablico ni\u00a0 a la deuda.\u00a0 La econom\u00eda espa\u00f1ola es la m\u00e1s d\u00e9bil de la Uni\u00f3n Europea \u00a0y, por ello, en estos momentos lo importante es salvar empresas y superar el<em> gap <\/em>que sufrir\u00e1 la econom\u00eda espa\u00f1ola hasta que lleguen los fondos europeos.\u201d, destac\u00f3 S\u00e1nchez Llibre.,<\/p>\n<p>Por ello, el presidente de Foment ha reiterado hoy en Roma la necesidad de que el conjunto de formaciones pol\u00edticas con representaci\u00f3n parlamentaria en el Congreso de los Diputados act\u00faen con la \u201c<strong>m\u00e1xima lealtad institucional y respetando todas las instituciones democr\u00e1ticas en el marco constitucional<\/strong>\u201d para permitir la aprobaci\u00f3n de los Presupuestos Generales del Estado e iniciar as\u00ed el desarrollo de los proyectos que permitir\u00e1n avanzar hacia la reindustrializaci\u00f3n de Espa\u00f1a. S\u00e1nchez Llibre, que mostr\u00f3 su preocupaci\u00f3n por la evoluci\u00f3n de la crisis sanitaria y econ\u00f3mica y que afecta a la viabilidad de miles de empresas del pa\u00eds, explic\u00f3 que \u201c<strong>hay que aprovechar todos los recursos europeos del programa Next Generation y contar con los presupuestos de del Estado y los proyectos bien definidos que requiere la agenda europea a trav\u00e9s de su programa Next Generation EU\u201d.<\/strong><\/p>\n<p>El presidente de Foment explic\u00f3 que la evoluci\u00f3n de la industria y su empleo en Europa ha sido negativa en los \u00faltimos 20 a\u00f1os, con \u00edndices inferiores en Espa\u00f1a respecto a la media del resto de pa\u00edses de la UE. El PIB industrial en Europa ha ca\u00eddo cuatro puntos (del 22% al 17,6%) y\u00a0 por lo tanto tambi\u00e9n el empleo vinculado a esta actividad ha descendido cinco puntos (del 20% al 15%). Pero en Espa\u00f1a todos los indicadores del sector industrial son inferiores a la medida europea:\u00a0 16,3% el PIB industrial y 14%, el empleo de este sector. Espa\u00f1a e Italia son las econom\u00edas relevantes de la Uni\u00f3n Europea con peores indicadores en la industria, muy por debajo de Alemania (23,6%), Irlanda, Polonia, Hungr\u00eda, Chequeia, Eslovaquia, etc.<\/p>\n<p><span style=\"color: #c1002b;\"><strong>Objetivo 2030 y Colaboraci\u00f3n P\u00fablico Privada<\/strong><\/span><\/p>\n<p>El objetivo de Espa\u00f1a para el a\u00f1o 2030, desde la perspectiva de la reindustrializaci\u00f3n y aprovechando los Fondos de la Recuperaci\u00f3n de la UE, es superar el 20% para alcanzar el 22% del peso de la industrial en el PIB \u201clo que implica un incremento de 5,7 puntos del PIB industrial, en torno a los 70.000 millones de euros, en el a\u00f1o 2030.<\/p>\n<p>Para conseguir este objetivo \u2013el empleo que genera la industria es de m\u00e1s calidad y es capaz de superar mejor las crisis econ\u00f3micas- es imprescindible avanzar tambi\u00e9n en los proyectos que cumplan los requerimientos de los fondos de recuperaci\u00f3n de la Uni\u00f3 Europea y que deben basarse en los ejes estrat\u00e9gicos de la nueva industria: las infraestructuras, el New Green Deal y la transformaci\u00f3n digital de la econom\u00eda. Una vez m\u00e1s, S\u00e1nchez Llibre apel\u00f3 a la Colaboraci\u00f3n P\u00fablico Privada (CPP) para hacer posible la ejecuci\u00f3n y el cumplimiento de los proyectos que se presenten.<\/p>\n<p><span style=\"color: #c1002b;\"><strong>Los proyectos<\/strong><\/span><\/p>\n<ol>\n<li><strong>En el cap\u00edtulo de Infraestructuras<\/strong>, el presidente de Foment se refiri\u00f3 a la completa ejecuci\u00f3n de todos los tramos del <strong>Corredor Mediterr\u00e1neo <\/strong>para el transporte ferroviario de mercanc\u00edas entre Algeciras y Budapest y del <strong>Corredor Terrestre y Ferroviario de los Puertos Espa\u00f1oles<\/strong><\/li>\n<li><strong>New Green Deal<\/strong> enumer\u00f3 las l\u00edneas principales de la econom\u00eda verde: transici\u00f3n energ\u00e9tica, Econom\u00eda Circular; Biodiversidad, Agroalimentaria y Ciclo del Agua; y, por \u00faltimo Movilidad Sostenible<\/li>\n<li><strong>En Transici\u00f3n Digital<\/strong> se refiri\u00f3 a la formaci\u00f3n, el despliegue de la telefon\u00eda 5G, y la digitalizaci\u00f3n de las pimes y las administraciones p\u00fablicas. Tambi\u00e9n a la dotaci\u00f3n de infraestructuras tecnol\u00f3gicas que son claves para el futuro de Espa\u00f1a<\/li>\n<li><strong>Salud y Biotecnolog\u00eda. <\/strong>En este apartado defendi\u00f3 que la industria sanitaria y la biotecnolog\u00eda es un sector estrat\u00e9gico de la econom\u00eda catalana y que requiere los fondos para su consolidaci\u00f3n.<\/li>\n<\/ol>\n<p><span style=\"color: #c1002b;\"><strong>Mar Alarc\u00f3n: \u201cLos fondos europeos deben llegar tambi\u00e9n a startups porque contribuyen a una econom\u00eda m\u00e1s productiva, m\u00e1s competitiva y m\u00e1s innovadora\u201d<\/strong><\/span><\/p>\n<p>La vicepresidenta de Foment del Treball, Mar Alarc\u00f3n, defendi\u00f3 durante su participaci\u00f3n en el Foro Italia Espa\u00f1a, que las startups y compa\u00f1\u00edas de base tecnol\u00f3gica ser\u00e1n clave en el relanzamiento de la econom\u00eda, haci\u00e9ndola m\u00e1s productiva, m\u00e1s competitiva y m\u00e1s innovadora. \u201cHablamos de empresas que son \u00e1giles y r\u00e1pidas en cubrir las nuevas tendencias de consumo que se han acelerado durante la crisis del Covid-19\u201d, afirm\u00f3.<\/p>\n<p>Alarc\u00f3n elogi\u00f3 el ecosistema emprendedor espa\u00f1ol y se refiri\u00f3 a Barcelona como uno de los cinco hubs tecnol\u00f3gicos m\u00e1s importantes de Europa, junto a Londres, Par\u00eds, Berl\u00edn y Amsterdam. Destac\u00f3 el papel aglutinador de instituciones que como Barcelona Tech City ejercen de tractor del sector tecnol\u00f3gico.<\/p>\n<p><span style=\"color: #c1002b;\"><strong>Regulaci\u00f3n<\/strong><\/span><\/p>\n<p>Lament\u00f3 los conflictos regulatorios que se generan ante \u00a0los modelos de negocio m\u00e1s disruptivos e innovadores. \u201cEsta disonancia entre\u00a0 modelos disruptivos y regulaci\u00f3n no deber\u00eda ser \u00fanicamente objetivo de titulares sino de debate y experimentaci\u00f3n legislativa por parte de la administraci\u00f3n. Las startups tienden a nacer y crecer de espaldas a la administraci\u00f3n cuando esta deber\u00eda ser una aliada para el progreso econ\u00f3mico en el entorno incierto y vol\u00e1til actual\u201d, a\u00f1adi\u00f3.<\/p>\n<p>Mar Alarc\u00f3n concluy\u00f3 con la petici\u00f3n de que <strong>lleguen ayudas a este sector y que no sean discriminadas por las peculiaridades que presentan en cuanto a crecimiento y rentabilidad.<\/strong>[\/vc_column_text]<div class=\"single_image wpb_content_element align-left    \" data-animation=\"none\" data-delay=\"0\"><img width=\"1330\" height=\"882\" src=\"https:\/\/www.foment.com\/wp-content\/uploads\/2020\/10\/Mar-Alarc\u00f3n-Espanya-Italia.jpg\" class=\"attachment-full\" alt=\"\" loading=\"lazy\" title=\"Mar Alarc\u00f3n Espanya Italia\" srcset=\"https:\/\/www.foment.com\/wp-content\/uploads\/2020\/10\/Mar-Alarc\u00f3n-Espanya-Italia.jpg 1330w, https:\/\/www.foment.com\/wp-content\/uploads\/2020\/10\/Mar-Alarc\u00f3n-Espanya-Italia-300x199.jpg 300w, https:\/\/www.foment.com\/wp-content\/uploads\/2020\/10\/Mar-Alarc\u00f3n-Espanya-Italia-1024x679.jpg 1024w, https:\/\/www.foment.com\/wp-content\/uploads\/2020\/10\/Mar-Alarc\u00f3n-Espanya-Italia-768x509.jpg 768w\" sizes=\"(max-width: 1330px) 100vw, 1330px\" \/><\/div>[vc_column_text]<span style=\"color: #c1002b;\"><strong><u>Foro de Di\u00e1logo Italia-Espa\u00f1a<\/u><\/strong><\/span><\/p>\n<p>La XVII edici\u00f3n del Foro de Di\u00e1logo Italia &#8211; Espa\u00f1a, organizado conjuntamente por AREL, Agencia de Investigaci\u00f3n y Legislaci\u00f3n fundada por Nino Andreatta, y la CEOE, Confederaci\u00f3n Espa\u00f1ola de Organizaciones Empresariales, se celebra en Roma desde ayer y concluye hoy. En este encuentro participan los m\u00e1s altos representantes de los gobiernos de Italia y Espa\u00f1a, as\u00ed como los representantes empresariales y de la industria de ambos pa\u00edses.<\/p>\n<p>El presidente de Foment, Josep S\u00e1nchez Llibre, particip\u00f3 hoy el en la mesa sobre pol\u00edticas industriales para la recuperaci\u00f3n en Europa. El presidente del Consejo de Ministros de Italia, Giuseppe Conte, y el presidente del Gobierno de Espa\u00f1a, Pedro S\u00e1nchez, presentan las conclusiones<\/p>\n<p>El\u00a0 programa europeo para la recuperaci\u00f3n <em>Next Generation EU, <\/em>ha centrado el inter\u00e9s de un encuentro que llega a esta edici\u00f3n despu\u00e9s de un a\u00f1o que \u201cha sido excepcional para el mundo entero, ha subvertido las costumbres, ha interrumpido las comunicaciones tradicionales y ha obligado a trasformar las relaciones sociales. Ha sido un a\u00f1o excepcional para Europa, que tuvo que dar r\u00e1pidamente respuestas no convencionales a una situaci\u00f3n extraordinaria. Ha sido un a\u00f1o excepcional para Espa\u00f1a e Italia, tan duramente golpeadas por la pandemia, pero tan resistentes y decididas a reforzar sus v\u00ednculos hist\u00f3ricos\u201d, tal y como apuntan los organizadores del prestigioso Foro..<\/p>\n<p>\u201cEspa\u00f1a e Italia juntas ha sido la fuerza motriz del cambio en la pol\u00edtica europea, finalmente a la altura del drama de la situaci\u00f3n. En el centro del XVII Foro de Di\u00e1logo ser\u00e1 el Next Generation EU, un instrumento innovador que debe ser potenciado, porque a trav\u00e9s del fortalecimiento de los programas estrat\u00e9gicos ser\u00e1 posible responder a las complejidades sin precedentes creadas por Covid-19 y tambi\u00e9n acelerar la transici\u00f3n verde y digital. Espa\u00f1a e Italia est\u00e1n y siempre estar\u00e1n all\u00ed. Juntas\u201d, seg\u00fan se lee en la presentaci\u00f3n del encuentro..<\/p>\n<p>Desde hace casi dos decenios, el evento &#8211; cuya primera edici\u00f3n se celebr\u00f3 en 1999 en G\u00e9nova &#8211; ha reunido, alternativamente en Italia y Espa\u00f1a, a influyentes representantes del mundo pol\u00edtico, acad\u00e9mico, empresarial, econ\u00f3mico y de la comunicaci\u00f3n.<\/p>\n<p>La iniciativa, cuenta con el apoyo y el patrocinio de los gobiernos de ambos pa\u00edses que, en esta ocasi\u00f3n como en las anteriores, participan en los trabajos del Foro con la m\u00e1s alta representaci\u00f3n institucional.[\/vc_column_text][\/vc_column][\/vc_row]<\/p>\n<\/section>","protected":false},"excerpt":{"rendered":"<p>[vc_row][vc_column][vc_column_text] El objetivo es incrementar hasta el 22% el peso de la industria en el PIB en los pr\u00f3ximos diez a\u00f1os. Representa aumentar en 5,7 puntos el PIB industrial en el 2030. Unos 70.000 millones de euros m\u00e1s. Defiende la implementaci\u00f3n de planes de choque para los sectores m\u00e1s afectados y transferencias directas a las empresas \u2013unos 50.000 millones de euros- hasta que lleguen los fondos europeos. Es imprescindible aprobar los PGE y aprovechar los fondos europeos para la recuperaci\u00f3n. Los Presupuestos Generales del Estado del 2021 requerir\u00e1n el m\u00e1ximo apoyo y lealtad institucional. \u201cHay que reindustrializar Espa\u00f1a\u201d, dijo en Roma. En su intervenci\u00f3n durante el Foro de Di\u00e1logo Italia-Espa\u00f1a, defendi\u00f3 que \u201cse deben aprovechar todos los recursos europeos\u201d con los proyectos que requiere la agenda europea: infraestructuras, new green deal y transici\u00f3n digital. Se debe promover la colaboraci\u00f3n p\u00fablico privada en el desarrollo de los proyectos estrat\u00e9gicos de la nueva industria. La vicepresidenta de Foment, Mar Alarc\u00f3n, pidi\u00f3 que los fondos europeos lleguen tambi\u00e9n a las startups y compa\u00f1\u00edas de base tecnol\u00f3gica \u201cporque contribuyen a una econom\u00eda m\u00e1s productiva, m\u00e1s competitiva y m\u00e1s innovadora\u201d. El presidente de Foment del Treball, Josep S\u00e1nchez Llibre, ha propuesto hoy en Roma la [&hellip;]<\/p>\n","protected":false},"author":10,"featured_media":100196,"comment_status":"closed","ping_status":"closed","sticky":false,"template":"","format":"standard","meta":{"_links_to":"","_links_to_target":""},"categories":[114,68,70,71],"tags":[4010,3937,4014,4011,4015,4012,4016,4013,497],"acf":[],"wps_subtitle":"En el Foro de Di\u00e1logo Italia-Espa\u00f1a, en el que participan los m\u00e1ximos mandatarios de los gobiernos de ambos pa\u00edses y sus representantes empresariales y de la industria ","_links":{"self":[{"href":"https:\/\/www.foment.com\/es\/wp-json\/wp\/v2\/posts\/100200"}],"collection":[{"href":"https:\/\/www.foment.com\/es\/wp-json\/wp\/v2\/posts"}],"about":[{"href":"https:\/\/www.foment.com\/es\/wp-json\/wp\/v2\/types\/post"}],"author":[{"embeddable":true,"href":"https:\/\/www.foment.com\/es\/wp-json\/wp\/v2\/users\/10"}],"replies":[{"embeddable":true,"href":"https:\/\/www.foment.com\/es\/wp-json\/wp\/v2\/comments?post=100200"}],"version-history":[{"count":5,"href":"https:\/\/www.foment.com\/es\/wp-json\/wp\/v2\/posts\/100200\/revisions"}],"predecessor-version":[{"id":100225,"href":"https:\/\/www.foment.com\/es\/wp-json\/wp\/v2\/posts\/100200\/revisions\/100225"}],"wp:featuredmedia":[{"embeddable":true,"href":"https:\/\/www.foment.com\/es\/wp-json\/wp\/v2\/media\/100196"}],"wp:attachment":[{"href":"https:\/\/www.foment.com\/es\/wp-json\/wp\/v2\/media?parent=100200"}],"wp:term":[{"taxonomy":"category","embeddable":true,"href":"https:\/\/www.foment.com\/es\/wp-json\/wp\/v2\/categories?post=100200"},{"taxonomy":"post_tag","embeddable":true,"href":"https:\/\/www.foment.com\/es\/wp-json\/wp\/v2\/tags?post=100200"}],"curies":[{"name":"wp","href":"https:\/\/api.w.org\/{rel}","templated":true}]}}