{"id":100463,"date":"2020-10-23T12:34:12","date_gmt":"2020-10-23T10:34:12","guid":{"rendered":"https:\/\/www.foment.com\/sanchez-llibre-rep-medalla-creu-roja\/"},"modified":"2020-10-23T14:50:27","modified_gmt":"2020-10-23T12:50:27","slug":"sanchez-llibre-recibe-medalla-cruz-roja","status":"publish","type":"post","link":"https:\/\/www.foment.com\/es\/sanchez-llibre-recibe-medalla-cruz-roja\/","title":{"rendered":"Josep S\u00e1nchez Llibre recibe la Medalla de la Creu Roja"},"content":{"rendered":"<section class=\"wpb-content-wrapper\"><p>[vc_row][vc_column][vc_column_text]<\/p>\n<ul>\n<li><strong>Foment del Treball y Creu Roja consolidan una alianza de colaboraci\u00f3n para trabajar juntos y encontrar las oportunidades y los recursos para ayudar a los m\u00e1s vulnerables<\/strong><\/li>\n<\/ul>\n<p>El presidente de Foment del Treball, <strong>Josep S\u00e1nchez Llibre<\/strong>, ha recibido esta ma\u00f1ana la <strong>Medalla de la Creu Roja como \u201cagradecimiento a su compromiso personal e implicaci\u00f3n con la instituci\u00f3n, concretamente con el programa de emergencia humanitaria <em>Creu Roja Respon<\/em>\u201d<\/strong>. Este programa se enmarca al ayudar a las personas que m\u00e1s profundamente sufren los efectos sociales que ha provocado y provoca la pandemia de la Covid-19.<\/p>\n<p>El presidente de Creu Roja Catalu\u00f1a, <strong>Josep Quitet<\/strong>, ha librado esta medalla al presidente del Foment y le ha expuesto los retos y necesidades a corto plazo de la Creu Roja ante la continuidad de la pandemia.<\/p>\n<p>Josep S\u00e1nchez Llibre ha subrayado precisamente la importancia en estos momentos de la tarea social de la Cruz Roja que, con 150 a\u00f1os de historia, est\u00e1 presente adem\u00e1s en 190 pa\u00edses de todo lo mundo, con 14 millones de socios y que ayuda adem\u00e1s a once millones y medio de personas.<\/p>\n<p>El presidente de Foment ha afirmado que \u201choy se consolida una alianza estrat\u00e9gica y de colaboraci\u00f3n con una instituci\u00f3n que es pilar de las acciones humanitarias al mundo. Continuaremos trabajando juntos para encontrar las oportunidades y los recursos para ayudar a los m\u00e1s vulnerables\u201d. S\u00e1nchez Llibre ha a\u00f1adido que \u201csolo con un dato se ve con claridad: durante el confinamiento un equipo de 2.600 personas de la Creu Roja en Catalu\u00f1a distribuy\u00f3 53 mil kilos de alimentos y medicinas a personas en riesgo en m\u00e1s de 150 municipios. Desde Foment, les puedo decir que estamos muy agradecidos, mucho, a su tarea que tanto hace por la cohesi\u00f3n social\u201d.<\/p>\n<p>El presidente de Foment ha se\u00f1alado que este trabajo relevante de Creu Roja no se para: \u201cen los pr\u00f3ximos dos meses distribuir\u00e1 17,5 millones de kilos de alimentos a personas vulnerables. Es admirable\u201d.<\/p>\n<p>Foment del Treball participa en el pla <em>Creu Roja Respon<\/em> frente a la Covid-19 para ayudar a las personas en situaci\u00f3n de mayor vulnerabilidad. Junto con el Banco Santander, Foment ha colaborado, tambi\u00e9n, con la Cruz Roja Espa\u00f1ola para que la organizaci\u00f3n humanitaria adquiera el material necesario (mantas, camas de lona y mascarillas quir\u00fargicas) para varios albergues destinados a personas sin techo afectadas por el coronavirus.<\/p>\n<p>\u201cFoment y sus asociados mantenemos firme nuestra vocaci\u00f3n y compromiso de facilitar las acciones solidarias y de responsabilidad del mundo empresarial con las entidades, fundaciones y organizaciones humanitarias y todav\u00eda m\u00e1s ahora con motivo de la pandemia\u201d, ha dicho S\u00e1nchez Llibre.[\/vc_column_text]<div class=\"flexslider wpb_content_element\"><ul class=\"slides\"><li><img src=\"https:\/\/www.foment.com\/wp-content\/uploads\/2020\/10\/Medalla-Honor-Creu-Roja-S\u00e1nchez-Llibre_4.jpg\" alt=\"\" \/><\/li><li><img src=\"https:\/\/www.foment.com\/wp-content\/uploads\/2020\/10\/Medalla-Honor-Creu-Roja-S\u00e1nchez-Llibre_2-scaled.jpg\" alt=\"\" \/><\/li><li><img src=\"https:\/\/www.foment.com\/wp-content\/uploads\/2020\/10\/Medalla-Honor-Creu-Roja-S\u00e1nchez-Llibre_3-scaled.jpg\" alt=\"\" \/><\/li><li><img src=\"https:\/\/www.foment.com\/wp-content\/uploads\/2020\/10\/Medalla-Honor-Creu-Roja-S\u00e1nchez-Llibre-1-scaled.jpg\" alt=\"\" \/><\/li><\/ul><\/div>[\/vc_column][\/vc_row]<\/p>\n<\/section>","protected":false},"excerpt":{"rendered":"<p>[vc_row][vc_column][vc_column_text] Foment del Treball y Creu Roja consolidan una alianza de colaboraci\u00f3n para trabajar juntos y encontrar las oportunidades y los recursos para ayudar a los m\u00e1s vulnerables El presidente de Foment del Treball, Josep S\u00e1nchez Llibre, ha recibido esta ma\u00f1ana la Medalla de la Creu Roja como \u201cagradecimiento a su compromiso personal e implicaci\u00f3n con la instituci\u00f3n, concretamente con el programa de emergencia humanitaria Creu Roja Respon\u201d. Este programa se enmarca al ayudar a las personas que m\u00e1s profundamente sufren los efectos sociales que ha provocado y provoca la pandemia de la Covid-19. El presidente de Creu Roja Catalu\u00f1a, Josep Quitet, ha librado esta medalla al presidente del Foment y le ha expuesto los retos y necesidades a corto plazo de la Creu Roja ante la continuidad de la pandemia. Josep S\u00e1nchez Llibre ha subrayado precisamente la importancia en estos momentos de la tarea social de la Cruz Roja que, con 150 a\u00f1os de historia, est\u00e1 presente adem\u00e1s en 190 pa\u00edses de todo lo mundo, con 14 millones de socios y que ayuda adem\u00e1s a once millones y medio de personas. El presidente de Foment ha afirmado que \u201choy se consolida una alianza estrat\u00e9gica y de colaboraci\u00f3n con una [&hellip;]<\/p>\n","protected":false},"author":10,"featured_media":100503,"comment_status":"closed","ping_status":"closed","sticky":false,"template":"","format":"standard","meta":{"_links_to":"","_links_to_target":""},"categories":[2735,114,2992],"tags":[2892,4024,4027,4026,4025,3067],"acf":[],"wps_subtitle":"El presidente de Foment agradece el trabajo humanitariao de la Creu Roja ","_links":{"self":[{"href":"https:\/\/www.foment.com\/es\/wp-json\/wp\/v2\/posts\/100463"}],"collection":[{"href":"https:\/\/www.foment.com\/es\/wp-json\/wp\/v2\/posts"}],"about":[{"href":"https:\/\/www.foment.com\/es\/wp-json\/wp\/v2\/types\/post"}],"author":[{"embeddable":true,"href":"https:\/\/www.foment.com\/es\/wp-json\/wp\/v2\/users\/10"}],"replies":[{"embeddable":true,"href":"https:\/\/www.foment.com\/es\/wp-json\/wp\/v2\/comments?post=100463"}],"version-history":[{"count":7,"href":"https:\/\/www.foment.com\/es\/wp-json\/wp\/v2\/posts\/100463\/revisions"}],"predecessor-version":[{"id":100500,"href":"https:\/\/www.foment.com\/es\/wp-json\/wp\/v2\/posts\/100463\/revisions\/100500"}],"wp:featuredmedia":[{"embeddable":true,"href":"https:\/\/www.foment.com\/es\/wp-json\/wp\/v2\/media\/100503"}],"wp:attachment":[{"href":"https:\/\/www.foment.com\/es\/wp-json\/wp\/v2\/media?parent=100463"}],"wp:term":[{"taxonomy":"category","embeddable":true,"href":"https:\/\/www.foment.com\/es\/wp-json\/wp\/v2\/categories?post=100463"},{"taxonomy":"post_tag","embeddable":true,"href":"https:\/\/www.foment.com\/es\/wp-json\/wp\/v2\/tags?post=100463"}],"curies":[{"name":"wp","href":"https:\/\/api.w.org\/{rel}","templated":true}]}}