{"id":103154,"date":"2020-11-17T13:10:43","date_gmt":"2020-11-17T12:10:43","guid":{"rendered":"https:\/\/www.foment.com\/crea-grup-treball-coordinat-roca-junyent-garantir-rigor-eficiencia-tramitacio-publica-fons-europeus-estat\/"},"modified":"2020-11-17T15:40:40","modified_gmt":"2020-11-17T14:40:40","slug":"crea-grupo-trabajo-coordinado-roca-junyent-garantizar-rigor-eficiencia-tramitacion-publica-fondos-europeos-estado","status":"publish","type":"post","link":"https:\/\/www.foment.com\/es\/crea-grupo-trabajo-coordinado-roca-junyent-garantizar-rigor-eficiencia-tramitacion-publica-fondos-europeos-estado\/","title":{"rendered":"Foment crea un Grupo de Trabajo con despachos jur\u00eddicos para garantizar la eficiencia de la tramitaci\u00f3n p\u00fablica de los fondos europeos y del Estado"},"content":{"rendered":"<ul>\n<li><strong>Trabajar\u00e1 sobre propuestas de reforma para agilizar los procedimientos administrativos de la Generalitat de Catalu\u00f1a.<\/strong><\/li>\n<li><strong>Las propuestas de modificaci\u00f3n de los procedimientos afectar\u00e1n tanto a la Administraci\u00f3n General del Estado como la normativa de la Generalitat de Catalu\u00f1a.<\/strong><\/li>\n<\/ul>\n<p>El Comit\u00e9 Ejecutivo de Foment del Treball acord\u00f3 ayer constituir un Grupo de Trabajo que, -coordinado por el despacho de abogados Roca Junyent e integrado por los bufetes Ur\u00eda Men\u00e9ndez, Cuatrecases, Garrigues, PwC y EY-, tiene la finalidad de elaborar propuestas de reforma para agilizar los procedimientos administrativos de la Generalitat de Catalu\u00f1a a trav\u00e9s de los que se instrumentalizar\u00e1 la asignaci\u00f3n y aplicaci\u00f3n de tales fondos, as\u00ed como la propia actuaci\u00f3n de la Administraci\u00f3n. El Grupo de Trabajo quiere <strong>\u201cayudar a garantizar la m\u00e1s eficiente, rigurosa y \u00e1gil utilizaci\u00f3n de los fondos en beneficio de la econom\u00eda catalana y de la ocupaci\u00f3n\u00bb.<\/strong><\/p>\n<p>Foment entiende que hace falta una aplicaci\u00f3n eficiente, rigurosa y \u00e1gil del Fondo Europeo de Recuperaci\u00f3n y de los del Plan Nacional de Recuperaci\u00f3n, Transformaci\u00f3n y Resiliencia y esto requerir\u00e1 la modificaci\u00f3n de procedimientos administrativos en varios \u00e1mbitos y de la propia actuaci\u00f3n administrativa.<\/p>\n<p>En algunos supuestos la modificaci\u00f3n tendr\u00e1 que afectar a la normativa b\u00e1sica estatal y a la actuaci\u00f3n y gesti\u00f3n de los procedimientos por la Administraci\u00f3n General del Estado. Sin embargo, en otros, la modificaci\u00f3n afectar\u00e1 a la normativa de la Generalitat de Catalu\u00f1a y a la actuaci\u00f3n y gesti\u00f3n de esta en virtud de competencias exclusivas, compartidas o concurrentes.<\/p>\n<p>La precisa actuaci\u00f3n del sector empresarial, que tiene que presentar y ejecutar las propuestas, y de la administraci\u00f3n p\u00fablica, que tiene que supervisar y establecer los canales para la recepci\u00f3n de las ayudas, requiere un trabajo ingente de asesoramiento legal para superar los exigentes requerimientos de Bruselas y tener \u00e9xito en la adjudicaci\u00f3n de las ayudas para los mejores proyectos transformadores de la econom\u00eda. Del mismo modo es necesarios que los procedimientos p\u00fablicos de las administraciones estatal y auton\u00f3mica den agilidad a las propuestas, y que estas no queden atrapadas en en la fase de tramitaci\u00f3n p\u00fablica.<\/p>\n","protected":false},"excerpt":{"rendered":"<p>Trabajar\u00e1 sobre propuestas de reforma para agilizar los procedimientos administrativos de la Generalitat de Catalu\u00f1a. Las propuestas de modificaci\u00f3n de los procedimientos afectar\u00e1n tanto a la Administraci\u00f3n General del Estado como la normativa de la Generalitat de Catalu\u00f1a. El Comit\u00e9 Ejecutivo de Foment del Treball acord\u00f3 ayer constituir un Grupo de Trabajo que, -coordinado por el despacho de abogados Roca Junyent e integrado por los bufetes Ur\u00eda Men\u00e9ndez, Cuatrecases, Garrigues, PwC y EY-, tiene la finalidad de elaborar propuestas de reforma para agilizar los procedimientos administrativos de la Generalitat de Catalu\u00f1a a trav\u00e9s de los que se instrumentalizar\u00e1 la asignaci\u00f3n y aplicaci\u00f3n de tales fondos, as\u00ed como la propia actuaci\u00f3n de la Administraci\u00f3n. El Grupo de Trabajo quiere \u201cayudar a garantizar la m\u00e1s eficiente, rigurosa y \u00e1gil utilizaci\u00f3n de los fondos en beneficio de la econom\u00eda catalana y de la ocupaci\u00f3n\u00bb. Foment entiende que hace falta una aplicaci\u00f3n eficiente, rigurosa y \u00e1gil del Fondo Europeo de Recuperaci\u00f3n y de los del Plan Nacional de Recuperaci\u00f3n, Transformaci\u00f3n y Resiliencia y esto requerir\u00e1 la modificaci\u00f3n de procedimientos administrativos en varios \u00e1mbitos y de la propia actuaci\u00f3n administrativa. En algunos supuestos la modificaci\u00f3n tendr\u00e1 que afectar a la normativa b\u00e1sica estatal y a [&hellip;]<\/p>\n","protected":false},"author":10,"featured_media":103100,"comment_status":"closed","ping_status":"closed","sticky":false,"template":"","format":"standard","meta":{"_links_to":"","_links_to_target":""},"categories":[2735,114,4203,1667],"tags":[3805,4011,3965,3499,4187],"acf":[],"wps_subtitle":"Es necesario evitar que las propuestas del sector privado que aspiran a los fondos europeos queden ahogadas en la tramitaci\u00f3n p\u00fablica","_links":{"self":[{"href":"https:\/\/www.foment.com\/es\/wp-json\/wp\/v2\/posts\/103154"}],"collection":[{"href":"https:\/\/www.foment.com\/es\/wp-json\/wp\/v2\/posts"}],"about":[{"href":"https:\/\/www.foment.com\/es\/wp-json\/wp\/v2\/types\/post"}],"author":[{"embeddable":true,"href":"https:\/\/www.foment.com\/es\/wp-json\/wp\/v2\/users\/10"}],"replies":[{"embeddable":true,"href":"https:\/\/www.foment.com\/es\/wp-json\/wp\/v2\/comments?post=103154"}],"version-history":[{"count":7,"href":"https:\/\/www.foment.com\/es\/wp-json\/wp\/v2\/posts\/103154\/revisions"}],"predecessor-version":[{"id":103174,"href":"https:\/\/www.foment.com\/es\/wp-json\/wp\/v2\/posts\/103154\/revisions\/103174"}],"wp:featuredmedia":[{"embeddable":true,"href":"https:\/\/www.foment.com\/es\/wp-json\/wp\/v2\/media\/103100"}],"wp:attachment":[{"href":"https:\/\/www.foment.com\/es\/wp-json\/wp\/v2\/media?parent=103154"}],"wp:term":[{"taxonomy":"category","embeddable":true,"href":"https:\/\/www.foment.com\/es\/wp-json\/wp\/v2\/categories?post=103154"},{"taxonomy":"post_tag","embeddable":true,"href":"https:\/\/www.foment.com\/es\/wp-json\/wp\/v2\/tags?post=103154"}],"curies":[{"name":"wp","href":"https:\/\/api.w.org\/{rel}","templated":true}]}}