{"id":103543,"date":"2020-11-20T12:19:05","date_gmt":"2020-11-20T11:19:05","guid":{"rendered":"https:\/\/www.foment.com\/empresaris-lamenten-crida-boicot-alcaldessa-barcelona-contra-determinades-empreses\/"},"modified":"2020-11-20T13:00:34","modified_gmt":"2020-11-20T12:00:34","slug":"empresarios-lamentan-lammamiento-boicot-alcaldesa-barcelona-contra-determinadas-empresas","status":"publish","type":"post","link":"https:\/\/www.foment.com\/es\/empresarios-lamentan-lammamiento-boicot-alcaldesa-barcelona-contra-determinadas-empresas\/","title":{"rendered":"Foment lamenta el llamamiento al boicot de la alcaldesa de Barcelona contra determinadas empresas y reclama la necesidad de equilibrio entre el e-commerce y el comercio tradicional"},"content":{"rendered":"<ul>\n<li><strong>La venta en el comercio electr\u00f3nico es una cuesti\u00f3n muy sensible, y desde Foment siempre se ha buscado una soluci\u00f3n que propicie un equilibrio entre la venta del comercio tradicional y el ecommerce.<\/strong><\/li>\n<li><strong>S\u00e1nchez Llibre se ha mostrado contrario al planteamiento de Ada Colau: \u201cEntendemos que un gobernante tiene que trasladar soluciones maduras y solventes ante un tema tan sensible. No planteamientos primarios que vayan orientados al boicot contra unas empresas determinadas y contra la libertad de elecci\u00f3n de los consumidores\u201d.<\/strong><\/li>\n<\/ul>\n<p>Foment del Treball subraya que la venta al comercio electr\u00f3nico es una cuesti\u00f3n muy sensible y se\u00f1ala que desde la patronal siempre se ha buscado una soluci\u00f3n que permita un equilibrio entre la venta del comercio tradicional de proximidad y la del ecommerce, para que los dos puedan trabajar con las mismas herramientas de competitividad.<\/p>\n<p>El presidente de Fomeno, Josep S\u00e1nchez Llibre, considera \u201cimpropio, inadecuado y populista\u201d el llamamiento al boicot que ha hecho la alcaldesa de Barcelona, Ada Colau, contra unas empresas determinadas y contra la libertad de elecci\u00f3n de los consumidores. \u201cEntendemos que un gobernante tiene que plantear soluciones maduras y solventes y no planteamientos primarios que vayan orientados al boicot\u201d, ha dicho S\u00e1nchez Llibre.<\/p>\n<p>Foment considera fundamental trabajar para conseguir este equilibrio entre los dos sectores del comercio. La patronal lamenta profundamente las declaraciones de la Ada Colau, \u201cjustamente la alcaldesa de Barcelona es la menos indicada para plantear una soluci\u00f3n primaria como la del boicot\u201d.<\/p>\n<p>En este sentido, Foment recuerda que en la pasada legislatura Ada Colau convirti\u00f3 la ciudad de Barcelona en la en la capital mundial del top manta en detenimiento del peque\u00f1o y medio comercio de proximidad, y que, con sus pol\u00edticas de movilidad, ha criminalizado el coche y la moto, afectando muy negativamente al comercio del centro de la ciudad y comportando un gran perjuicio para estos establecimientos.<\/p>\n","protected":false},"excerpt":{"rendered":"<p>La venta en el comercio electr\u00f3nico es una cuesti\u00f3n muy sensible, y desde Foment siempre se ha buscado una soluci\u00f3n que propicie un equilibrio entre la venta del comercio tradicional y el ecommerce. S\u00e1nchez Llibre se ha mostrado contrario al planteamiento de Ada Colau: \u201cEntendemos que un gobernante tiene que trasladar soluciones maduras y solventes ante un tema tan sensible. No planteamientos primarios que vayan orientados al boicot contra unas empresas determinadas y contra la libertad de elecci\u00f3n de los consumidores\u201d. Foment del Treball subraya que la venta al comercio electr\u00f3nico es una cuesti\u00f3n muy sensible y se\u00f1ala que desde la patronal siempre se ha buscado una soluci\u00f3n que permita un equilibrio entre la venta del comercio tradicional de proximidad y la del ecommerce, para que los dos puedan trabajar con las mismas herramientas de competitividad. El presidente de Fomeno, Josep S\u00e1nchez Llibre, considera \u201cimpropio, inadecuado y populista\u201d el llamamiento al boicot que ha hecho la alcaldesa de Barcelona, Ada Colau, contra unas empresas determinadas y contra la libertad de elecci\u00f3n de los consumidores. \u201cEntendemos que un gobernante tiene que plantear soluciones maduras y solventes y no planteamientos primarios que vayan orientados al boicot\u201d, ha dicho S\u00e1nchez Llibre. Foment considera [&hellip;]<\/p>\n","protected":false},"author":10,"featured_media":103541,"comment_status":"closed","ping_status":"closed","sticky":false,"template":"","format":"standard","meta":{"_links_to":"","_links_to_target":""},"categories":[1649,114],"tags":[3429,4211,4215,4216,4214],"acf":[],"wps_subtitle":"La patronal considera impropias, inadecuadas y populistas las declaraciones","_links":{"self":[{"href":"https:\/\/www.foment.com\/es\/wp-json\/wp\/v2\/posts\/103543"}],"collection":[{"href":"https:\/\/www.foment.com\/es\/wp-json\/wp\/v2\/posts"}],"about":[{"href":"https:\/\/www.foment.com\/es\/wp-json\/wp\/v2\/types\/post"}],"author":[{"embeddable":true,"href":"https:\/\/www.foment.com\/es\/wp-json\/wp\/v2\/users\/10"}],"replies":[{"embeddable":true,"href":"https:\/\/www.foment.com\/es\/wp-json\/wp\/v2\/comments?post=103543"}],"version-history":[{"count":3,"href":"https:\/\/www.foment.com\/es\/wp-json\/wp\/v2\/posts\/103543\/revisions"}],"predecessor-version":[{"id":103552,"href":"https:\/\/www.foment.com\/es\/wp-json\/wp\/v2\/posts\/103543\/revisions\/103552"}],"wp:featuredmedia":[{"embeddable":true,"href":"https:\/\/www.foment.com\/es\/wp-json\/wp\/v2\/media\/103541"}],"wp:attachment":[{"href":"https:\/\/www.foment.com\/es\/wp-json\/wp\/v2\/media?parent=103543"}],"wp:term":[{"taxonomy":"category","embeddable":true,"href":"https:\/\/www.foment.com\/es\/wp-json\/wp\/v2\/categories?post=103543"},{"taxonomy":"post_tag","embeddable":true,"href":"https:\/\/www.foment.com\/es\/wp-json\/wp\/v2\/tags?post=103543"}],"curies":[{"name":"wp","href":"https:\/\/api.w.org\/{rel}","templated":true}]}}