{"id":104090,"date":"2020-11-26T17:08:03","date_gmt":"2020-11-26T16:08:03","guid":{"rendered":"https:\/\/www.foment.com\/ministra-afers-exteriors-visita-foment\/"},"modified":"2020-11-26T18:09:14","modified_gmt":"2020-11-26T17:09:14","slug":"ministra-asuntos-exteriores-visita-foment","status":"publish","type":"post","link":"https:\/\/www.foment.com\/es\/ministra-asuntos-exteriores-visita-foment\/","title":{"rendered":"La ministra de Asuntos exteriores visita Foment"},"content":{"rendered":"<section class=\"wpb-content-wrapper\"><p>[vc_row][vc_column][vc_column_text]La ministra de Asuntos exteriores, Arancha Gonz\u00e1lez Laya, se ha reunido con el presidente de Foment del Treball, Josep S\u00e1nchez Llibre, para analizar las posibles v\u00edas de cooperaci\u00f3n para animar a los empresarios a identificar las numerosas oportunidades de negocio existentes al extranjero. Los dos han destacado la necesidad de seguir promocionando la actividad exportadora de las empresas catalanas para mejorar la competitividad del pa\u00eds en el mercado internacional.<\/p>\n<p>Esta reuni\u00f3n se inscribe en la agenda anual de contactos intensa que mantiene Foment con representantes pol\u00edticos, institucionales y empresariales de todo el mundo a fin de potenciar la diplomacia econ\u00f3mica, ayudar a las empresas en la apertura a nuevos mercados, favoreciendo su proyecci\u00f3n exterior, as\u00ed como presentar el pa\u00eds como una de las regiones de Europa m\u00e1s atractivas para captar inversiones.<\/p>\n<p>Por parte de Foment, han participado en el encuentro el jefe de gabinete, Jordi Casas, el secretario general, David Tornos, y el director de Internacional, Kilian Garcia.[\/vc_column_text]<div class=\"flexslider wpb_content_element\"><ul class=\"slides\"><li><img src=\"https:\/\/www.foment.com\/wp-content\/uploads\/2020\/11\/IMG_9714.jpg\" alt=\"\" \/><\/li><li><img src=\"https:\/\/www.foment.com\/wp-content\/uploads\/2020\/11\/IMG_9717.jpg\" alt=\"\" \/><\/li><li><img src=\"https:\/\/www.foment.com\/wp-content\/uploads\/2020\/11\/IMG_9721.jpg\" alt=\"\" \/><\/li><li><img src=\"https:\/\/www.foment.com\/wp-content\/uploads\/2020\/11\/IMG_9723.jpg\" alt=\"\" \/><\/li><li><img src=\"https:\/\/www.foment.com\/wp-content\/uploads\/2020\/11\/IMG_9745.jpg\" alt=\"\" \/><\/li><\/ul><\/div>[vc_column_text]<\/p>\n<div class=\"wpb_text_column wpb_content_element \"><strong style=\"color: #c1002b;\">Foment Internacional.<\/strong><strong style=\"color: #c1002b;\"> Detectar y aprovechar oportunidades de negocio e inversi\u00f3n en todo el mundo<\/strong><\/div>\n<div class=\"wpb_text_column wpb_content_element \">\n<div class=\"wpb_wrapper\">\n<p>Foment organiza misiones empresariales para la apertura de nuevos mercados y ofrece numerosas jornadas anuales de detecci\u00f3n de oportunidades de negocio e inversi\u00f3n en todo el mundo.<\/p>\n<p>As\u00ed, las jornadas que organiza el Departamento Internacional de Foment proporcionan una visi\u00f3n integral, clara y pr\u00e1ctica de temas que son importantes para la empresa que est\u00e1 en proceso de internacionalizaci\u00f3n o que est\u00e1 internacionalizada y necesita estrategias para continuar con su crecimiento.<\/p>\n<\/div>\n<\/div>\n<p>[\/vc_column_text][\/vc_column][\/vc_row]<\/p>\n<\/section>","protected":false},"excerpt":{"rendered":"<p>[vc_row][vc_column][vc_column_text]La ministra de Asuntos exteriores, Arancha Gonz\u00e1lez Laya, se ha reunido con el presidente de Foment del Treball, Josep S\u00e1nchez Llibre, para analizar las posibles v\u00edas de cooperaci\u00f3n para animar a los empresarios a identificar las numerosas oportunidades de negocio existentes al extranjero. Los dos han destacado la necesidad de seguir promocionando la actividad exportadora de las empresas catalanas para mejorar la competitividad del pa\u00eds en el mercado internacional. Esta reuni\u00f3n se inscribe en la agenda anual de contactos intensa que mantiene Foment con representantes pol\u00edticos, institucionales y empresariales de todo el mundo a fin de potenciar la diplomacia econ\u00f3mica, ayudar a las empresas en la apertura a nuevos mercados, favoreciendo su proyecci\u00f3n exterior, as\u00ed como presentar el pa\u00eds como una de las regiones de Europa m\u00e1s atractivas para captar inversiones. Por parte de Foment, han participado en el encuentro el jefe de gabinete, Jordi Casas, el secretario general, David Tornos, y el director de Internacional, Kilian Garcia.[\/vc_column_text][vc_column_text] Foment Internacional. Detectar y aprovechar oportunidades de negocio e inversi\u00f3n en todo el mundo Foment organiza misiones empresariales para la apertura de nuevos mercados y ofrece numerosas jornadas anuales de detecci\u00f3n de oportunidades de negocio e inversi\u00f3n en todo el mundo. As\u00ed, [&hellip;]<\/p>\n","protected":false},"author":10,"featured_media":104087,"comment_status":"closed","ping_status":"closed","sticky":false,"template":"","format":"standard","meta":{"_links_to":"","_links_to_target":""},"categories":[114,72,1667],"tags":[4238,4244,4243],"acf":[],"wps_subtitle":"Se ha reunido con el presidente de la patronal para analizar las posibles v\u00edas de cooperaci\u00f3n para animar los empresarios catalanes a identificar las numerosas oportunidades de negocio existentes al extranjero","_links":{"self":[{"href":"https:\/\/www.foment.com\/es\/wp-json\/wp\/v2\/posts\/104090"}],"collection":[{"href":"https:\/\/www.foment.com\/es\/wp-json\/wp\/v2\/posts"}],"about":[{"href":"https:\/\/www.foment.com\/es\/wp-json\/wp\/v2\/types\/post"}],"author":[{"embeddable":true,"href":"https:\/\/www.foment.com\/es\/wp-json\/wp\/v2\/users\/10"}],"replies":[{"embeddable":true,"href":"https:\/\/www.foment.com\/es\/wp-json\/wp\/v2\/comments?post=104090"}],"version-history":[{"count":4,"href":"https:\/\/www.foment.com\/es\/wp-json\/wp\/v2\/posts\/104090\/revisions"}],"predecessor-version":[{"id":104096,"href":"https:\/\/www.foment.com\/es\/wp-json\/wp\/v2\/posts\/104090\/revisions\/104096"}],"wp:featuredmedia":[{"embeddable":true,"href":"https:\/\/www.foment.com\/es\/wp-json\/wp\/v2\/media\/104087"}],"wp:attachment":[{"href":"https:\/\/www.foment.com\/es\/wp-json\/wp\/v2\/media?parent=104090"}],"wp:term":[{"taxonomy":"category","embeddable":true,"href":"https:\/\/www.foment.com\/es\/wp-json\/wp\/v2\/categories?post=104090"},{"taxonomy":"post_tag","embeddable":true,"href":"https:\/\/www.foment.com\/es\/wp-json\/wp\/v2\/tags?post=104090"}],"curies":[{"name":"wp","href":"https:\/\/api.w.org\/{rel}","templated":true}]}}