{"id":104450,"date":"2020-12-02T12:18:08","date_gmt":"2020-12-02T11:18:08","guid":{"rendered":"https:\/\/www.foment.com\/empresariat-catala-demana-compensacions-rapides-directes-suficients\/"},"modified":"2020-12-02T12:38:16","modified_gmt":"2020-12-02T11:38:16","slug":"empresariado-catalan-pide-compensaciones-rapidas-directas-suficientes","status":"publish","type":"post","link":"https:\/\/www.foment.com\/es\/empresariado-catalan-pide-compensaciones-rapidas-directas-suficientes\/","title":{"rendered":"El empresariado catal\u00e1n pide compensaciones r\u00e1pidas, directas y suficientes por el perjuicio causado por las restricciones o los cierres"},"content":{"rendered":"<p>Las dos organizaciones empresariales m\u00e1s representativas de Catalu\u00f1a &#8211; Foment del Treball y PIMEC &#8211; \u00a0impulsan el manifiesto empresarial <a href=\"https:\/\/www.foment.com\/wp-content\/uploads\/2020\/12\/2020.11.02_Manifiesto-RescatXPimes-RescatXAuto\u0300noms.CAST_.pdf\">RescatxPimes RescatxAut\u00f2noms<\/a> para reclamar, entre otras medidas, compensaciones r\u00e1pidas, directas y suficientes por el perjuicio causado por las restricciones o por los cierres.<\/p>\n<p>El manifiesto ya cuenta con la adhesi\u00f3n de m\u00e1s de mil organizaciones empresariales, que representan el tejido\u00a0 empresarial catal\u00e1n en esta acci\u00f3n conjunta.<\/p>\n<p>El documento propone, entre otras cuestiones, que el Departamento de Empresa y Conocimiento y el Departamento de Trabajo, Asuntos Sociales y Familias se a\u00f1adan a las reuniones del PROCICAT atendidos los efectos econ\u00f3micos y laborales; medidas inmediatas y generosas a nivel fiscal y financiero; y la aplicaci\u00f3n de medidas para hacer compatible la continuidad de la econom\u00eda con la protecci\u00f3n de la salud p\u00fablica como el uso masivo de test r\u00e1pidos, la ampliaci\u00f3n inmediata de la infraestructura sanitaria, recorriendo en primer lugar a la oferta privada, o la aplicaci\u00f3n de sistemas avanzados de rastreo y control de los contagios.<\/p>\n","protected":false},"excerpt":{"rendered":"<p>Las dos organizaciones empresariales m\u00e1s representativas de Catalu\u00f1a &#8211; Foment del Treball y PIMEC &#8211; \u00a0impulsan el manifiesto empresarial RescatxPimes RescatxAut\u00f2noms para reclamar, entre otras medidas, compensaciones r\u00e1pidas, directas y suficientes por el perjuicio causado por las restricciones o por los cierres. El manifiesto ya cuenta con la adhesi\u00f3n de m\u00e1s de mil organizaciones empresariales, que representan el tejido\u00a0 empresarial catal\u00e1n en esta acci\u00f3n conjunta. El documento propone, entre otras cuestiones, que el Departamento de Empresa y Conocimiento y el Departamento de Trabajo, Asuntos Sociales y Familias se a\u00f1adan a las reuniones del PROCICAT atendidos los efectos econ\u00f3micos y laborales; medidas inmediatas y generosas a nivel fiscal y financiero; y la aplicaci\u00f3n de medidas para hacer compatible la continuidad de la econom\u00eda con la protecci\u00f3n de la salud p\u00fablica como el uso masivo de test r\u00e1pidos, la ampliaci\u00f3n inmediata de la infraestructura sanitaria, recorriendo en primer lugar a la oferta privada, o la aplicaci\u00f3n de sistemas avanzados de rastreo y control de los contagios.<\/p>\n","protected":false},"author":10,"featured_media":104449,"comment_status":"closed","ping_status":"closed","sticky":false,"template":"","format":"standard","meta":{"_links_to":"","_links_to_target":""},"categories":[1802,2735,114],"tags":[4032,1247,1246,4036,1254,3073,2829],"acf":[],"wps_subtitle":"Foment y PIMEC impulsan el manifiesto empresarial RescatxPimes RescatxAut\u00f2noms, que ya cuenta miles de adhesiones","_links":{"self":[{"href":"https:\/\/www.foment.com\/es\/wp-json\/wp\/v2\/posts\/104450"}],"collection":[{"href":"https:\/\/www.foment.com\/es\/wp-json\/wp\/v2\/posts"}],"about":[{"href":"https:\/\/www.foment.com\/es\/wp-json\/wp\/v2\/types\/post"}],"author":[{"embeddable":true,"href":"https:\/\/www.foment.com\/es\/wp-json\/wp\/v2\/users\/10"}],"replies":[{"embeddable":true,"href":"https:\/\/www.foment.com\/es\/wp-json\/wp\/v2\/comments?post=104450"}],"version-history":[{"count":3,"href":"https:\/\/www.foment.com\/es\/wp-json\/wp\/v2\/posts\/104450\/revisions"}],"predecessor-version":[{"id":104457,"href":"https:\/\/www.foment.com\/es\/wp-json\/wp\/v2\/posts\/104450\/revisions\/104457"}],"wp:featuredmedia":[{"embeddable":true,"href":"https:\/\/www.foment.com\/es\/wp-json\/wp\/v2\/media\/104449"}],"wp:attachment":[{"href":"https:\/\/www.foment.com\/es\/wp-json\/wp\/v2\/media?parent=104450"}],"wp:term":[{"taxonomy":"category","embeddable":true,"href":"https:\/\/www.foment.com\/es\/wp-json\/wp\/v2\/categories?post=104450"},{"taxonomy":"post_tag","embeddable":true,"href":"https:\/\/www.foment.com\/es\/wp-json\/wp\/v2\/tags?post=104450"}],"curies":[{"name":"wp","href":"https:\/\/api.w.org\/{rel}","templated":true}]}}