{"id":105083,"date":"2020-12-11T13:59:11","date_gmt":"2020-12-11T12:59:11","guid":{"rendered":"https:\/\/www.foment.com\/valora-positivament-pla-rodalies-catalanya-si-executa\/"},"modified":"2020-12-11T14:19:53","modified_gmt":"2020-12-11T13:19:53","slug":"valora-positivamente-plan-rodalies-catalana-si-ejecuta","status":"publish","type":"post","link":"https:\/\/www.foment.com\/es\/valora-positivamente-plan-rodalies-catalana-si-ejecuta\/","title":{"rendered":"Foment valora positivamente el plan de Rodalies para Catalu\u00f1a siempre y cuando se ejecute"},"content":{"rendered":"<p>Foment del Treball valora positivamente el plan de Rodalies que ha presentado hoy el ministerio de de Transportes, Movilidad y Agenda Urbana y que prev\u00e9 una inversi\u00f3n en la red catalana de 2.902 millones de euros hasta el 2025. Foment, que ha reivindicado de forma reiterada la mejora de esta infraestructura, advierte que es una buena noticia \u201csiempre y cuando se ejecute en los plazos previstos, tal y como se ha anunciado hoy\u201d.<\/p>\n<p>El vicepresidente de Foment, <strong>Joaquim Llans\u00f3<\/strong>, ha recordado que las Rodalies de Renfe <strong>\u201cmovilizan cada d\u00eda a m\u00e1s de 400.000 pasajeros. La calidad y seguridad de este servicio es prioritaria para la actividad y movilidad de nuestro territorio. Por eso, lo hemos reivindicado desde hace a\u00f1os y, por este motivo, consideramos tambi\u00e9n prioritario el traspaso de la gesti\u00f3n en Catalu\u00f1a, con la correspondiente asignaci\u00f3n presupuestaria y avanzar, de este modo, hacia el modelo de gesti\u00f3n kil\u00f3metro 0\u201d<\/strong>.<\/p>\n<p>El ministro de Transportes, Movilidad y Agenda Urbana, <strong>Jos\u00e9 Luis \u00c1balos,<\/strong> y el coordinador de Rodalies en Catalu\u00f1a, Pere Macias, han presentado el plan de Rodalies para Catalu\u00f1a que contempla una inversi\u00f3n total de 6.346 millones de euros a lo largo de esta d\u00e9cada (2021-2030).<\/p>\n","protected":false},"excerpt":{"rendered":"<p>Foment del Treball valora positivamente el plan de Rodalies que ha presentado hoy el ministerio de de Transportes, Movilidad y Agenda Urbana y que prev\u00e9 una inversi\u00f3n en la red catalana de 2.902 millones de euros hasta el 2025. Foment, que ha reivindicado de forma reiterada la mejora de esta infraestructura, advierte que es una buena noticia \u201csiempre y cuando se ejecute en los plazos previstos, tal y como se ha anunciado hoy\u201d. El vicepresidente de Foment, Joaquim Llans\u00f3, ha recordado que las Rodalies de Renfe \u201cmovilizan cada d\u00eda a m\u00e1s de 400.000 pasajeros. La calidad y seguridad de este servicio es prioritaria para la actividad y movilidad de nuestro territorio. Por eso, lo hemos reivindicado desde hace a\u00f1os y, por este motivo, consideramos tambi\u00e9n prioritario el traspaso de la gesti\u00f3n en Catalu\u00f1a, con la correspondiente asignaci\u00f3n presupuestaria y avanzar, de este modo, hacia el modelo de gesti\u00f3n kil\u00f3metro 0\u201d. El ministro de Transportes, Movilidad y Agenda Urbana, Jos\u00e9 Luis \u00c1balos, y el coordinador de Rodalies en Catalu\u00f1a, Pere Macias, han presentado el plan de Rodalies para Catalu\u00f1a que contempla una inversi\u00f3n total de 6.346 millones de euros a lo largo de esta d\u00e9cada (2021-2030).<\/p>\n","protected":false},"author":10,"featured_media":105081,"comment_status":"closed","ping_status":"closed","sticky":false,"template":"","format":"standard","meta":{"_links_to":"","_links_to_target":""},"categories":[114,1663],"tags":[3933,4309,2542,2543],"acf":[],"wps_subtitle":"El vicepresidente de Foment, Joaquim Llans\u00f3, considera tambi\u00e9n prioritario el traspaso de la gesti\u00f3n en Catalu\u00f1a, con la asignaci\u00f3n correspondiente presupuestaria y avanzar hacia el modelo de gesti\u00f3n kil\u00f3metro 0","_links":{"self":[{"href":"https:\/\/www.foment.com\/es\/wp-json\/wp\/v2\/posts\/105083"}],"collection":[{"href":"https:\/\/www.foment.com\/es\/wp-json\/wp\/v2\/posts"}],"about":[{"href":"https:\/\/www.foment.com\/es\/wp-json\/wp\/v2\/types\/post"}],"author":[{"embeddable":true,"href":"https:\/\/www.foment.com\/es\/wp-json\/wp\/v2\/users\/10"}],"replies":[{"embeddable":true,"href":"https:\/\/www.foment.com\/es\/wp-json\/wp\/v2\/comments?post=105083"}],"version-history":[{"count":3,"href":"https:\/\/www.foment.com\/es\/wp-json\/wp\/v2\/posts\/105083\/revisions"}],"predecessor-version":[{"id":105089,"href":"https:\/\/www.foment.com\/es\/wp-json\/wp\/v2\/posts\/105083\/revisions\/105089"}],"wp:featuredmedia":[{"embeddable":true,"href":"https:\/\/www.foment.com\/es\/wp-json\/wp\/v2\/media\/105081"}],"wp:attachment":[{"href":"https:\/\/www.foment.com\/es\/wp-json\/wp\/v2\/media?parent=105083"}],"wp:term":[{"taxonomy":"category","embeddable":true,"href":"https:\/\/www.foment.com\/es\/wp-json\/wp\/v2\/categories?post=105083"},{"taxonomy":"post_tag","embeddable":true,"href":"https:\/\/www.foment.com\/es\/wp-json\/wp\/v2\/tags?post=105083"}],"curies":[{"name":"wp","href":"https:\/\/api.w.org\/{rel}","templated":true}]}}