{"id":105378,"date":"2020-12-12T16:52:43","date_gmt":"2020-12-12T15:52:43","guid":{"rendered":"https:\/\/www.foment.com\/premi-empresa-cultura-reconeixer-practiques-empresarials-en-favor-cultura\/"},"modified":"2020-12-17T13:29:34","modified_gmt":"2020-12-17T12:29:34","slug":"premio-empresa-cultura-reconocimiento-practicas-empresariales-a-favor-cultura","status":"publish","type":"post","link":"https:\/\/www.foment.com\/es\/premio-empresa-cultura-reconocimiento-practicas-empresariales-a-favor-cultura\/","title":{"rendered":"Premio Empresa Cultura para reconocer buenas pr\u00e1cticas empresariales en favor de la cultura"},"content":{"rendered":"<section class=\"wpb-content-wrapper\"><p>[vc_row][vc_column][vc_column_text]En medio de un contexto tan complicado pera la empresa y la cultura, y teniendo presente su misi\u00f3n de hacer de puente entre ambos sectores, la Fundaci\u00f3n Catalunya Cultura inicia este reconocimiento que se otorgar\u00e1 el primer trimestre de 2021. Con esta iniciativa se quiere premiar a una empresa que desarrolle un programa, un proyecto o una iniciativa original que, por su singularidad o excepcionalidad, fomente la cultura y la vincule al territorio. De este modo, se valorar\u00e1 la capacidad transformadora, la innovaci\u00f3n y la singularidad.<\/p>\n<p>Con este reconocimiento la Fundaci\u00f3n Catalunya Cultura quiere agradecer al mundo empresarial su responsabilidad frente a la cultura, un sector imprescindible y que sufre un momento muy complicado por el contexto de la pandemia de la Covid-19. Para Eloi Planes, presidente ejecutivo de la Fundaci\u00f3n Catalunya Cultura y CEO de la empresa Fluidra, \u00abes un momento complicado, pero es necesario que los empresarios estemos al lado de la cultura. Y desde la fundaci\u00f3n queremos poner el foco en estas empresas con buenas pr\u00e1cticas \u00ab.<\/p>\n<p>Hasta el pr\u00f3ximo 10 de enero de 2021 podr\u00e1n presentar candidatura las empresas que tengan su domicilio social o actividad principal en uno de los municipios de Catalu\u00f1a. Un jurado integrado por empresarios miembros del Patronato y del Consejo de Mecenazgo de la Fundaci\u00f3n Catalunya Cultura evaluar\u00e1 las propuestas y otorgar\u00e1 esta distinci\u00f3n que consistir\u00e1 en un reconocimiento del sector a su buena pr\u00e1ctica.<\/p>\n<p>.<div class=\"spacer\" style=\"height: 10px;\"><\/div>[\/vc_column_text][\/vc_column][\/vc_row][vc_row text_align=\u00bbcenter\u00bb][vc_column text_align=\u00bbcenter\u00bb width=\u00bb1\/2&#8243;]<a href=\"https:\/\/www.fundaciocatalunyacultura.cat\/admin\/assets\/uploads\/files\/e1f7b-bases-del-premi-empresa-cultura-2020-def.pdf\" target=\"_self\" class=\"button color-3 medium \" style=\"border-radius: 5px;\">Bases de la convocatoria <\/a>[\/vc_column][vc_column text_align=\u00bbcenter\u00bb width=\u00bb1\/2&#8243;]<a href=\"https:\/\/beeb0ca9fc774f889da478d85e69ce99.svc.dynamics.com\/t\/t\/XJo4MXyxiyR3OjOy4S9i5z1s5SXtRAgC71awxHJRMWkx\/lzpPVMmcbR1zcf5xhoeqb1QIzKMxXegx8YwZ8OvGzYYx\" target=\"_self\" class=\"button color-3 medium \" style=\"border-radius: 5px;\">Formulario de solicitud<\/a>[\/vc_column][\/vc_row]<\/p>\n<\/section>","protected":false},"excerpt":{"rendered":"<p>[vc_row][vc_column][vc_column_text]En medio de un contexto tan complicado pera la empresa y la cultura, y teniendo presente su misi\u00f3n de hacer de puente entre ambos sectores, la Fundaci\u00f3n Catalunya Cultura inicia este reconocimiento que se otorgar\u00e1 el primer trimestre de 2021. Con esta iniciativa se quiere premiar a una empresa que desarrolle un programa, un proyecto o una iniciativa original que, por su singularidad o excepcionalidad, fomente la cultura y la vincule al territorio. De este modo, se valorar\u00e1 la capacidad transformadora, la innovaci\u00f3n y la singularidad. Con este reconocimiento la Fundaci\u00f3n Catalunya Cultura quiere agradecer al mundo empresarial su responsabilidad frente a la cultura, un sector imprescindible y que sufre un momento muy complicado por el contexto de la pandemia de la Covid-19. Para Eloi Planes, presidente ejecutivo de la Fundaci\u00f3n Catalunya Cultura y CEO de la empresa Fluidra, \u00abes un momento complicado, pero es necesario que los empresarios estemos al lado de la cultura. Y desde la fundaci\u00f3n queremos poner el foco en estas empresas con buenas pr\u00e1cticas \u00ab. Hasta el pr\u00f3ximo 10 de enero de 2021 podr\u00e1n presentar candidatura las empresas que tengan su domicilio social o actividad principal en uno de los municipios de Catalu\u00f1a. Un jurado [&hellip;]<\/p>\n","protected":false},"author":10,"featured_media":105375,"comment_status":"closed","ping_status":"closed","sticky":false,"template":"","format":"standard","meta":{"_links_to":"","_links_to_target":""},"categories":[114,1651],"tags":[],"acf":[],"wps_subtitle":"Con este reconocimiento la Fundaci\u00f3n Catalunya Cultura quiere agradecer al mundo empresarial su responsabilidad frente a la cultura, un sector imprescindible y que sufre un momento muy complicado","_links":{"self":[{"href":"https:\/\/www.foment.com\/es\/wp-json\/wp\/v2\/posts\/105378"}],"collection":[{"href":"https:\/\/www.foment.com\/es\/wp-json\/wp\/v2\/posts"}],"about":[{"href":"https:\/\/www.foment.com\/es\/wp-json\/wp\/v2\/types\/post"}],"author":[{"embeddable":true,"href":"https:\/\/www.foment.com\/es\/wp-json\/wp\/v2\/users\/10"}],"replies":[{"embeddable":true,"href":"https:\/\/www.foment.com\/es\/wp-json\/wp\/v2\/comments?post=105378"}],"version-history":[{"count":6,"href":"https:\/\/www.foment.com\/es\/wp-json\/wp\/v2\/posts\/105378\/revisions"}],"predecessor-version":[{"id":105405,"href":"https:\/\/www.foment.com\/es\/wp-json\/wp\/v2\/posts\/105378\/revisions\/105405"}],"wp:featuredmedia":[{"embeddable":true,"href":"https:\/\/www.foment.com\/es\/wp-json\/wp\/v2\/media\/105375"}],"wp:attachment":[{"href":"https:\/\/www.foment.com\/es\/wp-json\/wp\/v2\/media?parent=105378"}],"wp:term":[{"taxonomy":"category","embeddable":true,"href":"https:\/\/www.foment.com\/es\/wp-json\/wp\/v2\/categories?post=105378"},{"taxonomy":"post_tag","embeddable":true,"href":"https:\/\/www.foment.com\/es\/wp-json\/wp\/v2\/tags?post=105378"}],"curies":[{"name":"wp","href":"https:\/\/api.w.org\/{rel}","templated":true}]}}