{"id":105535,"date":"2020-12-21T09:54:17","date_gmt":"2020-12-21T08:54:17","guid":{"rendered":"https:\/\/www.foment.com\/streaming-lliurament-medalles-honor-2020-premis-carles-ferrer-salat\/"},"modified":"2020-12-21T11:45:50","modified_gmt":"2020-12-21T10:45:50","slug":"streaming-entrega-medallas-honor-2020-premios-carles-ferrer-salat","status":"publish","type":"post","link":"https:\/\/www.foment.com\/es\/streaming-entrega-medallas-honor-2020-premios-carles-ferrer-salat\/","title":{"rendered":"Streaming de la entrega de las Medallas de Honor 2020 y de los XIII Premios Carles Ferrer Salat: \u201cConnectant empresa i progr\u00e9s\u201d"},"content":{"rendered":"<section class=\"wpb-content-wrapper\"><p>[vc_row][vc_column][vc_column_text]Foment del Treball celebra\u00a0hoy\u00a0<strong>lunes 21 de diciembre<\/strong> la entrega de las Medallas de Honor 2020 y de los XIII Premios Carles Ferrer Salat en su sede de <strong>Via Laietana, 32, a las 12.30 horas<\/strong>\u00a0<strong>en un formato adaptado a las circunstancias actuales derivadas del COVID-19 y siguiendo todas las medidas de prevenci\u00f3n y seguridad vigentes<\/strong>. Se podr\u00e1 seguir en directo a trav\u00e9s del\u00a0<a href=\"https:\/\/www.youtube.com\/channel\/UCjg0a_rj1j0QKA0JqLPaqcg\">canal de Youtube de Foment<\/a>, de la\u00a0<a href=\"https:\/\/www.foment.com\/\">web de Foment<\/a>, de la\u00a0<a href=\"https:\/\/www.lavanguardia.com\/\">web de La Vanguardia<\/a>\u00a0y de la\u00a0<a href=\"https:\/\/www.elperiodico.com\/es\/\">web del Peri\u00f3dico<\/a>.[\/vc_column_text]<div class=\"video-embed  wpb_content_element\"><iframe title=\"Premis Carles Ferrer Salat 2020\" width=\"1161\" height=\"653\" src=\"https:\/\/www.youtube.com\/embed\/1u_Kn9Bw_bI?feature=oembed\" frameborder=\"0\" allow=\"accelerometer; autoplay; clipboard-write; encrypted-media; gyroscope; picture-in-picture; web-share\" referrerpolicy=\"strict-origin-when-cross-origin\" allowfullscreen><\/iframe><\/div>[vc_column_text]La entrega contar\u00e1 con la presencia de la vicepresidenta cuarta del Gobierno de Espa\u00f1a y ministra para la Transici\u00f3n Ecol\u00f3gica y el Reto Demogr\u00e1fico, <strong>Teresa Ribera Rodr\u00edguez<\/strong>, del vicepresidente del Govern en substituci\u00f3n de la Presidencia de la Generalitat de Catalunya,<strong> Pere Aragon\u00e8s<\/strong>, y de la alcaldesa de Barcelona, <strong>Ada Colau. <\/strong>El ministro de Sanidad,<strong> Salvador Illa<\/strong>, asistir\u00e1 tambi\u00e9n a la entrega de premios, acompa\u00f1ando a la vicepresidenta cuarta.<\/p>\n<p>A pesar de las circunstancias actuales,\u00a0<strong>desde Foment se quiere mantener el firme compromiso con esta celebraci\u00f3n, en un a\u00f1o en el que es m\u00e1s necesario que nunca poner en valor la tarea de las empresas y los empresarios y las empresarias<\/strong>, con la colaboraci\u00f3n de CaixaBank, Endesa, PwC, Seat y Telef\u00f3nica Empresas.<\/p>\n<p>Foment del Treball instaur\u00f3 en 2007 las\u00a0Medallas de Honor\u00a0y los\u00a0Premios Carles Ferrer Salat, que concede a aquellas personas o empresas que han destacado en el \u00e1mbito empresarial durante el a\u00f1o anterior.<\/p>\n<p>Concretamente, sus\u00a0<strong>Medallas de Honor<\/strong>, m\u00e1xima distinci\u00f3n de la entidad,<strong>\u00a0se conceden a destacadas figuras del \u00e1mbito empresarial y social<\/strong>. Con ellas, Foment busca subrayar la trayectoria profesional, el compromiso empresarial y el compromiso con la ciudadan\u00eda de los distinguidos.<\/p>\n<p>En paralelo a las Medallas, se libran los\u00a0<strong>Premios Carles Ferrer Salat, con que Foment del Treball reconoce la labor de empresas y empresarios de Catalu\u00f1a<\/strong>. Unos galardones que homenajean los valores del empresario liberal, abierto y defensor del conocimiento y el di\u00e1logo, como lo fue Carles Ferrer Salat, presidente de Foment, presidente fundador de la CEOE y presidente de la gran patronal europea Unice (ahora BusinessEurope).[\/vc_column_text][\/vc_column][\/vc_row]<\/p>\n<\/section>","protected":false},"excerpt":{"rendered":"<p>[vc_row][vc_column][vc_column_text]Foment del Treball celebra\u00a0hoy\u00a0lunes 21 de diciembre la entrega de las Medallas de Honor 2020 y de los XIII Premios Carles Ferrer Salat en su sede de Via Laietana, 32, a las 12.30 horas\u00a0en un formato adaptado a las circunstancias actuales derivadas del COVID-19 y siguiendo todas las medidas de prevenci\u00f3n y seguridad vigentes. Se podr\u00e1 seguir en directo a trav\u00e9s del\u00a0canal de Youtube de Foment, de la\u00a0web de Foment, de la\u00a0web de La Vanguardia\u00a0y de la\u00a0web del Peri\u00f3dico.[\/vc_column_text][vc_column_text]La entrega contar\u00e1 con la presencia de la vicepresidenta cuarta del Gobierno de Espa\u00f1a y ministra para la Transici\u00f3n Ecol\u00f3gica y el Reto Demogr\u00e1fico, Teresa Ribera Rodr\u00edguez, del vicepresidente del Govern en substituci\u00f3n de la Presidencia de la Generalitat de Catalunya, Pere Aragon\u00e8s, y de la alcaldesa de Barcelona, Ada Colau. El ministro de Sanidad, Salvador Illa, asistir\u00e1 tambi\u00e9n a la entrega de premios, acompa\u00f1ando a la vicepresidenta cuarta. A pesar de las circunstancias actuales,\u00a0desde Foment se quiere mantener el firme compromiso con esta celebraci\u00f3n, en un a\u00f1o en el que es m\u00e1s necesario que nunca poner en valor la tarea de las empresas y los empresarios y las empresarias, con la colaboraci\u00f3n de CaixaBank, Endesa, PwC, Seat y Telef\u00f3nica Empresas. Foment [&hellip;]<\/p>\n","protected":false},"author":10,"featured_media":105568,"comment_status":"closed","ping_status":"closed","sticky":false,"template":"","format":"standard","meta":{"_links_to":"","_links_to_target":""},"categories":[114,127],"tags":[247,4339,760,828,4336,4335],"acf":[],"wps_subtitle":"","_links":{"self":[{"href":"https:\/\/www.foment.com\/es\/wp-json\/wp\/v2\/posts\/105535"}],"collection":[{"href":"https:\/\/www.foment.com\/es\/wp-json\/wp\/v2\/posts"}],"about":[{"href":"https:\/\/www.foment.com\/es\/wp-json\/wp\/v2\/types\/post"}],"author":[{"embeddable":true,"href":"https:\/\/www.foment.com\/es\/wp-json\/wp\/v2\/users\/10"}],"replies":[{"embeddable":true,"href":"https:\/\/www.foment.com\/es\/wp-json\/wp\/v2\/comments?post=105535"}],"version-history":[{"count":3,"href":"https:\/\/www.foment.com\/es\/wp-json\/wp\/v2\/posts\/105535\/revisions"}],"predecessor-version":[{"id":105550,"href":"https:\/\/www.foment.com\/es\/wp-json\/wp\/v2\/posts\/105535\/revisions\/105550"}],"wp:featuredmedia":[{"embeddable":true,"href":"https:\/\/www.foment.com\/es\/wp-json\/wp\/v2\/media\/105568"}],"wp:attachment":[{"href":"https:\/\/www.foment.com\/es\/wp-json\/wp\/v2\/media?parent=105535"}],"wp:term":[{"taxonomy":"category","embeddable":true,"href":"https:\/\/www.foment.com\/es\/wp-json\/wp\/v2\/categories?post=105535"},{"taxonomy":"post_tag","embeddable":true,"href":"https:\/\/www.foment.com\/es\/wp-json\/wp\/v2\/tags?post=105535"}],"curies":[{"name":"wp","href":"https:\/\/api.w.org\/{rel}","templated":true}]}}