{"id":106080,"date":"2021-01-11T17:08:42","date_gmt":"2021-01-11T16:08:42","guid":{"rendered":"https:\/\/www.foment.com\/sanchez-llibre-demana-pacte-pais-no-ajornar-eleccions-catalanes-14f\/"},"modified":"2021-01-12T17:47:23","modified_gmt":"2021-01-12T16:47:23","slug":"sanchez-llibre-pide-pacto-pais-no-aplazar-elecciones-catalanas-14f","status":"publish","type":"post","link":"https:\/\/www.foment.com\/es\/sanchez-llibre-pide-pacto-pais-no-aplazar-elecciones-catalanas-14f\/","title":{"rendered":"S\u00e1nchez Llibre pide un pacto de pa\u00eds y no aplazar las elecciones catalanas del 14F"},"content":{"rendered":"<section class=\"wpb-content-wrapper\"><p>[vc_row][vc_column][vc_column_text]<\/p>\n<ul>\n<li><strong>La misiva afirma que las medidas implementadas hasta ahora est\u00e1n pensadas para la post-<\/strong><strong>crisis y no para salir de la crisis y anticipa que los Presupuestos aprobados sin ayudas directas y con incremento de impuestos incrementar\u00e1n todav\u00eda m\u00e1s el paro.<\/strong><\/li>\n<li><strong>Estima en 50 MM\u20ac las ayudas directas para los sectores afectados, para ser comparables a las ayudas que han recibido otros pa\u00edses de la UE (Alemania, Italia y Francia). Esto se tiene que focalizar en empresas viables (antes de la COVID-19) y con perspectivas de continuar si\u00e9ndolo.<\/strong><\/li>\n<li><strong>Insiste en pedir una nueva prorroga de los ERTE hasta el 31 de mayo \u201cfacilitando a los empresarios el mantenimiento de la ocupaci\u00f3n de manera proporcional a las necesidades del mercado y la demanda\u201d.<\/strong><\/li>\n<li><strong>Ante la Asamblea el presidente de Foment<\/strong><strong> ofrece colaboraci\u00f3n con el nuevo gobierno \u201csea de la ideolog\u00eda que sea\u201d y desea que lidere Catalu\u00f1a con la m\u00e1xima autoridad pol\u00edtica y econ\u00f3mica, al servicio del bienestar de todos los ciudadanos para elaborar los presupuestos pra la reconstrucci\u00f3n de la econom\u00eda.<\/strong><\/li>\n<\/ul>\n<p>[\/vc_column_text]<div class=\"spacer\" style=\"height: 10px;\"><\/div>[\/vc_column][\/vc_row][vc_row][vc_column text_align=\u00bbcenter\u00bb width=\u00bb1\/2&#8243;]<a href=\"https:\/\/www.foment.com\/wp-content\/uploads\/2021\/01\/2021.01.11Carta-enviada-a-Presidente-del-Gobierno-Pedro-S\u00e1nchez.pdf\" target=\"_self\" class=\"button color-3 medium \" style=\"border-radius: 8px;\">CARTA AL PRESIDENTE<\/a><div class=\"spacer\" style=\"height: 10px;\"><\/div>[\/vc_column][vc_column text_align=\u00bbcenter\u00bb width=\u00bb1\/2&#8243;]<a href=\"https:\/\/www.foment.com\/wp-content\/uploads\/2021\/01\/2021.01.1_DiscursAssembleaFoment.pdf\" target=\"_self\" class=\"button color-3 medium \" style=\"border-radius: 8px;\">DISCURSO ASAMBLEA<\/a><div class=\"spacer\" style=\"height: 10px;\"><\/div>[\/vc_column][\/vc_row][vc_row][vc_column][vc_column_text]Foment del Treball ha celebrado hoy lo Asamblea General en un contexto de m\u00e1xima preocupaci\u00f3n del empresariado catal\u00e1n. Ante la crisis sanitaria y econ\u00f3mica, el presidente de Foment del Treball, Josep S\u00e1nchez Llibre, ha lanzado un SOS para la econom\u00eda, los empresarios y los trabajadores, pidiendo ayudas directas que aprecio en 50.000 millones de euros, una nueva pr\u00f3rroga de los ERTE hasta el 31 de mayo \u2013facilitando la ocupaci\u00f3n de forma proporcional al mercado y la demanda- y reivindicando determinaci\u00f3n pol\u00edtica en Espa\u00f1a y en Catalu\u00f1a. No aplazar las elecciones catalanas previstas por el 14 de febrero y un pacto de pa\u00eds: \u201cahora es el momento del reencuentro econ\u00f3mico en Catalu\u00f1a, un reencuentro firme y valiendo, un reencuentro pol\u00edtico, sin duda, pero tambi\u00e9n y sobre todo un reencuentro econ\u00f3mico. La econom\u00eda es y tiene que ser la prioridad\u201d.[\/vc_column_text]<div class=\"spacer\" style=\"height: 10px;\"><\/div>[\/vc_column][\/vc_row][vc_row][vc_column text_align=\u00bbcenter\u00bb width=\u00bb1\/1&#8243;]<div class=\"video-embed  wpb_content_element\"><iframe title=\"Discurs de Josep S\u00e1nchez Llibre durant l&#039;Assemblea General de Foment del Treball\" width=\"1161\" height=\"653\" src=\"https:\/\/www.youtube.com\/embed\/WslseglZrG0?feature=oembed\" frameborder=\"0\" allow=\"accelerometer; autoplay; clipboard-write; encrypted-media; gyroscope; picture-in-picture; web-share\" referrerpolicy=\"strict-origin-when-cross-origin\" allowfullscreen><\/iframe><\/div><div class=\"spacer\" style=\"height: 10px;\"><\/div>[\/vc_column][\/vc_row][vc_row][vc_column][vc_column_text]Los empresarios necesitamos que las elecciones en el Parlamento de Catalu\u00f1a se celebren el 14 de febrero y no se aplacen. Hay que poner, pues todos el medios sanitarios para que se puedan celebrar. No hacerlo seria dar por perdido el 2021.\u00a0 En este sentido Foment quiere que el \u00a0Gobierno elegido, \u201csea de la ideolog\u00eda que sea, lidere Catalu\u00f1a con la m\u00e1xima autoridad pol\u00edtica y econ\u00f3mica, al servicio del bienestar de todos los ciudadanos y pueda elaborar unos presupuestos para la reconstrucci\u00f3n de nuestra econom\u00eda.\u201d<\/p>\n<p>Y en el nuevo gobierno de la Generalitat, el gobierno que salga de las pr\u00f3ximas elecciones, \u201cle pido que su primera medida sea buscar el m\u00e1s amplio consenso parlamentario posible para orientar la salida de la presente situaci\u00f3n e impulsar un pacto de pa\u00eds con sindicatos y empresarios para recuperar la econom\u00eda.\u201d<\/p>\n<ol>\n<li>Queremos una fiscalidad competitiva para las empresas y para las familias en Catalu\u00f1a. Hoy esto no es posible por una presi\u00f3n fiscal excesiva por parte del Gobierno de la Generalitat, tal como lo manifestamos cuando se aprobaron los Presupuestos de la Generalitat para el 2020. Los impuestos tienen que ser proporcionales a la capacidad econ\u00f3mica real de empresas y personas.<\/li>\n<li>Tambi\u00e9n hay una responsabilidad conjunta por parte del Gobierno del Estado espa\u00f1ol cuando plantea en estos PGE de 2021 un incremento de impuestos y, tambi\u00e9n un aumento del patrimonio que le da car\u00e1cter de indefinido, cuando hasta ahora era temporal.<\/li>\n<li>De estos presupuestos, la primera de las injusticias es precisamente el mantenimiento, ahora ya con car\u00e1cter indefinido, de un impuesto que no existe en el resto de pa\u00edses de la Uni\u00f3n Europea y que, por eso mismo, hace a\u00f1os que tendr\u00eda que haber sido suprimido: el Impuesto sobre el Patrimonio. Con \u00e9l se graba, nada m\u00e1s y nada menos, que el ahorro procedente de rentas que ya han estado objeto de tributaci\u00f3n.<\/li>\n<\/ol>\n<p><span style=\"color: #c1002b;\"><strong>Carta al presidente del Gobierno espa\u00f1ol, Pedro S\u00e1nchez <\/strong><\/span><\/p>\n<p>S\u00e1nchez Llibre ha anunciado que hoy ha enviado una carta el presidente del gobierno espa\u00f1ol, Pedro S\u00e1nchez, para pedirle que el objetivo urgente y prioritario sea la inyecci\u00f3n de dinero (que no cr\u00e9ditos) a los sectores productivos m\u00e1s afectados por la Covid 19. \u201cSi no se desarrollan\u00a0 m\u00e1s actuaciones (de las hechas hasta ahora) se podr\u00eda retrasar la asignaci\u00f3n sectorial, que es crucial para la recuperaci\u00f3n\u201d.<\/p>\n<p>\u201cSi bien han habido avances con la financiaci\u00f3n proveniente de los ICO, y los ERTE, unos y otros han demostrado ser insuficientes. A diferencia de lo que hace la Ley de Presupuestos Generales del Estado del 2021, este no era el momento de incrementar los impuestos, ni crear de nuevos, transformando impuestos temporales en indefinitis. A no ser \u2013a\u00f1ade la misiva-\u00a0 que se quiera profunditzar todav\u00eda m\u00e1s la recesi\u00f3n econ\u00f3mica de nuestro pa\u00eds, as\u00ed como la destrucci\u00f3n de la ocupaci\u00f3n\u201d.<\/p>\n<p>Del mismo modo reivindica un plan de choque de ayudas directas dotado con 50MM \u20ac, \u201cayudas que se tienen que focalizar en empresas viables (antes del Covid19, y con perspectivas de continuar en el futuro\u201d. Tambi\u00e9n insiste en la posibilidad de incrementar el d\u00e9ficit y emitir m\u00e1s deuda p\u00fablica y, por \u00faltimo aprovechar una parte de los 140 MM\u20ac, que corresponden en Espa\u00f1a de los Fondos Next Generation, para la dotaci\u00f3n del Plan de Choque.<\/p>\n<p><span style=\"color: #c1002b;\"><strong>Ampliaci\u00f3n moratoria y condonaci\u00f3n cr\u00e9ditos<\/strong><\/span><\/p>\n<p>S\u00e1nchez Llibre se ha referido tambi\u00e9n a la carencia de di\u00e1logo, de complicidad y de entendimiento con la alcaldesa Ada Colau con todos estos aspectos que hacen referencia a la movilidad (PMV, urbanismo, superilles, etc..)<\/p>\n<p>\u201cQue quede claro \u2013ha dicho S\u00e1nchez Llibre- que lo hemos intentado por parte nuestra. Lo hemos intentado con encuentros con personas de su equipo a lo largo de estos \u00faltimos 4 meses, pero el resultado ha sido muy negativo. Ninguna posibilidad de escuchar, rectificar o buscar consenso con todo el que tienen planificado o han hecho.<\/p>\n<p>As\u00ed ha destacado la carencia de humildad de la Alcaldesa Colau, ha recordado que los empresarios tambi\u00e9n aman Barcelona y trabajan con la Agenda 2030 y los Objetivos de Desarrollo Sostenible y que la alcaldesa tiene el deber y la responsabilidad de mantener la reputaci\u00f3n internacional de Barcelona, que ha costado muchos a\u00f1os construir. Por \u00faltimo, ha dicho que \u201ca pesar de su actitud sectaria y poco dialogante, los empresarios continuaremos siendo muy proactivos buscando consenso y di\u00e1logo con el resto de formaciones pol\u00edticas para recuperar el prestigio y la reputaci\u00f3n de Barcelona\u201d.<\/p>\n<p><span style=\"color: #c1002b;\"><strong>DIEZ EJES PARA LA RECUPERACI\u00d3N ECON\u00d3MICA DE CATALU\u00d1A<\/strong><\/span><\/p>\n<p><strong>1. LA ESTABILIDAD POL\u00cdTICA Y LEALTAD\u00a0 INSTITUCIONAL<\/strong><\/p>\n<p>La estabilidad es condici\u00f3n necesaria, no suficiente, para la recuperaci\u00f3n del pa\u00eds que, precisamente, sufre las consecuencias de una grav\u00edsima crisis institucional desde hace cerca de una d\u00e9cada, a la cual se ha a\u00f1adido la pandemia. En caso de no lograr estas dos premisas, Catalu\u00f1a continuar\u00e1 yendo atr\u00e1s y perdiendo pes respecto a otras Comunidades Aut\u00f3nomas.<\/p>\n<p><strong>2. REINDUSTRIALIZACI\u00d3N DE CATALU\u00d1A. INCREMENTAR EL PESO DE LAS INDUSTRIAS CATALANAS EN EL PIB AL 23% EL 2030<\/strong><\/p>\n<p>Impulsar la industria de car\u00e1cter disruptivo, enfocado a la nueva industria 4.0. Acelerar el proceso de la transformaci\u00f3n a la digitalizaci\u00f3n industrial a trav\u00e9s de la sostenibilidad y la digitalizaci\u00f3n (Fondos Europeos).<\/p>\n<p>Convertir Catalu\u00f1a en un HUB mundial en innovaci\u00f3n y recepci\u00f3n de capital para las startups.<\/p>\n<p>Hay que ampliar el alcance de la industria agroalimentaria que ha demostrado su fortaleza durante la pandemia, y por eso conviene impulsar el Canal de Urgell para convertir Catalu\u00f1a en una gran productora agr\u00edcola, que fortalecer\u00eda una industria l\u00edder y arraigada en el territorio, evitando la Catalu\u00f1a vac\u00eda.<\/p>\n<p><strong>3. LA REFORMULACI\u00d3N O LA REINVENCI\u00d3 DEL SECTOR TUR\u00cdSTICO\u00a0\u00a0<\/strong><\/p>\n<p>El turismo volver\u00e1, y seguir\u00e1 siendo fundamental para nuestra econom\u00eda. Dado que tendremos que rehacer nuestra oferta tur\u00edstica, habr\u00e1 que hacerlo orient\u00e1ndonos hacia la reinvenci\u00f3n del sector.<\/p>\n<p><strong>4. LA ECONOMIA DEL SOFTPOWER<\/strong><\/p>\n<p>La pandemia refuerza, todav\u00eda m\u00e1s, la tendencia a orientarnos hacia sectores que responden mucho a las condiciones naturales de Catalu\u00f1a: transici\u00f3n verde y digitalizaci\u00f3n. Contamos con los mejores activos por ser excelentes en ambos \u00e1mbitos. Y, con la normalidad, las personas volveremos a circular y a asentarnos en los territorios que nos ofrezcan calidad de vida e interrelaci\u00f3n amable con los otros. En esto, Catalu\u00f1a puede resultar paradigm\u00e1tica.<\/p>\n<p><strong>5. REFORZAR NUESTRO TEJIDO DE PEQUE\u00d1AS Y MEDIANA EMPRESAS. <\/strong><\/p>\n<p>A pesar de las graves crisis que venimos acumulando (financiera, proceso y coronavirus) continuamos disfrutando de un extenso y competitivo tejido de pymes. Ahora, m\u00e1s que nunca y a consecuencia de la crisis sanitaria, buena parte de ellas tienen que aumentar su dimensi\u00f3n y reforzar su solidez financiera. Los procesos de fusiones y adquisiciones y de incorporaci\u00f3n de socios financieros que aporten capital propio. Acontecen indispensables.<\/p>\n<p><strong>6. DESARROLLO LAS INFRAESTRUCTURAS B\u00c1SICAS EN CATALU\u00d1A, IMPULSANDO LA COLABORACI\u00d3N P\u00daBLICO-PRIVADA.<\/strong><\/p>\n<p>Planificaci\u00f3n, programaci\u00f3n, realizaci\u00f3n del CAT-100. Referencia a \u201cCercan\u00edas\u201d con traspaso de infraestructuras y gesti\u00f3n.<\/p>\n<p><strong>7. RECUPERAR LOS SECTORES DE LA CONSTRUCCI\u00d3N,\u00a0 LA INMOBILIARIA Y\u00a0 LA REHABILITACI\u00d3N DE EDIFICIOS.<\/strong><\/p>\n<p><strong>8. FORMULAR UN PACTO EDUCATIVO (FP Y UNIVERSIDADES) QUE RESPONDA A LAS NECESIDADES DE LAS EMPRESAS.<\/strong><\/p>\n<p><strong>9. REFORMA DE LA ADMINISTRACI\u00d3N P\u00daBLICA. MAYOR EFICIENCIA EN EL SECTOR P\u00daBLICO.<\/strong><\/p>\n<p><strong>10.- BARCELONA Y SU METR\u00d3POLI. <\/strong><\/p>\n<p>El futuro econ\u00f3mico de Catalu\u00f1a pasa por el de su capital, entendi\u00e9ndola como regi\u00f3n metropolitana. Todos tenemos que contribuir a una mayor integraci\u00f3n de los municipios que conforman la regi\u00f3n y a encontrar un nuevo discurso que reubique Barcelona en el mundo.[\/vc_column_text][\/vc_column][\/vc_row][vc_row][vc_column]<div class=\"flexslider wpb_content_element\"><ul class=\"slides\"><li><img src=\"https:\/\/www.foment.com\/wp-content\/uploads\/2021\/01\/DSC_0433-scaled.jpg\" alt=\"\" \/><\/li><li><img src=\"https:\/\/www.foment.com\/wp-content\/uploads\/2021\/01\/DSC_0351-scaled.jpg\" alt=\"\" \/><\/li><li><img src=\"https:\/\/www.foment.com\/wp-content\/uploads\/2021\/01\/DSC_0354-scaled.jpg\" alt=\"\" \/><\/li><\/ul><\/div>[\/vc_column][\/vc_row]<\/p>\n<\/section>","protected":false},"excerpt":{"rendered":"<p>[vc_row][vc_column][vc_column_text] La misiva afirma que las medidas implementadas hasta ahora est\u00e1n pensadas para la post-crisis y no para salir de la crisis y anticipa que los Presupuestos aprobados sin ayudas directas y con incremento de impuestos incrementar\u00e1n todav\u00eda m\u00e1s el paro. Estima en 50 MM\u20ac las ayudas directas para los sectores afectados, para ser comparables a las ayudas que han recibido otros pa\u00edses de la UE (Alemania, Italia y Francia). Esto se tiene que focalizar en empresas viables (antes de la COVID-19) y con perspectivas de continuar si\u00e9ndolo. Insiste en pedir una nueva prorroga de los ERTE hasta el 31 de mayo \u201cfacilitando a los empresarios el mantenimiento de la ocupaci\u00f3n de manera proporcional a las necesidades del mercado y la demanda\u201d. Ante la Asamblea el presidente de Foment ofrece colaboraci\u00f3n con el nuevo gobierno \u201csea de la ideolog\u00eda que sea\u201d y desea que lidere Catalu\u00f1a con la m\u00e1xima autoridad pol\u00edtica y econ\u00f3mica, al servicio del bienestar de todos los ciudadanos para elaborar los presupuestos pra la reconstrucci\u00f3n de la econom\u00eda. [\/vc_column_text][\/vc_column][\/vc_row][vc_row][vc_column text_align=\u00bbcenter\u00bb width=\u00bb1\/2&#8243;][\/vc_column][vc_column text_align=\u00bbcenter\u00bb width=\u00bb1\/2&#8243;][\/vc_column][\/vc_row][vc_row][vc_column][vc_column_text]Foment del Treball ha celebrado hoy lo Asamblea General en un contexto de m\u00e1xima preocupaci\u00f3n del empresariado catal\u00e1n. Ante la crisis sanitaria y econ\u00f3mica, el [&hellip;]<\/p>\n","protected":false},"author":10,"featured_media":106089,"comment_status":"closed","ping_status":"closed","sticky":false,"template":"","format":"standard","meta":{"_links_to":"","_links_to_target":""},"categories":[2735,114,68],"tags":[1841,3682,4382,4380,4381,4383],"acf":[],"wps_subtitle":"Env\u00eda una carta al presidente del Gobierno de Espa\u00f1a, Pedro S\u00e1nchez, para manifestarle la \u201cnecesidad urgente de inyectar dinero a los sectores productivos m\u00e1s afectados\u201d","_links":{"self":[{"href":"https:\/\/www.foment.com\/es\/wp-json\/wp\/v2\/posts\/106080"}],"collection":[{"href":"https:\/\/www.foment.com\/es\/wp-json\/wp\/v2\/posts"}],"about":[{"href":"https:\/\/www.foment.com\/es\/wp-json\/wp\/v2\/types\/post"}],"author":[{"embeddable":true,"href":"https:\/\/www.foment.com\/es\/wp-json\/wp\/v2\/users\/10"}],"replies":[{"embeddable":true,"href":"https:\/\/www.foment.com\/es\/wp-json\/wp\/v2\/comments?post=106080"}],"version-history":[{"count":10,"href":"https:\/\/www.foment.com\/es\/wp-json\/wp\/v2\/posts\/106080\/revisions"}],"predecessor-version":[{"id":106293,"href":"https:\/\/www.foment.com\/es\/wp-json\/wp\/v2\/posts\/106080\/revisions\/106293"}],"wp:featuredmedia":[{"embeddable":true,"href":"https:\/\/www.foment.com\/es\/wp-json\/wp\/v2\/media\/106089"}],"wp:attachment":[{"href":"https:\/\/www.foment.com\/es\/wp-json\/wp\/v2\/media?parent=106080"}],"wp:term":[{"taxonomy":"category","embeddable":true,"href":"https:\/\/www.foment.com\/es\/wp-json\/wp\/v2\/categories?post=106080"},{"taxonomy":"post_tag","embeddable":true,"href":"https:\/\/www.foment.com\/es\/wp-json\/wp\/v2\/tags?post=106080"}],"curies":[{"name":"wp","href":"https:\/\/api.w.org\/{rel}","templated":true}]}}