{"id":107286,"date":"2021-01-19T13:29:10","date_gmt":"2021-01-19T12:29:10","guid":{"rendered":"https:\/\/www.foment.com\/maria-helena-felipe-nomenada-vicepresidenta-ctesc-representacio-foment\/"},"modified":"2021-01-20T17:13:47","modified_gmt":"2021-01-20T16:13:47","slug":"maria-helena-felipe-nomenada-vicepresidenta-ctesc-representacio-foment","status":"publish","type":"post","link":"https:\/\/www.foment.com\/es\/maria-helena-felipe-nomenada-vicepresidenta-ctesc-representacio-foment\/","title":{"rendered":"M\u00aa Helena de Felipe, designada vicepresidenta del CTESC en representaci\u00f3n de Foment del Treball"},"content":{"rendered":"<p>El Consell del Trabajo Econ\u00f3mico y Social de Catalu\u00f1a (CTESC) constituy\u00f3 ayer el pleno y la nueva ejecutiva que dirigir\u00e1n este \u00f3rgano consultivo de la Generalitat en los pr\u00f3ximos a\u00f1os. M\u00aa Helena de Felipe, vicepresidenta de Foment del Trebajll fue nombrada vicepresidenta del CTESC en representaci\u00f3n de la patronal.<\/p>\n<p>El diciembre pasado, el secretario de acci\u00f3n social de CCOO en Catalu\u00f1a, Antoni Mora, fue elegido presidente del CETSC en sustituci\u00f3n del ex consejero de CiU Llu\u00eds Franco.<\/p>\n<p>La secretaria general ser\u00e1 el economista Carme Garcia Jarque, de Pimec, y ayer fueron nombrados como vicepresidentes el secretario de pol\u00edticas sectoriales de la UGT en Catalu\u00f1a, Jos\u00e9 Antonio Pasadas, y la presidenta de Fepime Catalu\u00f1a, Mar\u00eda Helena de Felipe.<\/p>\n<p>El resto de miembros de la ejecutiva son Ricard Bellera, Jos\u00e9 Manuel Fandi\u00f1o, Salvador Guillermo, Mois\u00e9s Bonal, Xavier Pi\u00e9, Jes\u00fas Delgado i Carles Vicente.<\/p>\n<p>El CTESC se tiene que posicionar sobre todos los anteproyectos de ley y decretos que impulsa el Gobierno y tambi\u00e9n elabora informes sobre la situaci\u00f3n socioecon\u00f3mica y laboral.<\/p>\n","protected":false},"excerpt":{"rendered":"<p>El Consell del Trabajo Econ\u00f3mico y Social de Catalu\u00f1a (CTESC) constituy\u00f3 ayer el pleno y la nueva ejecutiva que dirigir\u00e1n este \u00f3rgano consultivo de la Generalitat en los pr\u00f3ximos a\u00f1os. M\u00aa Helena de Felipe, vicepresidenta de Foment del Trebajll fue nombrada vicepresidenta del CTESC en representaci\u00f3n de la patronal. El diciembre pasado, el secretario de acci\u00f3n social de CCOO en Catalu\u00f1a, Antoni Mora, fue elegido presidente del CETSC en sustituci\u00f3n del ex consejero de CiU Llu\u00eds Franco. La secretaria general ser\u00e1 el economista Carme Garcia Jarque, de Pimec, y ayer fueron nombrados como vicepresidentes el secretario de pol\u00edticas sectoriales de la UGT en Catalu\u00f1a, Jos\u00e9 Antonio Pasadas, y la presidenta de Fepime Catalu\u00f1a, Mar\u00eda Helena de Felipe. El resto de miembros de la ejecutiva son Ricard Bellera, Jos\u00e9 Manuel Fandi\u00f1o, Salvador Guillermo, Mois\u00e9s Bonal, Xavier Pi\u00e9, Jes\u00fas Delgado i Carles Vicente. El CTESC se tiene que posicionar sobre todos los anteproyectos de ley y decretos que impulsa el Gobierno y tambi\u00e9n elabora informes sobre la situaci\u00f3n socioecon\u00f3mica y laboral.<\/p>\n","protected":false},"author":10,"featured_media":107283,"comment_status":"closed","ping_status":"closed","sticky":false,"template":"","format":"standard","meta":{"_links_to":"","_links_to_target":""},"categories":[114,68],"tags":[4427,4428],"acf":[],"wps_subtitle":"El CTESC se posiciona sobre todos los anteproyectos de ley y decretos que impulsa el Gobierno y tambi\u00e9n elabora informes sobre la situaci\u00f3n socioecon\u00f3mica y laboral","_links":{"self":[{"href":"https:\/\/www.foment.com\/es\/wp-json\/wp\/v2\/posts\/107286"}],"collection":[{"href":"https:\/\/www.foment.com\/es\/wp-json\/wp\/v2\/posts"}],"about":[{"href":"https:\/\/www.foment.com\/es\/wp-json\/wp\/v2\/types\/post"}],"author":[{"embeddable":true,"href":"https:\/\/www.foment.com\/es\/wp-json\/wp\/v2\/users\/10"}],"replies":[{"embeddable":true,"href":"https:\/\/www.foment.com\/es\/wp-json\/wp\/v2\/comments?post=107286"}],"version-history":[{"count":3,"href":"https:\/\/www.foment.com\/es\/wp-json\/wp\/v2\/posts\/107286\/revisions"}],"predecessor-version":[{"id":107341,"href":"https:\/\/www.foment.com\/es\/wp-json\/wp\/v2\/posts\/107286\/revisions\/107341"}],"wp:featuredmedia":[{"embeddable":true,"href":"https:\/\/www.foment.com\/es\/wp-json\/wp\/v2\/media\/107283"}],"wp:attachment":[{"href":"https:\/\/www.foment.com\/es\/wp-json\/wp\/v2\/media?parent=107286"}],"wp:term":[{"taxonomy":"category","embeddable":true,"href":"https:\/\/www.foment.com\/es\/wp-json\/wp\/v2\/categories?post=107286"},{"taxonomy":"post_tag","embeddable":true,"href":"https:\/\/www.foment.com\/es\/wp-json\/wp\/v2\/tags?post=107286"}],"curies":[{"name":"wp","href":"https:\/\/api.w.org\/{rel}","templated":true}]}}