{"id":107302,"date":"2021-01-20T14:04:57","date_gmt":"2021-01-20T13:04:57","guid":{"rendered":"https:\/\/www.foment.com\/jordi-casas-nomenat-conseller-consell-economic-social-ces-representacio-foment\/"},"modified":"2021-01-20T17:11:04","modified_gmt":"2021-01-20T16:11:04","slug":"jordi-casas-designado-consejero-consejo-economico-social-ces-representacion-foment","status":"publish","type":"post","link":"https:\/\/www.foment.com\/es\/jordi-casas-designado-consejero-consejo-economico-social-ces-representacion-foment\/","title":{"rendered":"Jordi Casas, designado consejero del Consejo Econ\u00f3mico y Social (CES) en representaci\u00f3n de Foment del Treball"},"content":{"rendered":"<p>El Director del Gabinete de Presidencia de Foment del Trebal, Jordi Casas y Bed\u00f3s, se incorpora como consejero del Consejo Econ\u00f3mico y Social en representaci\u00f3n de la patronal. El anterior miembro de este organismo en nombre de Foment hab\u00eda sido su exsecretario general Joan Pujol.<\/p>\n<p>Jordi Casas y Bed\u00f3s (Sabadell, 1954) tiene una amplia experiencia empresarial que empez\u00f3 entre los a\u00f1os 1977-87 como asesor jur\u00eddico del Gremio de Fabricantes de Sabadell.<\/p>\n<p>Como diputado en el Congreso fue miembro de la Comisi\u00f3n de Pol\u00edtica Social y Ocupaci\u00f3n\u00a0 y ponente de muchos proyectos de ley en los \u00e1mbitos de la pol\u00edtica econ\u00f3mica, laboral, fiscal y relacionados con la Uni\u00f3n Europa.<\/p>\n<p>Durante el mandato de Joan Rosell, Jordi Casas form\u00f3 parte de la Junta Directiva de la CEOE.<\/p>\n<p>El Bolet\u00edn Oficial del Estado publica la nueva composici\u00f3n de los miembros del CES aprobada ayer por el Consejo de Ministros.<\/p>\n","protected":false},"excerpt":{"rendered":"<p>El Director del Gabinete de Presidencia de Foment del Trebal, Jordi Casas y Bed\u00f3s, se incorpora como consejero del Consejo Econ\u00f3mico y Social en representaci\u00f3n de la patronal. El anterior miembro de este organismo en nombre de Foment hab\u00eda sido su exsecretario general Joan Pujol. Jordi Casas y Bed\u00f3s (Sabadell, 1954) tiene una amplia experiencia empresarial que empez\u00f3 entre los a\u00f1os 1977-87 como asesor jur\u00eddico del Gremio de Fabricantes de Sabadell. Como diputado en el Congreso fue miembro de la Comisi\u00f3n de Pol\u00edtica Social y Ocupaci\u00f3n\u00a0 y ponente de muchos proyectos de ley en los \u00e1mbitos de la pol\u00edtica econ\u00f3mica, laboral, fiscal y relacionados con la Uni\u00f3n Europa. Durante el mandato de Joan Rosell, Jordi Casas form\u00f3 parte de la Junta Directiva de la CEOE. El Bolet\u00edn Oficial del Estado publica la nueva composici\u00f3n de los miembros del CES aprobada ayer por el Consejo de Ministros.<\/p>\n","protected":false},"author":10,"featured_media":107300,"comment_status":"closed","ping_status":"closed","sticky":false,"template":"","format":"standard","meta":{"_links_to":"","_links_to_target":""},"categories":[114,68],"tags":[4431,4432],"acf":[],"wps_subtitle":"El Bolet\u00edn Oficial del Estado publica la nueva composici\u00f3n de los miembros del CES aprobada ayer por el Consejo de Ministros","_links":{"self":[{"href":"https:\/\/www.foment.com\/es\/wp-json\/wp\/v2\/posts\/107302"}],"collection":[{"href":"https:\/\/www.foment.com\/es\/wp-json\/wp\/v2\/posts"}],"about":[{"href":"https:\/\/www.foment.com\/es\/wp-json\/wp\/v2\/types\/post"}],"author":[{"embeddable":true,"href":"https:\/\/www.foment.com\/es\/wp-json\/wp\/v2\/users\/10"}],"replies":[{"embeddable":true,"href":"https:\/\/www.foment.com\/es\/wp-json\/wp\/v2\/comments?post=107302"}],"version-history":[{"count":3,"href":"https:\/\/www.foment.com\/es\/wp-json\/wp\/v2\/posts\/107302\/revisions"}],"predecessor-version":[{"id":107338,"href":"https:\/\/www.foment.com\/es\/wp-json\/wp\/v2\/posts\/107302\/revisions\/107338"}],"wp:featuredmedia":[{"embeddable":true,"href":"https:\/\/www.foment.com\/es\/wp-json\/wp\/v2\/media\/107300"}],"wp:attachment":[{"href":"https:\/\/www.foment.com\/es\/wp-json\/wp\/v2\/media?parent=107302"}],"wp:term":[{"taxonomy":"category","embeddable":true,"href":"https:\/\/www.foment.com\/es\/wp-json\/wp\/v2\/categories?post=107302"},{"taxonomy":"post_tag","embeddable":true,"href":"https:\/\/www.foment.com\/es\/wp-json\/wp\/v2\/tags?post=107302"}],"curies":[{"name":"wp","href":"https:\/\/api.w.org\/{rel}","templated":true}]}}