{"id":108327,"date":"2021-01-31T13:32:19","date_gmt":"2021-01-31T12:32:19","guid":{"rendered":"https:\/\/www.foment.com\/quironsalud-incorpora-nou-soci\/"},"modified":"2021-01-31T13:44:23","modified_gmt":"2021-01-31T12:44:23","slug":"quironsalud-incorpora-nou-soci","status":"publish","type":"post","link":"https:\/\/www.foment.com\/es\/quironsalud-incorpora-nou-soci\/","title":{"rendered":"Quironsalud se incorpora como nuevo socio de Foment del Treball"},"content":{"rendered":"<section class=\"wpb-content-wrapper\"><p>[vc_row][vc_column][vc_column_text]<\/p>\n<div class=\"page\" title=\"Page 1\">\n<div class=\"section\">\n<div class=\"layoutArea\">\n<div class=\"column\">\n<ul>\n<li><strong>El sector Salud es estrat\u00e9gico en Catalunya y Foment quiere promover la mejora de su financiaci\u00f3n y poner tambi\u00e9n en valor el modelo de cooperaci\u00f3n p\u00fablico-privado.<\/strong><\/li>\n<\/ul>\n<p>Quir\u00f3nsalud, que es la compa\u00f1\u00eda l\u00edder en Espa\u00f1a en prestaci\u00f3n de servicios sanitarios, se ha incorporado como socio de Foment del Treball. El presidente de la instituci\u00f3n empresarial, Josep S\u00e1nchez Llibre, ha destacado el valor de esta incorporaci\u00f3n al ecosistema de la entidad \u201cen un momento en que la actividad sanitaria, que es siempre esencial, ahora es lo es a\u00fan con mayor intensidad\u201d.<\/p>\n<p>El doctor Xavier Mate es el responsable de los hospitales de Quir\u00f3nsalud en Catalunya. El grupo gestiona en Catalunya 7 hospitales y 6 centros m\u00e9dicos y de salud con una plantilla que supera los 7.000 profesionales. Anualmente realiza m\u00e1s de dos millones de procedimientos m\u00e9dicos y quir\u00fargicos.<\/p>\n<p>Foment del Treball, que cuenta con la Comisi\u00f3n de Atenci\u00f3n a las personas, tiene como objetivos, entre otros, poner en valor el modelo cooperaci\u00f3n p\u00fablico-privado del modelo sanitario y social en sus diferentes dimensiones, y promover la mejora de la financiaci\u00f3n suficiente y sostenible del sector salud y social para alcanzar a niveles de gasto sobre el PIB similares a los pa\u00edses desarrollados de nuestro entorno.<\/p>\n<\/div>\n<\/div>\n<\/div>\n<\/div>\n<p>[\/vc_column_text]<div class=\"single_image wpb_content_element align-left    \" data-animation=\"none\" data-delay=\"0\"><img width=\"2560\" height=\"1921\" src=\"https:\/\/www.foment.com\/wp-content\/uploads\/2021\/01\/DSC_0495-scaled.jpg\" class=\"attachment-full\" alt=\"\" loading=\"lazy\" title=\"DSC_0495\" srcset=\"https:\/\/www.foment.com\/wp-content\/uploads\/2021\/01\/DSC_0495-scaled.jpg 2560w, https:\/\/www.foment.com\/wp-content\/uploads\/2021\/01\/DSC_0495-300x225.jpg 300w, https:\/\/www.foment.com\/wp-content\/uploads\/2021\/01\/DSC_0495-1024x768.jpg 1024w, https:\/\/www.foment.com\/wp-content\/uploads\/2021\/01\/DSC_0495-768x576.jpg 768w, https:\/\/www.foment.com\/wp-content\/uploads\/2021\/01\/DSC_0495-1536x1152.jpg 1536w, https:\/\/www.foment.com\/wp-content\/uploads\/2021\/01\/DSC_0495-2048x1537.jpg 2048w\" sizes=\"(max-width: 2560px) 100vw, 2560px\" \/><\/div>[\/vc_column][\/vc_row]<\/p>\n<\/section>","protected":false},"excerpt":{"rendered":"<p>[vc_row][vc_column][vc_column_text] El sector Salud es estrat\u00e9gico en Catalunya y Foment quiere promover la mejora de su financiaci\u00f3n y poner tambi\u00e9n en valor el modelo de cooperaci\u00f3n p\u00fablico-privado. Quir\u00f3nsalud, que es la compa\u00f1\u00eda l\u00edder en Espa\u00f1a en prestaci\u00f3n de servicios sanitarios, se ha incorporado como socio de Foment del Treball. El presidente de la instituci\u00f3n empresarial, Josep S\u00e1nchez Llibre, ha destacado el valor de esta incorporaci\u00f3n al ecosistema de la entidad \u201cen un momento en que la actividad sanitaria, que es siempre esencial, ahora es lo es a\u00fan con mayor intensidad\u201d. El doctor Xavier Mate es el responsable de los hospitales de Quir\u00f3nsalud en Catalunya. El grupo gestiona en Catalunya 7 hospitales y 6 centros m\u00e9dicos y de salud con una plantilla que supera los 7.000 profesionales. Anualmente realiza m\u00e1s de dos millones de procedimientos m\u00e9dicos y quir\u00fargicos. Foment del Treball, que cuenta con la Comisi\u00f3n de Atenci\u00f3n a las personas, tiene como objetivos, entre otros, poner en valor el modelo cooperaci\u00f3n p\u00fablico-privado del modelo sanitario y social en sus diferentes dimensiones, y promover la mejora de la financiaci\u00f3n suficiente y sostenible del sector salud y social para alcanzar a niveles de gasto sobre el PIB similares a los pa\u00edses desarrollados [&hellip;]<\/p>\n","protected":false},"author":10,"featured_media":108321,"comment_status":"closed","ping_status":"closed","sticky":false,"template":"","format":"standard","meta":{"_links_to":"","_links_to_target":""},"categories":[114,68],"tags":[3122,4471,4477],"acf":[],"wps_subtitle":"El grupo gestiona en Catalunya 7 hospitales y 6 centros m\u00e9dicos y de salud con una plantilla que supera los 7.000 profesionales","_links":{"self":[{"href":"https:\/\/www.foment.com\/es\/wp-json\/wp\/v2\/posts\/108327"}],"collection":[{"href":"https:\/\/www.foment.com\/es\/wp-json\/wp\/v2\/posts"}],"about":[{"href":"https:\/\/www.foment.com\/es\/wp-json\/wp\/v2\/types\/post"}],"author":[{"embeddable":true,"href":"https:\/\/www.foment.com\/es\/wp-json\/wp\/v2\/users\/10"}],"replies":[{"embeddable":true,"href":"https:\/\/www.foment.com\/es\/wp-json\/wp\/v2\/comments?post=108327"}],"version-history":[{"count":3,"href":"https:\/\/www.foment.com\/es\/wp-json\/wp\/v2\/posts\/108327\/revisions"}],"predecessor-version":[{"id":108329,"href":"https:\/\/www.foment.com\/es\/wp-json\/wp\/v2\/posts\/108327\/revisions\/108329"}],"wp:featuredmedia":[{"embeddable":true,"href":"https:\/\/www.foment.com\/es\/wp-json\/wp\/v2\/media\/108321"}],"wp:attachment":[{"href":"https:\/\/www.foment.com\/es\/wp-json\/wp\/v2\/media?parent=108327"}],"wp:term":[{"taxonomy":"category","embeddable":true,"href":"https:\/\/www.foment.com\/es\/wp-json\/wp\/v2\/categories?post=108327"},{"taxonomy":"post_tag","embeddable":true,"href":"https:\/\/www.foment.com\/es\/wp-json\/wp\/v2\/tags?post=108327"}],"curies":[{"name":"wp","href":"https:\/\/api.w.org\/{rel}","templated":true}]}}