{"id":108737,"date":"2021-02-03T10:53:10","date_gmt":"2021-02-03T09:53:10","guid":{"rendered":"https:\/\/www.foment.com\/carrizosa-defensa-pla-xoc-retorn-empreses-catalunya\/"},"modified":"2021-02-03T12:42:31","modified_gmt":"2021-02-03T11:42:31","slug":"carrizosa-defiende-plan-choque-retorno-empresas-cataluna","status":"publish","type":"post","link":"https:\/\/www.foment.com\/es\/carrizosa-defiende-plan-choque-retorno-empresas-cataluna\/","title":{"rendered":"Carrizosa defiende un plan de choque para el retorno de las empresas en Catalu\u00f1a"},"content":{"rendered":"<section class=\"wpb-content-wrapper\"><p>[vc_row][vc_column][vc_column_text]<\/p>\n<ul>\n<li><strong>Atribuir la marcha de empresas por el efecto de la capitalidad de Madrid \u201cno es cierto\u201d, dice el candidato.<\/strong><\/li>\n<li><strong>Ciutadans quiere una fiscalidad m\u00e1s competitiva con la reducci\u00f3n del IRPF, Patrimonio y Sucesiones, y la eliminaci\u00f3n de los impuestos propios de Catalu\u00f1a.<\/strong><\/li>\n<\/ul>\n<p>[\/vc_column_text]<div class=\"video-embed  wpb_content_element\"><iframe title=\"Cicle Electoral &quot;La meva proposta econ\u00f2mica \u00e9s&quot;, amb amb Carlos Carrizosa, de Ciutadans\" width=\"1161\" height=\"653\" src=\"https:\/\/www.youtube.com\/embed\/9dF4HASXwxc?feature=oembed\" frameborder=\"0\" allow=\"accelerometer; autoplay; clipboard-write; encrypted-media; gyroscope; picture-in-picture; web-share\" referrerpolicy=\"strict-origin-when-cross-origin\" allowfullscreen><\/iframe><\/div>[vc_column_text]El candidato de Ciutadans a las elecciones del Parlament de Catalu\u00f1a, Carles Carrizosa, ha expresado hoy su compromiso para trabajar en la pr\u00f3xima legislatura a favor de un plan de choque que haga posible el retorno de las empresas que trasladaron su sede social de Barcelona. Carrizosa se ha referido a las m\u00e1s de 7.000 empresas que salieron de Catalu\u00f1a el 2017 como consecuencia de la \u201cinseguridad jur\u00eddica\u201d que provoc\u00f3 el proceso independentista y ha a\u00f1adido que atribuir este hecho a efectos de capitalidad de Madrid no es cierto porque muchas empresas se trasladaron tambi\u00e9n a Arag\u00f3n, Valencia y otras comunidades de Espa\u00f1a.<\/p>\n<p>\u201cEste miedo a la decadencia econ\u00f3mica de Catalu\u00f1a se tiene que parar\u201d, ha dicho Carrizosa. Durante su intervenci\u00f3n en el Ciclo Electoral 14F <em>\u201cMi propuesta econ\u00f3mica es&#8230;\u201d<\/em>, ha destacado el car\u00e1cter emprendedor de los catalanes que ha permitido que durante d\u00e9cadas Catalu\u00f1a haya sido \u201cmotor de la innovaci\u00f3n y del impulso empresarial\u201d.<\/p>\n<p>Respecto a su programa econ\u00f3mico ha apuntado tambi\u00e9n las segientes prioridades:<\/p>\n<ol>\n<li>Una fiscalidad m\u00e1s competitiva con la reducci\u00f3n del IRPF, Successi\u00f3n y Patrimonio y la supresi\u00f3n de los tribtos propios de la administraci\u00f3n catalana. \u201cEl dinero tiene que estar en manos de los consumidores, no de la administraci\u00f3n\u201d.<\/li>\n<li>Un reforma de la administraci\u00f3n para avanzar hacia la eficiencia y a favor de las empresas y la actividad productiva.<\/li>\n<li>Ayudas a los aut\u00f3nomos, ayudas directas de hasta el 75% de las p\u00e9rdidas; ayudas para los alquileres por tener los locales cerrados; medidas para la hosteler\u00eda, uno de los principales sectores afectados, como ayudas para obras de adecuaci\u00f3n de los establecimientos que proporcionen m\u00e1s seguridad ante el contagio de la Covid-19.<\/li>\n<\/ol>\n<p><span style=\"color: #c1002b;\"><strong>Financiaci\u00f3n auton\u00f3mica<\/strong><\/span><\/p>\n<p>Des de 2014 Ciutadans defiende, ha dicho Carrizosa, \u00a0que \u201ctendr\u00edamos que reformar el m\u00e9todo de financiaci\u00f3n auton\u00f3mica en todas las comunidades. Catalu\u00f1a tiene que volver a liderar la demanda de un nuevo sistema. Tenemos que luchar por nuestros intereses pero tambi\u00e9n ser part\u00edcipes de proyectos m\u00e1s grandes. Ser tambi\u00e9n parte de la soluci\u00f3n\u201d.<\/p>\n<p><span style=\"color: #c1002b;\"><strong>D\u00eda del Empresario<\/strong><\/span><\/p>\n<p><strong>El presidente de Foment, Josep S\u00e1nchez Llibre, ha pedido al candidato que su formaci\u00f3n apoye que el nuevo Gobierno apruebe un Decreto que establezca el 29 de noviembre como D\u00eda del empresario y la empresaria en Catalu\u00f1a, del mismo modo que se aprob\u00f3 por Decreto el D\u00eda de la Justicia en Catalu\u00f1a. Carrizosa se ha comprometido a apoyar esta iniciativa.<\/strong><\/p>\n<p>La fecha del 29 de noviembre\u00a0 se considera emblem\u00e1tica, como s\u00edmbolo de lo que supuso la introducci\u00f3n del vapor y el inicio de la industrializaci\u00f3n moderna en Catalu\u00f1a. El 29 de noviembre de 1833 la \u201cF\u00e1brica Bonaplata\u201d publicaba un anuncio en la prensa invitando a visitar sus instalaciones en el barrio del Arrabal de Barcelona y ofrec\u00eda sus servicios a los industriales de Catalu\u00f1a.[\/vc_column_text]<div class=\"flexslider wpb_content_element\"><ul class=\"slides\"><li><img src=\"https:\/\/www.foment.com\/wp-content\/uploads\/2021\/02\/DSC_0727-scaled.jpg\" alt=\"\" \/><\/li><li><img src=\"https:\/\/www.foment.com\/wp-content\/uploads\/2021\/02\/DSC_0722-scaled.jpg\" alt=\"\" \/><\/li><li><img src=\"https:\/\/www.foment.com\/wp-content\/uploads\/2021\/02\/DSC_0712-scaled.jpg\" alt=\"\" \/><\/li><li><img src=\"https:\/\/www.foment.com\/wp-content\/uploads\/2021\/02\/DSC_0747-scaled.jpg\" alt=\"\" \/><\/li><li><img src=\"https:\/\/www.foment.com\/wp-content\/uploads\/2021\/02\/DSC_0765-scaled.jpg\" alt=\"\" \/><\/li><li><img src=\"https:\/\/www.foment.com\/wp-content\/uploads\/2021\/02\/DSC_0800-scaled.jpg\" alt=\"\" \/><\/li><li><img src=\"https:\/\/www.foment.com\/wp-content\/uploads\/2021\/02\/DSC_0762-scaled.jpg\" alt=\"\" \/><\/li><li><img src=\"https:\/\/www.foment.com\/wp-content\/uploads\/2021\/02\/DSC_0777-scaled.jpg\" alt=\"\" \/><\/li><li><img src=\"https:\/\/www.foment.com\/wp-content\/uploads\/2021\/02\/DSC_0790-scaled.jpg\" alt=\"\" \/><\/li><li><img src=\"https:\/\/www.foment.com\/wp-content\/uploads\/2021\/02\/DSC_0786-scaled.jpg\" alt=\"\" \/><\/li><\/ul><\/div>[vc_column_text]<span style=\"color: #c1002b;\"><strong>Ciclo Electoral Foment: \u201cMi propuesta econ\u00f3mica es&#8230;\u201d<\/strong><\/span><\/p>\n<p>Desde Foment del Treball se organiza el Ciclo Electoral \u201cMi propuesta econ\u00f2mica es\u2026\u201d, para dar la oportunidad a los candidatos de los diferentes partidos pol\u00edticos de explicar en 30 minutos a los empresarios catalanes, la principal propuesta de su programa econ\u00f3mico para las elecciones auton\u00f3micas del 14 de febrero.[\/vc_column_text][\/vc_column][\/vc_row]<\/p>\n<\/section>","protected":false},"excerpt":{"rendered":"<p>[vc_row][vc_column][vc_column_text] Atribuir la marcha de empresas por el efecto de la capitalidad de Madrid \u201cno es cierto\u201d, dice el candidato. Ciutadans quiere una fiscalidad m\u00e1s competitiva con la reducci\u00f3n del IRPF, Patrimonio y Sucesiones, y la eliminaci\u00f3n de los impuestos propios de Catalu\u00f1a. [\/vc_column_text][vc_column_text]El candidato de Ciutadans a las elecciones del Parlament de Catalu\u00f1a, Carles Carrizosa, ha expresado hoy su compromiso para trabajar en la pr\u00f3xima legislatura a favor de un plan de choque que haga posible el retorno de las empresas que trasladaron su sede social de Barcelona. Carrizosa se ha referido a las m\u00e1s de 7.000 empresas que salieron de Catalu\u00f1a el 2017 como consecuencia de la \u201cinseguridad jur\u00eddica\u201d que provoc\u00f3 el proceso independentista y ha a\u00f1adido que atribuir este hecho a efectos de capitalidad de Madrid no es cierto porque muchas empresas se trasladaron tambi\u00e9n a Arag\u00f3n, Valencia y otras comunidades de Espa\u00f1a. \u201cEste miedo a la decadencia econ\u00f3mica de Catalu\u00f1a se tiene que parar\u201d, ha dicho Carrizosa. Durante su intervenci\u00f3n en el Ciclo Electoral 14F \u201cMi propuesta econ\u00f3mica es&#8230;\u201d, ha destacado el car\u00e1cter emprendedor de los catalanes que ha permitido que durante d\u00e9cadas Catalu\u00f1a haya sido \u201cmotor de la innovaci\u00f3n y del impulso empresarial\u201d. Respecto a [&hellip;]<\/p>\n","protected":false},"author":10,"featured_media":108700,"comment_status":"closed","ping_status":"closed","sticky":false,"template":"","format":"standard","meta":{"_links_to":"","_links_to_target":""},"categories":[114,68],"tags":[4407,4036,4510,4512,4511,1680,1614],"acf":[],"wps_subtitle":"Tambi\u00e9n prioriza una administraci\u00f3n menos burocr\u00e1tica a favor de las empresas","_links":{"self":[{"href":"https:\/\/www.foment.com\/es\/wp-json\/wp\/v2\/posts\/108737"}],"collection":[{"href":"https:\/\/www.foment.com\/es\/wp-json\/wp\/v2\/posts"}],"about":[{"href":"https:\/\/www.foment.com\/es\/wp-json\/wp\/v2\/types\/post"}],"author":[{"embeddable":true,"href":"https:\/\/www.foment.com\/es\/wp-json\/wp\/v2\/users\/10"}],"replies":[{"embeddable":true,"href":"https:\/\/www.foment.com\/es\/wp-json\/wp\/v2\/comments?post=108737"}],"version-history":[{"count":5,"href":"https:\/\/www.foment.com\/es\/wp-json\/wp\/v2\/posts\/108737\/revisions"}],"predecessor-version":[{"id":108762,"href":"https:\/\/www.foment.com\/es\/wp-json\/wp\/v2\/posts\/108737\/revisions\/108762"}],"wp:featuredmedia":[{"embeddable":true,"href":"https:\/\/www.foment.com\/es\/wp-json\/wp\/v2\/media\/108700"}],"wp:attachment":[{"href":"https:\/\/www.foment.com\/es\/wp-json\/wp\/v2\/media?parent=108737"}],"wp:term":[{"taxonomy":"category","embeddable":true,"href":"https:\/\/www.foment.com\/es\/wp-json\/wp\/v2\/categories?post=108737"},{"taxonomy":"post_tag","embeddable":true,"href":"https:\/\/www.foment.com\/es\/wp-json\/wp\/v2\/tags?post=108737"}],"curies":[{"name":"wp","href":"https:\/\/api.w.org\/{rel}","templated":true}]}}