{"id":108954,"date":"2021-02-04T10:47:23","date_gmt":"2021-02-04T09:47:23","guid":{"rendered":"https:\/\/www.foment.com\/illa-promet-govern-objectiu-catalunya-torni-liderar-economicament-espanya\/"},"modified":"2021-02-04T11:25:44","modified_gmt":"2021-02-04T10:25:44","slug":"illa-promete-gobierno-objetivo-cataluna-vuelva-liderar-economicamente-espana","status":"publish","type":"post","link":"https:\/\/www.foment.com\/es\/illa-promete-gobierno-objetivo-cataluna-vuelva-liderar-economicamente-espana\/","title":{"rendered":"Illa promete un gobierno con el objetivo de que Catalu\u00f1a vuelva a liderar econ\u00f3micamente Espa\u00f1a"},"content":{"rendered":"<section class=\"wpb-content-wrapper\"><p>[vc_row][vc_column width=\u00bb1\/1&#8243;][vc_column_text]<\/p>\n<ul>\n<li><strong>La primera acci\u00f3n concreta, si forma gobierno, ser\u00e1 trabajar de manera consensuada y rigurosa las propuestas de los fondos europeos que se presentan desde Catalu\u00f1a.<\/strong><\/li>\n<\/ul>\n<p>[\/vc_column_text]<div class=\"video-embed  wpb_content_element\"><iframe title=\"Cicle Electoral &quot;La meva proposta econ\u00f2mica \u00e9s&quot;, amb Salvador Illa del PSC\" width=\"1161\" height=\"653\" src=\"https:\/\/www.youtube.com\/embed\/CoK1TJzUc1c?feature=oembed\" frameborder=\"0\" allow=\"accelerometer; autoplay; clipboard-write; encrypted-media; gyroscope; picture-in-picture; web-share\" referrerpolicy=\"strict-origin-when-cross-origin\" allowfullscreen><\/iframe><\/div>[vc_column_text]El candidato del Partido de los Socialistas de Catalu\u00f1a (PSC), Salvador Illa, se ha comprometido hoy en Foment del Treball a formar un gobierno \u2013si los resultados del 14F lo hacen posible- que tenga como objetivo principal que Catalu\u00f1a vuelva a liderar econ\u00f3micamente Espa\u00f1a. Y las prioridades de este gobierno para lograr este objetivo ser\u00e1n: combatir la pandemia, reactivar la econom\u00eda y garantizar que nadie quede atr\u00e1s.<\/p>\n<p>\u201cSe ha fomentado la divisi\u00f3n y la confrontaci\u00f3n \u2013ha dicho Illa- y la soluci\u00f3n no vendr\u00e1 imponiendo una parte sobre la otra\u201d. Por este motivo el candidato del PSC ha reiterar que quiere \u201cpasar p\u00e1gina\u201d en cuanto a lo sucedido en Catalu\u00f1a durante los \u00faltimos diez a\u00f1os y no considerar los posicionamientos personales que se han mantenido durante los a\u00f1os del proceso independentista. El presidente de Foment, Josep S\u00e1nchez Llibre, ha celebrado esta iniciativa porque es importante \u201cen este momento poner el contador a cero\u201d.<\/p>\n<p><span style=\"color: #c1002b;\"><strong>Liderazgo econ\u00f3mico y financiaci\u00f3n auton\u00f3mica<\/strong><\/span><\/p>\n<p>La prioridad inmediata respecto al control de la pandemia ser\u00e1 la gesti\u00f3n rigurosa de la vacunaci\u00f3n del conjunto de la poblaci\u00f3n. Solo de este modo se podr\u00e1 recuperar gradualmente la actividad econ\u00f3mica y la recuperaci\u00f3n de los sectores m\u00e1s afectados c\u00f3mo son el turismo y el comercio<\/p>\n<p>Respecto a la reactivaci\u00f3n econ\u00f3mica, Salvador Illa ha manifestado la necesidad de que Catalu\u00f1a cuente con empresas grandes y fuertes, y es por eso que trabajar\u00e1 para disponer de ayudas que fomenten el crecimiento de estas. En este sentido, ha defendido que durante los meses de pandemia, Espa\u00f1a ha hecho un esfuerzo sin precedentes para ayudar las empresas: aportando liquidez, financiaci\u00f3n o por exoneraci\u00f3n o moratoria fiscal de determinantes tributos.<\/p>\n<p>Del mismo modo, la acci\u00f3n m\u00e1s inmediata ser\u00e1 activar el trabajo consensuado para hacer llegar con \u00e9xito las propuestas y proyectos de los fondos europeos, que son los ejes vertebrales que transformar\u00e1n la econom\u00eda y marcar\u00e1n el futuro de Catalu\u00f1a las pr\u00f3ximas d\u00e9cadas. Illa tambi\u00e9n se ha comprometido a mejorar la financiaci\u00f3n de Catalu\u00f1a. \u201cEs un debate complejo, pero necesario para una distribuci\u00f3n equitativa de los recursos\u00bb.<\/p>\n<p><span style=\"color: #c1002b;\"><strong>D\u00eda del Empresario<\/strong><\/span><\/p>\n<p>El presidente de Foment, Josep S\u00e1nchez Llibre, ha pedido al candidato que su formaci\u00f3n apoye que el nuevo Gobierno apruebe un Decreto que establezca el 29 de noviembre como D\u00eda del Empresario y la Empresaria en Catalu\u00f1a, del mismo modo que se aprob\u00f3 por Decreto el D\u00eda de la Justicia en Catalu\u00f1a. Salvador Illa se ha comprometido a apoyar a esta iniciativa.<\/p>\n<p>La fecha del 29 de noviembre\u00a0 se considera emblem\u00e1tica, como s\u00edmbolo de lo que supuso la introducci\u00f3n del vapor y el inicio de la industrializaci\u00f3n moderna en Catalu\u00f1a. El 29 de noviembre de 1833 la \u201cF\u00e1brica Bonaplata\u201d publicaba un anuncio en la prensa invitando a visitar sus instalaciones en el barrio del Arrabal de Barcelona y ofrec\u00eda sus servicios a los industriales de Catalu\u00f1a.[\/vc_column_text]<div class=\"flexslider wpb_content_element\"><ul class=\"slides\"><li><img src=\"https:\/\/www.foment.com\/wp-content\/uploads\/2021\/02\/DSC_0809-scaled.jpg\" alt=\"\" \/><\/li><li><img src=\"https:\/\/www.foment.com\/wp-content\/uploads\/2021\/02\/DSC_0820-scaled.jpg\" alt=\"\" \/><\/li><li><img src=\"https:\/\/www.foment.com\/wp-content\/uploads\/2021\/02\/DSC_0827-scaled.jpg\" alt=\"\" \/><\/li><li><img src=\"https:\/\/www.foment.com\/wp-content\/uploads\/2021\/02\/DSC_0834-scaled.jpg\" alt=\"\" \/><\/li><li><img src=\"https:\/\/www.foment.com\/wp-content\/uploads\/2021\/02\/DSC_0860-scaled.jpg\" alt=\"\" \/><\/li><li><img src=\"https:\/\/www.foment.com\/wp-content\/uploads\/2021\/02\/DSC_0872-scaled.jpg\" alt=\"\" \/><\/li><li><img src=\"https:\/\/www.foment.com\/wp-content\/uploads\/2021\/02\/DSC_0852-scaled.jpg\" alt=\"\" \/><\/li><li><img src=\"https:\/\/www.foment.com\/wp-content\/uploads\/2021\/02\/DSC_0886-scaled.jpg\" alt=\"\" \/><\/li><li><img src=\"https:\/\/www.foment.com\/wp-content\/uploads\/2021\/02\/DSC_0896-scaled.jpg\" alt=\"\" \/><\/li><li><img src=\"https:\/\/www.foment.com\/wp-content\/uploads\/2021\/02\/DSC_0930-scaled.jpg\" alt=\"\" \/><\/li><li><img src=\"https:\/\/www.foment.com\/wp-content\/uploads\/2021\/02\/DSC_0894-scaled.jpg\" alt=\"\" \/><\/li><li><img src=\"https:\/\/www.foment.com\/wp-content\/uploads\/2021\/02\/DSC_0907-scaled.jpg\" alt=\"\" \/><\/li><li><img src=\"https:\/\/www.foment.com\/wp-content\/uploads\/2021\/02\/DSC_0917-scaled.jpg\" alt=\"\" \/><\/li><li><img src=\"https:\/\/www.foment.com\/wp-content\/uploads\/2021\/02\/DSC_0905-scaled.jpg\" alt=\"\" \/><\/li><li><img src=\"https:\/\/www.foment.com\/wp-content\/uploads\/2021\/02\/DSC_0920-scaled.jpg\" alt=\"\" \/><\/li><li><img src=\"https:\/\/www.foment.com\/wp-content\/uploads\/2021\/02\/DSC_0922-scaled.jpg\" alt=\"\" \/><\/li><li><img src=\"https:\/\/www.foment.com\/wp-content\/uploads\/2021\/02\/DSC_0933-scaled.jpg\" alt=\"\" \/><\/li><li><img src=\"https:\/\/www.foment.com\/wp-content\/uploads\/2021\/02\/DSC_0926-scaled.jpg\" alt=\"\" \/><\/li><li><img src=\"https:\/\/www.foment.com\/wp-content\/uploads\/2021\/02\/DSC_0934-scaled.jpg\" alt=\"\" \/><\/li><\/ul><\/div>[vc_column_text]<span style=\"color: #c1002b;\"><strong>Ciclo Electoral Foment: <em>\u201cMi propuesta econ\u00f3mica es\u2026\u201d<\/em><\/strong><\/span><\/p>\n<p>Desde Foment del Treball se organiza el Ciclo Electoral \u201cMi propuesta econ\u00f2mica es\u2026\u201d, para dar la oportunidad a los candidatos de los diferentes partidos pol\u00edticos de explicar en 30 minutos a los empresarios catalanes, la principal propuesta de su programa econ\u00f3mico para las elecciones auton\u00f3micas del 14 de febrero.[\/vc_column_text][\/vc_column][\/vc_row]<\/p>\n<\/section>","protected":false},"excerpt":{"rendered":"<p>[vc_row][vc_column width=\u00bb1\/1&#8243;][vc_column_text] La primera acci\u00f3n concreta, si forma gobierno, ser\u00e1 trabajar de manera consensuada y rigurosa las propuestas de los fondos europeos que se presentan desde Catalu\u00f1a. [\/vc_column_text][vc_column_text]El candidato del Partido de los Socialistas de Catalu\u00f1a (PSC), Salvador Illa, se ha comprometido hoy en Foment del Treball a formar un gobierno \u2013si los resultados del 14F lo hacen posible- que tenga como objetivo principal que Catalu\u00f1a vuelva a liderar econ\u00f3micamente Espa\u00f1a. Y las prioridades de este gobierno para lograr este objetivo ser\u00e1n: combatir la pandemia, reactivar la econom\u00eda y garantizar que nadie quede atr\u00e1s. \u201cSe ha fomentado la divisi\u00f3n y la confrontaci\u00f3n \u2013ha dicho Illa- y la soluci\u00f3n no vendr\u00e1 imponiendo una parte sobre la otra\u201d. Por este motivo el candidato del PSC ha reiterar que quiere \u201cpasar p\u00e1gina\u201d en cuanto a lo sucedido en Catalu\u00f1a durante los \u00faltimos diez a\u00f1os y no considerar los posicionamientos personales que se han mantenido durante los a\u00f1os del proceso independentista. El presidente de Foment, Josep S\u00e1nchez Llibre, ha celebrado esta iniciativa porque es importante \u201cen este momento poner el contador a cero\u201d. Liderazgo econ\u00f3mico y financiaci\u00f3n auton\u00f3mica La prioridad inmediata respecto al control de la pandemia ser\u00e1 la gesti\u00f3n rigurosa de la vacunaci\u00f3n [&hellip;]<\/p>\n","protected":false},"author":10,"featured_media":108948,"comment_status":"closed","ping_status":"closed","sticky":false,"template":"","format":"standard","meta":{"_links_to":"","_links_to_target":""},"categories":[114,68],"tags":[4529,4490,4491,4530,1008,3805,3802,4531,4346,4532,3109],"acf":[],"wps_subtitle":"Se ha hecho un esfuerzo sin precedentes para ayudar a las empresas","_links":{"self":[{"href":"https:\/\/www.foment.com\/es\/wp-json\/wp\/v2\/posts\/108954"}],"collection":[{"href":"https:\/\/www.foment.com\/es\/wp-json\/wp\/v2\/posts"}],"about":[{"href":"https:\/\/www.foment.com\/es\/wp-json\/wp\/v2\/types\/post"}],"author":[{"embeddable":true,"href":"https:\/\/www.foment.com\/es\/wp-json\/wp\/v2\/users\/10"}],"replies":[{"embeddable":true,"href":"https:\/\/www.foment.com\/es\/wp-json\/wp\/v2\/comments?post=108954"}],"version-history":[{"count":5,"href":"https:\/\/www.foment.com\/es\/wp-json\/wp\/v2\/posts\/108954\/revisions"}],"predecessor-version":[{"id":108957,"href":"https:\/\/www.foment.com\/es\/wp-json\/wp\/v2\/posts\/108954\/revisions\/108957"}],"wp:featuredmedia":[{"embeddable":true,"href":"https:\/\/www.foment.com\/es\/wp-json\/wp\/v2\/media\/108948"}],"wp:attachment":[{"href":"https:\/\/www.foment.com\/es\/wp-json\/wp\/v2\/media?parent=108954"}],"wp:term":[{"taxonomy":"category","embeddable":true,"href":"https:\/\/www.foment.com\/es\/wp-json\/wp\/v2\/categories?post=108954"},{"taxonomy":"post_tag","embeddable":true,"href":"https:\/\/www.foment.com\/es\/wp-json\/wp\/v2\/tags?post=108954"}],"curies":[{"name":"wp","href":"https:\/\/api.w.org\/{rel}","templated":true}]}}