{"id":111243,"date":"2021-02-22T16:42:10","date_gmt":"2021-02-22T15:42:10","guid":{"rendered":"https:\/\/www.foment.com\/fepime-organitza-4rt-congres-pimes-trobades-territorials-sectorials-tot-catalunya\/"},"modified":"2024-01-18T10:06:45","modified_gmt":"2024-01-18T09:06:45","slug":"fepime-organiza-4o-congreso-pymes-encuentros-territoriales-sectoriales-todo-cataluna","status":"publish","type":"post","link":"https:\/\/www.foment.com\/es\/fepime-organiza-4o-congreso-pymes-encuentros-territoriales-sectoriales-todo-cataluna\/","title":{"rendered":"Fepime organiza el 4\u00ba Congreso de Pymes con encuentros territoriales y sectoriales durante dos meses en todo Catalu\u00f1a"},"content":{"rendered":"<ul>\n<li><strong>Fepime se ha marcado como objetivo conocer de primera mano la realidad y las necesidades de las pymes catalanas despu\u00e9s de un 2020 marcado por el paso de la pandemia de la Covid-19.<\/strong><\/li>\n<\/ul>\n<p>Fepime, la Federaci\u00f3n de la Peque\u00f1a y mediana empresa de Catalu\u00f1a, organiza el IV Congreso de la micro, peque\u00f1a y mediana empresa de Catalu\u00f1a 2021, que empezar\u00e1 en Barcelona ma\u00f1ana martes 23 de febrero y finalizar\u00e1 el 15 de junio a la sede de Fomento del Trabajo acompa\u00f1ados por los principales actores econ\u00f3micos de Catalu\u00f1a. El congreso consta alrededor de 20 encuentros con 24 organizaciones territoriales y sectoriales de Catalu\u00f1a.<\/p>\n<p>La presidenta de Fepime, Mar\u00eda Helena de Felipe, tiene el objetivo de establecer un di\u00e1logo para abordar las preocupaciones de las pymes en este contexto excepcional, as\u00ed como, debatir sobre posibles acciones que puedan facilitar una recuperaci\u00f3n empresarial resiliente, digital y sostenible. De hecho, el lema de los encuentros es \u201cResiliencia, digitalizaci\u00f3n y sostenibilidad, las claves para la recuperaci\u00f3n de la pyme catalana\u201d y el prop\u00f3sito es conocer de primera mano la realidad y las necesidades de las pymes catalanas despu\u00e9s de un 2020 marcado por el paso de la pandemia de la Covid-19.<\/p>\n<p>Sin dudas, la Covid-19 no solo ha saturado el sistema sanitario catal\u00e1n, sino que tambi\u00e9n ha condicionado la actividad empresarial, derivando en una crisis econ\u00f3mica que se contin\u00faa alargando en el tiempo a causa de las medidas restrictivas que los gobiernos han yendo aplicando con el objetivo de evitar la propagaci\u00f3n de la enfermedad.<\/p>\n<p>Los encuentros a las diferentes organizaciones est\u00e1n programadas como sesiones de trabajo para recoger las principales dificultades y retos de las pymes en los diferentes \u00e1mbitos como puede ser, infraestructuras, financiaci\u00f3n, fiscalidad, innovaci\u00f3n, internacionalizaci\u00f3n, relaciones laborales, consumo energ\u00e9tico, tr\u00e1mites administrativos, formaci\u00f3n o competencia desleal, siempre desde la perspectiva de la pyme.<\/p>\n<p>Las conclusiones de las sesiones permitir\u00e1n redactar un documento que recoja las principales inquietudes de cada sector y territorio para mejorar la actividad empresarial.<\/p>\n<p><strong><span style=\"color: #c1002b;\">Sobre Fepime Catalu\u00f1a<\/span><\/strong><\/p>\n<p>La Federaci\u00f3n de Empresarios de la Peque\u00f1a y mediana empresa de Catalu\u00f1a \u2013 Fepime Catalu\u00f1a es la patronal que representa las micro, peque\u00f1as y medianas empresas de Catalu\u00f1a. Fundada en 2000, Fepime representa, de manera directa e indirecta, borde 400 organizaciones territoriales y sectoriales. La entidad defiende los intereses de las pymes catalanas como motor de crecimiento econ\u00f3mico y social en Catalu\u00f1a, Espa\u00f1a y Europa a trav\u00e9s de su pertenencia a \u00f3rganos de gobierno de organizaciones como CEPYME, SMEunited (Artesanado, peque\u00f1a y mediana empresa unida de Europa) y CESE (Comit\u00e9 Econ\u00f3mico y Social Europeo). Trabaja porque el marco pol\u00edtico y econ\u00f3mico favorezca el desarrollo de las pymes, que representan el 99,9% del tejido empresarial catal\u00e1n y dan trabajo a tres cuartas partes de los trabajadores en Catalu\u00f1a. Fepime Catalu\u00f1a representa desde profesionales aut\u00f3nomos y microempresas hasta peque\u00f1as y medianas empresas.<\/p>\n","protected":false},"excerpt":{"rendered":"<p>Fepime se ha marcado como objetivo conocer de primera mano la realidad y las necesidades de las pymes catalanas despu\u00e9s de un 2020 marcado por el paso de la pandemia de la Covid-19. Fepime, la Federaci\u00f3n de la Peque\u00f1a y mediana empresa de Catalu\u00f1a, organiza el IV Congreso de la micro, peque\u00f1a y mediana empresa de Catalu\u00f1a 2021, que empezar\u00e1 en Barcelona ma\u00f1ana martes 23 de febrero y finalizar\u00e1 el 15 de junio a la sede de Fomento del Trabajo acompa\u00f1ados por los principales actores econ\u00f3micos de Catalu\u00f1a. El congreso consta alrededor de 20 encuentros con 24 organizaciones territoriales y sectoriales de Catalu\u00f1a. La presidenta de Fepime, Mar\u00eda Helena de Felipe, tiene el objetivo de establecer un di\u00e1logo para abordar las preocupaciones de las pymes en este contexto excepcional, as\u00ed como, debatir sobre posibles acciones que puedan facilitar una recuperaci\u00f3n empresarial resiliente, digital y sostenible. De hecho, el lema de los encuentros es \u201cResiliencia, digitalizaci\u00f3n y sostenibilidad, las claves para la recuperaci\u00f3n de la pyme catalana\u201d y el prop\u00f3sito es conocer de primera mano la realidad y las necesidades de las pymes catalanas despu\u00e9s de un 2020 marcado por el paso de la pandemia de la Covid-19. Sin dudas, la [&hellip;]<\/p>\n","protected":false},"author":10,"featured_media":111241,"comment_status":"closed","ping_status":"closed","sticky":false,"template":"","format":"standard","meta":{"_links_to":"","_links_to_target":""},"categories":[114,68],"tags":[4719,4721,905,2337,4720],"acf":[],"wps_subtitle":"El congreso se organiza bajo el lema \u201cResiliencia, digitalizaci\u00f3n y sostenibilidad, las claves para la recuperaci\u00f3n de la pyme catalana\u201d","_links":{"self":[{"href":"https:\/\/www.foment.com\/es\/wp-json\/wp\/v2\/posts\/111243"}],"collection":[{"href":"https:\/\/www.foment.com\/es\/wp-json\/wp\/v2\/posts"}],"about":[{"href":"https:\/\/www.foment.com\/es\/wp-json\/wp\/v2\/types\/post"}],"author":[{"embeddable":true,"href":"https:\/\/www.foment.com\/es\/wp-json\/wp\/v2\/users\/10"}],"replies":[{"embeddable":true,"href":"https:\/\/www.foment.com\/es\/wp-json\/wp\/v2\/comments?post=111243"}],"version-history":[{"count":3,"href":"https:\/\/www.foment.com\/es\/wp-json\/wp\/v2\/posts\/111243\/revisions"}],"predecessor-version":[{"id":111246,"href":"https:\/\/www.foment.com\/es\/wp-json\/wp\/v2\/posts\/111243\/revisions\/111246"}],"wp:featuredmedia":[{"embeddable":true,"href":"https:\/\/www.foment.com\/es\/wp-json\/wp\/v2\/media\/111241"}],"wp:attachment":[{"href":"https:\/\/www.foment.com\/es\/wp-json\/wp\/v2\/media?parent=111243"}],"wp:term":[{"taxonomy":"category","embeddable":true,"href":"https:\/\/www.foment.com\/es\/wp-json\/wp\/v2\/categories?post=111243"},{"taxonomy":"post_tag","embeddable":true,"href":"https:\/\/www.foment.com\/es\/wp-json\/wp\/v2\/tags?post=111243"}],"curies":[{"name":"wp","href":"https:\/\/api.w.org\/{rel}","templated":true}]}}