{"id":112943,"date":"2021-03-10T12:41:30","date_gmt":"2021-03-10T11:41:30","guid":{"rendered":"https:\/\/www.foment.com\/fecom-integra-ata\/"},"modified":"2021-03-10T12:48:15","modified_gmt":"2021-03-10T11:48:15","slug":"fecom-integra-ata","status":"publish","type":"post","link":"https:\/\/www.foment.com\/es\/fecom-integra-ata\/","title":{"rendered":"FECOM se integra en ATA"},"content":{"rendered":"<p>Con la integraci\u00f3n de la Federaci\u00f3n Provincial de Empresarios de Comercio de Lleida, FECOM, en ATA, ambas organizaciones refuerzan el apoyo al colectivo. \u201cAhora es m\u00e1s necesario que nunca\u201d, ha resaltado Lorenzo Amor, presidente de ATA. \u201cNos unimos a la agrupaci\u00f3n de gremios y asociaciones que desde 1977 defiende los intereses de los comerciantes de Lleida y les apoyaremos\u201d.<\/p>\n<p>La integraci\u00f3n se ha acordado en una reuni\u00f3n entre ATA, Foment del Treball y FECOM, que han acordado as\u00ed impulsar a los aut\u00f3nomos del comercio de Lleida estrechando su colaboraci\u00f3n y mediante el refuerzo de ATA Catalu\u00f1a con el fin de aunar la representaci\u00f3n de los aut\u00f3nomos de todos los sectores y territorios.<\/p>\n<p>Lorenzo Amor, presidente de ATA ha comentado la reuni\u00f3n mantenida esta ma\u00f1ana entre las tres organizaciones, que \u201cdada la situaci\u00f3n actual debemos sumar para multiplicar y hacernos m\u00e1s fuertes con el fin de defender al comercio el Lleida pero tambi\u00e9n a todos los aut\u00f3nomos de Catalu\u00f1a.\u00bb<\/p>\n<p>Rosa Eritja presidenta de la Federaci\u00f3n Provincial de Empresarios de Comercio de Lleida destaca la fuerza de las tres organizaciones en el impulso del sector del comercio y servicios de Lleida y a la visualizaci\u00f3n y defensa de los aut\u00f3nomos en el Territorio.<\/p>\n","protected":false},"excerpt":{"rendered":"<p>Con la integraci\u00f3n de la Federaci\u00f3n Provincial de Empresarios de Comercio de Lleida, FECOM, en ATA, ambas organizaciones refuerzan el apoyo al colectivo. \u201cAhora es m\u00e1s necesario que nunca\u201d, ha resaltado Lorenzo Amor, presidente de ATA. \u201cNos unimos a la agrupaci\u00f3n de gremios y asociaciones que desde 1977 defiende los intereses de los comerciantes de Lleida y les apoyaremos\u201d. La integraci\u00f3n se ha acordado en una reuni\u00f3n entre ATA, Foment del Treball y FECOM, que han acordado as\u00ed impulsar a los aut\u00f3nomos del comercio de Lleida estrechando su colaboraci\u00f3n y mediante el refuerzo de ATA Catalu\u00f1a con el fin de aunar la representaci\u00f3n de los aut\u00f3nomos de todos los sectores y territorios. Lorenzo Amor, presidente de ATA ha comentado la reuni\u00f3n mantenida esta ma\u00f1ana entre las tres organizaciones, que \u201cdada la situaci\u00f3n actual debemos sumar para multiplicar y hacernos m\u00e1s fuertes con el fin de defender al comercio el Lleida pero tambi\u00e9n a todos los aut\u00f3nomos de Catalu\u00f1a.\u00bb Rosa Eritja presidenta de la Federaci\u00f3n Provincial de Empresarios de Comercio de Lleida destaca la fuerza de las tres organizaciones en el impulso del sector del comercio y servicios de Lleida y a la visualizaci\u00f3n y defensa de los aut\u00f3nomos en el [&hellip;]<\/p>\n","protected":false},"author":10,"featured_media":112939,"comment_status":"closed","ping_status":"closed","sticky":false,"template":"","format":"standard","meta":{"_links_to":"","_links_to_target":""},"categories":[1802,114],"tags":[1245,1247,4795,4796],"acf":[],"wps_subtitle":"Foment, ATA y FECOM acuerdan impulsar a los aut\u00f3nomos del comercio de Lleida estrechando su colaboraci\u00f3n.","_links":{"self":[{"href":"https:\/\/www.foment.com\/es\/wp-json\/wp\/v2\/posts\/112943"}],"collection":[{"href":"https:\/\/www.foment.com\/es\/wp-json\/wp\/v2\/posts"}],"about":[{"href":"https:\/\/www.foment.com\/es\/wp-json\/wp\/v2\/types\/post"}],"author":[{"embeddable":true,"href":"https:\/\/www.foment.com\/es\/wp-json\/wp\/v2\/users\/10"}],"replies":[{"embeddable":true,"href":"https:\/\/www.foment.com\/es\/wp-json\/wp\/v2\/comments?post=112943"}],"version-history":[{"count":3,"href":"https:\/\/www.foment.com\/es\/wp-json\/wp\/v2\/posts\/112943\/revisions"}],"predecessor-version":[{"id":112949,"href":"https:\/\/www.foment.com\/es\/wp-json\/wp\/v2\/posts\/112943\/revisions\/112949"}],"wp:featuredmedia":[{"embeddable":true,"href":"https:\/\/www.foment.com\/es\/wp-json\/wp\/v2\/media\/112939"}],"wp:attachment":[{"href":"https:\/\/www.foment.com\/es\/wp-json\/wp\/v2\/media?parent=112943"}],"wp:term":[{"taxonomy":"category","embeddable":true,"href":"https:\/\/www.foment.com\/es\/wp-json\/wp\/v2\/categories?post=112943"},{"taxonomy":"post_tag","embeddable":true,"href":"https:\/\/www.foment.com\/es\/wp-json\/wp\/v2\/tags?post=112943"}],"curies":[{"name":"wp","href":"https:\/\/api.w.org\/{rel}","templated":true}]}}