{"id":113205,"date":"2021-03-12T13:39:08","date_gmt":"2021-03-12T12:39:08","guid":{"rendered":"https:\/\/www.foment.com\/?p=113205"},"modified":"2021-09-17T16:59:28","modified_gmt":"2021-09-17T14:59:28","slug":"retroceso-subida-precios-es-temporal-y-se-registraran-variaciones-positivas","status":"publish","type":"post","link":"https:\/\/www.foment.com\/es\/retroceso-subida-precios-es-temporal-y-se-registraran-variaciones-positivas\/","title":{"rendered":"El retroceso en la subida de precios es temporal y pr\u00f3ximamente se registrar\u00e1n variaciones positivas"},"content":{"rendered":"<p>El IPC vuelve a retroceder tras el efecto escal\u00f3n del incremento del petr\u00f3leo. El IPC correspondiente al mes de febrero registra una variaci\u00f3n anual de 0%, 5 d\u00e9cimas por debajo de la registrada en enero. La variaci\u00f3n mensual, es decir, de febrero respecto a enero, fue de -0,6%.<\/p>\n<p>Destaca, como principal influencia a la baja, la disminuci\u00f3n de los precios de la electricidad. El grupo especial \u201cproductos energ\u00e9ticos\u201d baj\u00f3 un 5,1% en febrero, mientras que en enero se hab\u00eda incrementado un 6,6%, en tasa mensual.<\/p>\n<p>A partir del mes de marzo de 2020 el IPC cay\u00f3 fuertemente como consecuencia del par\u00f3n de actividad, este a\u00f1o, a medida que la econom\u00eda se vaya recuperando se observar\u00e1 un repunte en el IPC.<\/p>\n<p>El a\u00f1o pasado se cerr\u00f3 con una variaci\u00f3n anual del IPC de -0,5%, con 9 meses consecutivos de este indicador en terreno negativo a partir del mes de marzo y, en enero, registr\u00f3 un fuerte repunte como consecuencia del efecto escal\u00f3n del incremento de los precios del petr\u00f3leo, que compens\u00f3 las ca\u00eddas en los precios de la electricidad tras la borrasca Filomena.<\/p>\n<p>Asimismo la inflaci\u00f3n subyacente (\u00edndice general sin alimentos no elaborados ni productos energ\u00e9ticos) baja tres d\u00e9cimas, hasta el 0,3%, en febrero.<\/p>\n<p>En Catalu\u00f1a, el IPC se reduce un 0,1%, frente al aumento de 0,4% del mes anterior.<\/p>\n<p>&nbsp;<\/p>\n<p><a href=\"https:\/\/www.foment.com\/wp-content\/uploads\/2021\/03\/cast-1-1.jpg\"><img loading=\"lazy\" class=\"wp-image-126401 size-medium aligncenter\" src=\"https:\/\/www.foment.com\/wp-content\/uploads\/2021\/03\/cast-1-1-300x180.jpg\" alt=\"\" width=\"300\" height=\"180\" srcset=\"https:\/\/www.foment.com\/wp-content\/uploads\/2021\/03\/cast-1-1-300x180.jpg 300w, https:\/\/www.foment.com\/wp-content\/uploads\/2021\/03\/cast-1-1.jpg 472w\" sizes=\"(max-width: 300px) 100vw, 300px\" \/><\/a><\/p>\n<p>&nbsp;<\/p>\n<p>Cabe se\u00f1alar, que en el actual contexto de pol\u00edtica monetaria expansiva y depresi\u00f3n de la demanda agregada por los efectos de la crisis del COVID-19, los precios se mantendr\u00e1n contenidos en t\u00e9rminos generales aunque, puntualmente, se est\u00e9n observando incrementos en los precios de ciertos insumos productivos que inciden directamente sobre los costes de producci\u00f3n y la reducci\u00f3n de m\u00e1rgenes de las empresas.<\/p>\n","protected":false},"excerpt":{"rendered":"<p>El IPC vuelve a retroceder tras el efecto escal\u00f3n del incremento del petr\u00f3leo. El IPC correspondiente al mes de febrero registra una variaci\u00f3n anual de 0%, 5 d\u00e9cimas por debajo de la registrada en enero. La variaci\u00f3n mensual, es decir, de febrero respecto a enero, fue de -0,6%. Destaca, como principal influencia a la baja, la disminuci\u00f3n de los precios de la electricidad. El grupo especial \u201cproductos energ\u00e9ticos\u201d baj\u00f3 un 5,1% en febrero, mientras que en enero se hab\u00eda incrementado un 6,6%, en tasa mensual. A partir del mes de marzo de 2020 el IPC cay\u00f3 fuertemente como consecuencia del par\u00f3n de actividad, este a\u00f1o, a medida que la econom\u00eda se vaya recuperando se observar\u00e1 un repunte en el IPC. El a\u00f1o pasado se cerr\u00f3 con una variaci\u00f3n anual del IPC de -0,5%, con 9 meses consecutivos de este indicador en terreno negativo a partir del mes de marzo y, en enero, registr\u00f3 un fuerte repunte como consecuencia del efecto escal\u00f3n del incremento de los precios del petr\u00f3leo, que compens\u00f3 las ca\u00eddas en los precios de la electricidad tras la borrasca Filomena. Asimismo la inflaci\u00f3n subyacente (\u00edndice general sin alimentos no elaborados ni productos energ\u00e9ticos) baja tres d\u00e9cimas, hasta el [&hellip;]<\/p>\n","protected":false},"author":7,"featured_media":126400,"comment_status":"closed","ping_status":"closed","sticky":false,"template":"","format":"standard","meta":{"_links_to":"","_links_to_target":""},"categories":[114,69],"tags":[4838,1088],"acf":[],"wps_subtitle":"Informe sobre el IPC del mes de febrero","_links":{"self":[{"href":"https:\/\/www.foment.com\/es\/wp-json\/wp\/v2\/posts\/113205"}],"collection":[{"href":"https:\/\/www.foment.com\/es\/wp-json\/wp\/v2\/posts"}],"about":[{"href":"https:\/\/www.foment.com\/es\/wp-json\/wp\/v2\/types\/post"}],"author":[{"embeddable":true,"href":"https:\/\/www.foment.com\/es\/wp-json\/wp\/v2\/users\/7"}],"replies":[{"embeddable":true,"href":"https:\/\/www.foment.com\/es\/wp-json\/wp\/v2\/comments?post=113205"}],"version-history":[{"count":3,"href":"https:\/\/www.foment.com\/es\/wp-json\/wp\/v2\/posts\/113205\/revisions"}],"predecessor-version":[{"id":126404,"href":"https:\/\/www.foment.com\/es\/wp-json\/wp\/v2\/posts\/113205\/revisions\/126404"}],"wp:featuredmedia":[{"embeddable":true,"href":"https:\/\/www.foment.com\/es\/wp-json\/wp\/v2\/media\/126400"}],"wp:attachment":[{"href":"https:\/\/www.foment.com\/es\/wp-json\/wp\/v2\/media?parent=113205"}],"wp:term":[{"taxonomy":"category","embeddable":true,"href":"https:\/\/www.foment.com\/es\/wp-json\/wp\/v2\/categories?post=113205"},{"taxonomy":"post_tag","embeddable":true,"href":"https:\/\/www.foment.com\/es\/wp-json\/wp\/v2\/tags?post=113205"}],"curies":[{"name":"wp","href":"https:\/\/api.w.org\/{rel}","templated":true}]}}