{"id":115171,"date":"2021-04-08T12:41:15","date_gmt":"2021-04-08T10:41:15","guid":{"rendered":"https:\/\/www.foment.com\/acec-collaboracio-orientar-empreses-fons-next-generation-eu\/"},"modified":"2021-09-12T20:18:14","modified_gmt":"2021-09-12T18:18:14","slug":"acec-colaboracion-orientar-empresas-fondos-next-generation-eu","status":"publish","type":"post","link":"https:\/\/www.foment.com\/es\/acec-colaboracion-orientar-empresas-fondos-next-generation-eu\/","title":{"rendered":"Foment y ACEC se al\u00edan para orientar a las empresas sobre los fondos \u2018Next Generation EU\u2019"},"content":{"rendered":"<section class=\"wpb-content-wrapper\"><p>[vc_row][vc_column][vc_column_text]<\/p>\n<ul>\n<li><strong>Ambas organizaciones firman un convenio de colaboraci\u00f3n para promover las oportunidades que ofrece el Plan Europeo de Recuperaci\u00f3n y trabajar as\u00ed proyectos susceptibles de recibir financiaci\u00f3n o subvenciones.<\/strong><\/li>\n<\/ul>\n<p>El secretario general de Foment del Treball, David Tornos, y el director general de la Asociaci\u00f3n Catalana de Empresas Consultoras (ACEC), Jordi Mar\u00edn Puigpelat, han sellado un acuerdo de colaboraci\u00f3n entre ambas entidades para permitir a las empresas identificar y valorar si sus planes y\/o proyectos en \u00e1mbitos que van de la digitalizaci\u00f3n a la transici\u00f3n energ\u00e9tica, entre otros, pueden acogerse a los fondos europeos y, en su caso, acompa\u00f1arlas en la adecuaci\u00f3n a los criterios exigibles y obtenci\u00f3n de los fondos. \u00a0El acto de firma ha contado tambi\u00e9n con la presencia de Isabel Ordoyo, presidenta en funciones de la ACEC, Benet Maim\u00ed, director \u00c1rea de Negocio y Responsable Relaciones Parlamento y AAPP de Foment, Kilian Garcia, director de Internacional de la instituci\u00f3n, y Carme Castellnou, directora de Networking de esta.<\/p>\n<p>El objetivo del convenio es cubrir, mediante el servicios de las consultoras de la ACEC, las diferentes necesidades de apoyo de los asociados de la patronal catalana para acceder a los fondos \u2018Next Generation EU\u2019. Adem\u00e1s, las empresas de Foment podr\u00e1n disponer de importantes descuentos en estos asesoramientos.[\/vc_column_text]<div class=\"single_image wpb_content_element align-left    \" data-animation=\"none\" data-delay=\"0\"><\/div>[vc_column_text]<span style=\"color: #c1002b;\"><strong>Sobre ACEC<\/strong><\/span><\/p>\n<p>La Asociaci\u00f3n catalana de Empresas Consultoras (ACEC) es la Patronal de la Consultor\u00eda en Catalu\u00f1a, una entidad de car\u00e1cter privado y sin \u00e1nimo de lucro. Formada por 26 emprendidas socias y 17 adheridas, representa m\u00e1s de 30.000 empleados de alto valor a\u00f1adido de las principales emprendidas consultoras ubicadas en Catalu\u00f1a. Desde el 1993, trabaja para la transformaci\u00f3n digital y estrat\u00e9gica de las empresas y administraciones del pa\u00eds. Su objetivo es velar por el mercado de la consultor\u00eda, defender los intereses de las empresas y promover el talento, poniendo siempre en valor la profesi\u00f3n y actuante como portavoz de las consultoras catalanas, un sector imprescindible para el correcto desarrollo de la actividad econ\u00f3mica. El ACEC est\u00e1 vinculada al Asociaci\u00f3n Espa\u00f1ola de Empresas de Consultor\u00eda (AEC) y a la Federaci\u00f3n Europa de Asociaciones de Consultor\u00eda (FEACO).<\/p>\n<p><span style=\"color: #c1002b;\"><strong>Sobre Foment del Treball<\/strong><\/span><\/p>\n<p>Foment del Treball es la confederaci\u00f3n que representa desde hace dos siglos y medio el empresariado y la potente industria catalana. Representa a los sectores productivos, los territorios y las empresas peque\u00f1as, medianas y grandes ante las administraciones e instituciones p\u00fablicas, organizaciones econ\u00f3micas, pol\u00edticas, sindicales y sociales de Catalu\u00f1a, Espa\u00f1a, la Uni\u00f3n Europea y de car\u00e1cter internacional, cuando sea procedente.<\/p>\n<p>Interlocutor reconocido\u00a0 ante la administraci\u00f3n p\u00fablica y los reguladores. Lo hace a las Cortes Generales, en el Parlamento de Catalu\u00f1a, en el Parlamento Europeo y en el entorno local con una intensa actividad institucional. Fomento del Trabajo cuenta con una oficina en Bruselas a disposici\u00f3n del todos sus socios.[\/vc_column_text][\/vc_column][\/vc_row]<\/p>\n<\/section>","protected":false},"excerpt":{"rendered":"<p>[vc_row][vc_column][vc_column_text] Ambas organizaciones firman un convenio de colaboraci\u00f3n para promover las oportunidades que ofrece el Plan Europeo de Recuperaci\u00f3n y trabajar as\u00ed proyectos susceptibles de recibir financiaci\u00f3n o subvenciones. El secretario general de Foment del Treball, David Tornos, y el director general de la Asociaci\u00f3n Catalana de Empresas Consultoras (ACEC), Jordi Mar\u00edn Puigpelat, han sellado un acuerdo de colaboraci\u00f3n entre ambas entidades para permitir a las empresas identificar y valorar si sus planes y\/o proyectos en \u00e1mbitos que van de la digitalizaci\u00f3n a la transici\u00f3n energ\u00e9tica, entre otros, pueden acogerse a los fondos europeos y, en su caso, acompa\u00f1arlas en la adecuaci\u00f3n a los criterios exigibles y obtenci\u00f3n de los fondos. \u00a0El acto de firma ha contado tambi\u00e9n con la presencia de Isabel Ordoyo, presidenta en funciones de la ACEC, Benet Maim\u00ed, director \u00c1rea de Negocio y Responsable Relaciones Parlamento y AAPP de Foment, Kilian Garcia, director de Internacional de la instituci\u00f3n, y Carme Castellnou, directora de Networking de esta. El objetivo del convenio es cubrir, mediante el servicios de las consultoras de la ACEC, las diferentes necesidades de apoyo de los asociados de la patronal catalana para acceder a los fondos \u2018Next Generation EU\u2019. Adem\u00e1s, las empresas de Foment [&hellip;]<\/p>\n","protected":false},"author":1,"featured_media":125717,"comment_status":"closed","ping_status":"closed","sticky":false,"template":"","format":"standard","meta":{"_links_to":"","_links_to_target":""},"categories":[114,1667],"tags":[3805,3802],"acf":[],"wps_subtitle":"Los socios de la patronal obtendr\u00e1n importantes descuentos en los servicios de asesoramiento y apoyo de los fondos europeos","_links":{"self":[{"href":"https:\/\/www.foment.com\/es\/wp-json\/wp\/v2\/posts\/115171"}],"collection":[{"href":"https:\/\/www.foment.com\/es\/wp-json\/wp\/v2\/posts"}],"about":[{"href":"https:\/\/www.foment.com\/es\/wp-json\/wp\/v2\/types\/post"}],"author":[{"embeddable":true,"href":"https:\/\/www.foment.com\/es\/wp-json\/wp\/v2\/users\/1"}],"replies":[{"embeddable":true,"href":"https:\/\/www.foment.com\/es\/wp-json\/wp\/v2\/comments?post=115171"}],"version-history":[{"count":1,"href":"https:\/\/www.foment.com\/es\/wp-json\/wp\/v2\/posts\/115171\/revisions"}],"predecessor-version":[{"id":126224,"href":"https:\/\/www.foment.com\/es\/wp-json\/wp\/v2\/posts\/115171\/revisions\/126224"}],"wp:featuredmedia":[{"embeddable":true,"href":"https:\/\/www.foment.com\/es\/wp-json\/wp\/v2\/media\/125717"}],"wp:attachment":[{"href":"https:\/\/www.foment.com\/es\/wp-json\/wp\/v2\/media?parent=115171"}],"wp:term":[{"taxonomy":"category","embeddable":true,"href":"https:\/\/www.foment.com\/es\/wp-json\/wp\/v2\/categories?post=115171"},{"taxonomy":"post_tag","embeddable":true,"href":"https:\/\/www.foment.com\/es\/wp-json\/wp\/v2\/tags?post=115171"}],"curies":[{"name":"wp","href":"https:\/\/api.w.org\/{rel}","templated":true}]}}