{"id":118073,"date":"2021-05-07T11:58:11","date_gmt":"2021-05-07T09:58:11","guid":{"rendered":"https:\/\/www.foment.com\/fagem-alerta-manca-relleu-generacional-industria-desinteres-joves-oficis\/"},"modified":"2021-09-27T16:56:11","modified_gmt":"2021-09-27T14:56:11","slug":"fagem-alerta-falta-relevo-generacional-industria-desinteres-jovenes-oficios","status":"publish","type":"post","link":"https:\/\/www.foment.com\/es\/fagem-alerta-falta-relevo-generacional-industria-desinteres-jovenes-oficios\/","title":{"rendered":"La FAGEM alerta de la carencia de relevo generacional en la industria y el desinter\u00e9s de los j\u00f3venes por los oficios"},"content":{"rendered":"<section class=\"wpb-content-wrapper\"><p>[vc_row][vc_column][vc_column_text]La Federaci\u00f3n de Asociaciones y Gremios Empresariales del Maresme (FAGEM) ha protagonizado este jueves una nueva sesi\u00f3n del IV Congreso de Pymes de Catalu\u00f1a organizado por Fepime Catalu\u00f1a con el objetivo de analizar el estado actual de la pyme catalana y elaborar un memorial de propuestas de mejora que se librar\u00e1 a las administraciones.<\/p>\n<p>La presidenta de la FAGEM, Roser Mor\u00e9, ha explicado que la principal preocupaci\u00f3n del tejido empresarial es la carencia de relevo generacional en muchas empresas y lo ha vinculado directamente al poco inter\u00e9s de los j\u00f3venes por los oficios. \u201cEs una problem\u00e1tica transversal que afecta al sector textil, de la construcci\u00f3n, a los instaladores, al comercio&#8230; Necesitamos ayudas para facilitar la contrataci\u00f3n de j\u00f3venes y que se incorporen en el mundo laboral porque estamos creando un vac\u00edo generacional\u201d, ha afirmado. \u201cLa industria es el motor de la econom\u00eda y hace falta que la administraci\u00f3n la ayude, no solo con palabras, sino con hechos que sean una realidad\u201d, ha a\u00f1adido Moreno.<\/p>\n<p>En esta l\u00ednea, Joan Jordan, presidente de el\u00a0 Gremio de Constructores y Promotores de Matar\u00f3 y comarca, ha insistido en la dificultad de encontrar perfiles j\u00f3venes que quieran incorporarse en el sector de la construcci\u00f3n. \u201cSi los solares fueran m\u00e1s baratos, las viviendas tambi\u00e9n rebajar\u00edan el precio y podr\u00edamos ofrecer sueldos m\u00e1s elevados a los j\u00f3venes, que tienen que irse fuera para encontrar un sueldo digno\u201d, ha afirmado.<\/p>\n<p>Todos los representantes de diferentes sectores asistentes a la sesi\u00f3n han estado de acuerdo con la necesidad de ayudas reales, inmediatas y directas a las empresas, como la reducci\u00f3n o exenci\u00f3n de impuestos, con incentivos econ\u00f3micos, el alargamiento de los ERTO y de los cr\u00e9ditos ICO. \u201cNos encontramos que para pedir subvenciones tenemos que ir a un gestor y a veces es m\u00e1s caro el proceso que la ayuda que obtienes. Las gestiones tendr\u00edan que ser mucho m\u00e1s sencillas y \u00e1giles\u201d ha lamentado Emilio Fragoso, presidente de la Asociaci\u00f3n Artesana de Peluquer\u00edas de Hombre de Matar\u00f3 y Comarca.<\/p>\n<p>En cuanto a la digitalizaci\u00f3n, Albert Cortada, presidente de GENTIC, ha asegurado que las nuevas tecnolog\u00edas han venido para quedarse y que \u201cnuestra misi\u00f3n es ayudar y acompa\u00f1ar a las empresas para que entiendan como pueden utilizar las herramientas TIC para mejorar sus negocios y ser m\u00e1s competitivas\u201d.<\/p>\n<p>En el marco de la formaci\u00f3n, Antonio Rodr\u00edguez, presidente de AMITOS y AMITOS Maresme ha expuesto una importante preocupaci\u00f3n del sector a ra\u00edz de la aprobaci\u00f3n de la nueva ley de educaci\u00f3n. \u201cSupone una p\u00e9rdida de competencias por los titulares de Formaci\u00f3n Profesional y defiende que solo los titulados universitarios son adecuados para la formaci\u00f3n. As\u00ed nos podremos encontrar con que un qu\u00edmico d\u00e9 clases de est\u00e9tica porque se trabaja con productos qu\u00edmicos\u201d.<\/p>\n<p>Durante el \u00faltimo a\u00f1o el comercio ha sido uno de los sectores m\u00e1s afectados. \u201cLas administraciones han tomado decisiones que nos han perjudicado directamente incluso sabiendo que hemos hecho los deberes y que nuestros establecimientos no han sufrido ning\u00fan foco de contagio\u201d, ha explicado Josep Amador, Director t\u00e9cnico Negocio Empresa Matar\u00f3-NEM, quien tambi\u00e9n ha destacado el \u00e9xito de las campa\u00f1as de sensibilizaci\u00f3n para transmitir valores como la compra de proximidad.<\/p>\n<p>Una estrategia que tambi\u00e9n se puso en marcha en Premi\u00e0 de Mar como ha explicado Sebasti\u00e0 Guirao, presidente del Eje Comercial de Premi\u00e0. \u201cCon el confinamiento, los 30.000 habitantes compraban a comercios de proximidad, ahora hay que ver qu\u00e9 podemos hacer porque esta gente no marche afuera cuando volvemos a la normalidad\u201d. Guirao tambi\u00e9n ha lamentado el comercio de baja calidad que se est\u00e1 instalando en el municipio y que ya supone el 10% del total.<\/p>\n<p>La oportunidad que supone la energ\u00eda fotovoltaica o la necesidad de actualizarse en materia de criptomonedes han sido otros temas que se han puesto encima la mesa durante la sesi\u00f3n.[\/vc_column_text]<div class=\"single_image wpb_content_element align-left    \" data-animation=\"none\" data-delay=\"0\"><img width=\"1500\" height=\"855\" src=\"https:\/\/www.foment.com\/wp-content\/uploads\/2021\/05\/Fagem-webinar.png\" class=\"attachment-full\" alt=\"\" loading=\"lazy\" title=\"Fagem webinar\" srcset=\"https:\/\/www.foment.com\/wp-content\/uploads\/2021\/05\/Fagem-webinar.png 1500w, https:\/\/www.foment.com\/wp-content\/uploads\/2021\/05\/Fagem-webinar-300x171.png 300w, https:\/\/www.foment.com\/wp-content\/uploads\/2021\/05\/Fagem-webinar-1024x584.png 1024w, https:\/\/www.foment.com\/wp-content\/uploads\/2021\/05\/Fagem-webinar-768x438.png 768w\" sizes=\"(max-width: 1500px) 100vw, 1500px\" \/><\/div>[\/vc_column][\/vc_row]<\/p>\n<\/section>","protected":false},"excerpt":{"rendered":"<p>[vc_row][vc_column][vc_column_text]La Federaci\u00f3n de Asociaciones y Gremios Empresariales del Maresme (FAGEM) ha protagonizado este jueves una nueva sesi\u00f3n del IV Congreso de Pymes de Catalu\u00f1a organizado por Fepime Catalu\u00f1a con el objetivo de analizar el estado actual de la pyme catalana y elaborar un memorial de propuestas de mejora que se librar\u00e1 a las administraciones. La presidenta de la FAGEM, Roser Mor\u00e9, ha explicado que la principal preocupaci\u00f3n del tejido empresarial es la carencia de relevo generacional en muchas empresas y lo ha vinculado directamente al poco inter\u00e9s de los j\u00f3venes por los oficios. \u201cEs una problem\u00e1tica transversal que afecta al sector textil, de la construcci\u00f3n, a los instaladores, al comercio&#8230; Necesitamos ayudas para facilitar la contrataci\u00f3n de j\u00f3venes y que se incorporen en el mundo laboral porque estamos creando un vac\u00edo generacional\u201d, ha afirmado. \u201cLa industria es el motor de la econom\u00eda y hace falta que la administraci\u00f3n la ayude, no solo con palabras, sino con hechos que sean una realidad\u201d, ha a\u00f1adido Moreno. En esta l\u00ednea, Joan Jordan, presidente de el\u00a0 Gremio de Constructores y Promotores de Matar\u00f3 y comarca, ha insistido en la dificultad de encontrar perfiles j\u00f3venes que quieran incorporarse en el sector de la construcci\u00f3n. \u201cSi [&hellip;]<\/p>\n","protected":false},"author":1,"featured_media":125587,"comment_status":"closed","ping_status":"closed","sticky":false,"template":"","format":"standard","meta":{"_links_to":"","_links_to_target":""},"categories":[5605,68],"tags":[2065,905],"acf":[],"wps_subtitle":"Las dificultades para acceder a ayudas directas e inmediatas, el acceso a la financiaci\u00f3n y la necesaria adaptaci\u00f3n de las empresas al entorno digital, entre las principales preocupaciones de la FAGEM","_links":{"self":[{"href":"https:\/\/www.foment.com\/es\/wp-json\/wp\/v2\/posts\/118073"}],"collection":[{"href":"https:\/\/www.foment.com\/es\/wp-json\/wp\/v2\/posts"}],"about":[{"href":"https:\/\/www.foment.com\/es\/wp-json\/wp\/v2\/types\/post"}],"author":[{"embeddable":true,"href":"https:\/\/www.foment.com\/es\/wp-json\/wp\/v2\/users\/1"}],"replies":[{"embeddable":true,"href":"https:\/\/www.foment.com\/es\/wp-json\/wp\/v2\/comments?post=118073"}],"version-history":[{"count":1,"href":"https:\/\/www.foment.com\/es\/wp-json\/wp\/v2\/posts\/118073\/revisions"}],"predecessor-version":[{"id":126191,"href":"https:\/\/www.foment.com\/es\/wp-json\/wp\/v2\/posts\/118073\/revisions\/126191"}],"wp:featuredmedia":[{"embeddable":true,"href":"https:\/\/www.foment.com\/es\/wp-json\/wp\/v2\/media\/125587"}],"wp:attachment":[{"href":"https:\/\/www.foment.com\/es\/wp-json\/wp\/v2\/media?parent=118073"}],"wp:term":[{"taxonomy":"category","embeddable":true,"href":"https:\/\/www.foment.com\/es\/wp-json\/wp\/v2\/categories?post=118073"},{"taxonomy":"post_tag","embeddable":true,"href":"https:\/\/www.foment.com\/es\/wp-json\/wp\/v2\/tags?post=118073"}],"curies":[{"name":"wp","href":"https:\/\/api.w.org\/{rel}","templated":true}]}}