{"id":119984,"date":"2021-06-01T10:42:38","date_gmt":"2021-06-01T08:42:38","guid":{"rendered":"https:\/\/www.foment.com\/fundacio-la-caixa-foment-impulsen-contractacio-persones-dificultats-insercio-laboral\/"},"modified":"2021-09-12T20:44:13","modified_gmt":"2021-09-12T18:44:13","slug":"fundacion-la-caixa-foment-impulsan-contractacion-personas-dificultades-insercion-laboral","status":"publish","type":"post","link":"https:\/\/www.foment.com\/es\/fundacion-la-caixa-foment-impulsan-contractacion-personas-dificultades-insercion-laboral\/","title":{"rendered":"La Fundaci\u00f3n \u201dla Caixa\u201d y Foment impulsan la contrataci\u00f3n de personas con dificultades de inserci\u00f3n laboral"},"content":{"rendered":"<ul>\n<li><strong>En el marco del programa Incorpora, ambas instituciones apuestan por la plena inserci\u00f3n social y laboral de las personas en riesgo de exclusi\u00f3n con el objetivo de mejorar su calidad de vida y fomentar la cohesi\u00f3n social. <\/strong><\/li>\n<\/ul>\n<p>La Fundaci\u00f3n \u201dla Caixa\u201d y Foment suman esfuerzos para impulsar la inserci\u00f3n laboral. El presidente de la Fundaci\u00f3n \u201dla\u00a0Caixa\u201d,<strong> Isidro Fain\u00e9<\/strong>, y el presidente de Foment del Treball, <strong>Josep S\u00e1nchez Llibre<\/strong>, han firmado un convenio que define las acciones concretas de colaboraci\u00f3n de ambas instituciones para <strong>favorecer la incorporaci\u00f3n al mundo laboral de personas en riesgo de exclusi\u00f3n y promover la responsabilidad social de las empresas<\/strong>.<\/p>\n<p>A trav\u00e9s del <strong>programa Incorpora de la Fundaci\u00f3n \u201dla Caixa\u201d<\/strong>, las empresas y entidades asociadas a Foment del Treball recibir\u00e1n la informaci\u00f3n y el asesoramiento necesarios para contratar a personas que presentan dificultades especiales de inserci\u00f3n, con el fin de crear puestos de trabajo espec\u00edficos para estos colectivos y, asimismo, formarlos adecuadamente.<\/p>\n<p>De acuerdo con la responsabilidad social de las empresas en la inserci\u00f3n laboral, <strong>la Fundaci\u00f3n \u201dla Caixa\u201d y Foment impulsar\u00e1n as\u00ed la contrataci\u00f3n de personas de colectivos especialmente vulnerables<\/strong>, lo cual permitir\u00e1, al mismo tiempo, mejorar su calidad de vida.<\/p>\n<p>El presidente de Foment del Treball, Josep S\u00e1nchez Llibre, ha explicado: \u00abLa importancia y el inter\u00e9s de este acuerdo, que sin duda contribuir\u00e1 a un objetivo que compromete tambi\u00e9n al mundo empresarial, es aumentar la cohesi\u00f3n social. <strong>Precisamente en estos momentos de crisis sanitaria, social y econ\u00f3mica, este convenio de colaboraci\u00f3n adquiere mayor relevancia, de manera que ninguna persona y ning\u00fan sector de la poblaci\u00f3n se quede atr\u00e1s. Foment apuesta y defiende que la econom\u00eda inclusiva y la solidaridad y el compromiso social forman parte de las actuaciones del empresariado de Catalu\u00f1a<\/strong>\u00bb.<\/p>\n<p>Por otro lado, el presidente de la Fundaci\u00f3n \u201dla Caixa\u201d, Isidro Fain\u00e9, ha destacado: \u00abLa suma de esfuerzos con colaboradores comprometidos, como Foment y otras empresas socialmente responsables, es m\u00e1s importante que nunca para poder afrontar la complicada situaci\u00f3n social, laboral y econ\u00f3mica derivada de la pandemia por coronavirus. <strong>Solo si estamos unidos podremos conseguir que se reviertan situaciones desfavorables para personas con grandes dificultades para encontrar trabajo<\/strong>\u00bb.<\/p>\n<p>Desde 2006, el programa Incorpora de la Fundaci\u00f3n \u201dla Caixa\u201d promueve en toda Espa\u00f1a la contrataci\u00f3n de miembros de colectivos con dificultades especiales para acceder a un empleo, como <strong>personas con discapacidad, desempleados de larga duraci\u00f3n, j\u00f3venes en situaci\u00f3n de vulnerabilidad, personas inmigradas, exreclusos y v\u00edctimas de violencia de g\u00e9nero<\/strong>, entre otros.<\/p>\n<p>Incorpora ofrece a las empresas asesoramiento y acompa\u00f1amiento en acciones de responsabilidad social, en este caso, centradas en la integraci\u00f3n laboral de personas en situaci\u00f3n de vulnerabilidad. En 2020, en el contexto de pandemia derivado de la COVID-19, el programa facilit\u00f3 m\u00e1s de 34.000 puestos de trabajo gracias a la colaboraci\u00f3n de 11.700 empresas en este proyecto de responsabilidad social. En Catalu\u00f1a, se consiguieron 9.500 inserciones en casi 2.800 empresas<\/p>\n","protected":false},"excerpt":{"rendered":"<p>En el marco del programa Incorpora, ambas instituciones apuestan por la plena inserci\u00f3n social y laboral de las personas en riesgo de exclusi\u00f3n con el objetivo de mejorar su calidad de vida y fomentar la cohesi\u00f3n social. La Fundaci\u00f3n \u201dla Caixa\u201d y Foment suman esfuerzos para impulsar la inserci\u00f3n laboral. El presidente de la Fundaci\u00f3n \u201dla\u00a0Caixa\u201d, Isidro Fain\u00e9, y el presidente de Foment del Treball, Josep S\u00e1nchez Llibre, han firmado un convenio que define las acciones concretas de colaboraci\u00f3n de ambas instituciones para favorecer la incorporaci\u00f3n al mundo laboral de personas en riesgo de exclusi\u00f3n y promover la responsabilidad social de las empresas. A trav\u00e9s del programa Incorpora de la Fundaci\u00f3n \u201dla Caixa\u201d, las empresas y entidades asociadas a Foment del Treball recibir\u00e1n la informaci\u00f3n y el asesoramiento necesarios para contratar a personas que presentan dificultades especiales de inserci\u00f3n, con el fin de crear puestos de trabajo espec\u00edficos para estos colectivos y, asimismo, formarlos adecuadamente. De acuerdo con la responsabilidad social de las empresas en la inserci\u00f3n laboral, la Fundaci\u00f3n \u201dla Caixa\u201d y Foment impulsar\u00e1n as\u00ed la contrataci\u00f3n de personas de colectivos especialmente vulnerables, lo cual permitir\u00e1, al mismo tiempo, mejorar su calidad de vida. El presidente de Foment del [&hellip;]<\/p>\n","protected":false},"author":1,"featured_media":119979,"comment_status":"closed","ping_status":"closed","sticky":false,"template":"","format":"standard","meta":{"_links_to":"","_links_to_target":""},"categories":[114,68],"tags":[2724],"acf":[],"wps_subtitle":"\u2022\tEl presidente de la Fundaci\u00f3n \u201dla Caixa\u201d, Isidro Fain\u00e9, y el presidente de Foment del Treball, Josep S\u00e1nchez Llibre, han suscrito un convenio de colaboraci\u00f3n para estimular la responsabilidad social empresarial. ","_links":{"self":[{"href":"https:\/\/www.foment.com\/es\/wp-json\/wp\/v2\/posts\/119984"}],"collection":[{"href":"https:\/\/www.foment.com\/es\/wp-json\/wp\/v2\/posts"}],"about":[{"href":"https:\/\/www.foment.com\/es\/wp-json\/wp\/v2\/types\/post"}],"author":[{"embeddable":true,"href":"https:\/\/www.foment.com\/es\/wp-json\/wp\/v2\/users\/1"}],"replies":[{"embeddable":true,"href":"https:\/\/www.foment.com\/es\/wp-json\/wp\/v2\/comments?post=119984"}],"version-history":[{"count":1,"href":"https:\/\/www.foment.com\/es\/wp-json\/wp\/v2\/posts\/119984\/revisions"}],"predecessor-version":[{"id":126242,"href":"https:\/\/www.foment.com\/es\/wp-json\/wp\/v2\/posts\/119984\/revisions\/126242"}],"wp:featuredmedia":[{"embeddable":true,"href":"https:\/\/www.foment.com\/es\/wp-json\/wp\/v2\/media\/119979"}],"wp:attachment":[{"href":"https:\/\/www.foment.com\/es\/wp-json\/wp\/v2\/media?parent=119984"}],"wp:term":[{"taxonomy":"category","embeddable":true,"href":"https:\/\/www.foment.com\/es\/wp-json\/wp\/v2\/categories?post=119984"},{"taxonomy":"post_tag","embeddable":true,"href":"https:\/\/www.foment.com\/es\/wp-json\/wp\/v2\/tags?post=119984"}],"curies":[{"name":"wp","href":"https:\/\/api.w.org\/{rel}","templated":true}]}}