{"id":120536,"date":"2021-06-04T15:40:46","date_gmt":"2021-06-04T13:40:46","guid":{"rendered":"https:\/\/www.foment.com\/empresaris-demanen-govern-catala-celeritat-decissions-aprovar-ampliacio-aeroport-barcelona-prat\/"},"modified":"2021-09-12T18:52:24","modified_gmt":"2021-09-12T16:52:24","slug":"empresarios-piden-gobierno-catalan-celeridad-decisiones-aprobar-ampliacion-aeropuerto-barcelona-prat","status":"publish","type":"post","link":"https:\/\/www.foment.com\/es\/empresarios-piden-gobierno-catalan-celeridad-decisiones-aprobar-ampliacion-aeropuerto-barcelona-prat\/","title":{"rendered":"Los empresarios piden al gobierno catal\u00e1n celeridad en las decisiones para aprobar la ampliaci\u00f3n del aeropuerto de Barcelona- El Prat"},"content":{"rendered":"<section class=\"wpb-content-wrapper\"><p>[vc_row][vc_column width=\u00bb1\/1&#8243;][vc_column_text]<\/p>\n<ul>\n<li><strong>El vicepresidente de la Generalitat, Jordi Puigner\u00f3, recibe el documento. Los empresarios le piden exigir en el gobierno espa\u00f1ol y en AENA \u201cgarantizar los compromisos de sostenibilidad y la creaci\u00f3n de nuevas zonas rurales del Delta\u201d.<\/strong><\/li>\n<\/ul>\n<p>Josep S\u00e1nchez Llibre, Antoni Ca\u00f1ete, M\u00f3nica Roca, Javier Faus i Josep Mateu -presidentes de Foment del Treball, Pimec, C\u00e1mara de Comercio de Barcelona, C\u00edrculo de Econom\u00eda y RACC- han librado hoy al vicepresidente de la Generalitat, Jordi Puigner\u00f3, el <a href=\"https:\/\/www.foment.com\/wp-content\/uploads\/2021\/05\/20210602_Manifest-Aeroport-BCNcastellano.pdf\">Manifiesto a favor de la ampliaci\u00f3 del aeroport Barcelona &#8211; El Prat<\/a> y que congreg\u00f3 el pasado mi\u00e9rcoles en ESADE a la pr\u00e1ctica totalidad del mundo econ\u00f3mico y social de Catalu\u00f1a. El acuerdo de ampliaci\u00f3n, tal y como est\u00e1 previsto en el Plan Director, se tiene que hacer r\u00e1pido y con celeridad \u201cporque no tenemos tiempo\u201d, han dicho los representantes empresariales. Puigner\u00f3 ha recibido el documento y la petici\u00f3n de \u201ctomar las medidas con la declaraci\u00f3n de inter\u00e9s general del proyecto\u201d as\u00ed como una r\u00e1pida declaraci\u00f3n p\u00fablica a favor de la ampliaci\u00f3n.<\/p>\n<p>Si la prioridad principal es tener el consenso de todos los agentes implicados para conseguir la luz verde al proyecto, despu\u00e9s hay que pedir a la UE la revisi\u00f3n de la Red Natura. En todo caso, el gobierno no puede delegar la responsabilidad pol\u00edtica a la comisi\u00f3n de debate que se ha creado desde la presidencia.<\/p>\n<p>En el mismo sentido, los representantes empresariales han pedido a Puigner\u00f3 exigir al gobierno espa\u00f1ol y a AENA garantizar los compromisos de sostenibilidad y la creaci\u00f3n de nuevas zonas rurales del Delta.[\/vc_column_text]<div class=\"flexslider wpb_content_element\"><ul class=\"slides\"><li><img src=\"https:\/\/www.foment.com\/wp-content\/uploads\/2021\/06\/210604-LP-140A7351-scaled-1.jpg\" alt=\"\" \/><\/li><li><img src=\"https:\/\/www.foment.com\/wp-content\/uploads\/2021\/06\/210604-LP-140A7281-scaled-1.jpg\" alt=\"\" \/><\/li><li><img src=\"https:\/\/www.foment.com\/wp-content\/uploads\/2021\/06\/210604-LP-140A7267-scaled-1.jpg\" alt=\"\" \/><\/li><li><img src=\"https:\/\/www.foment.com\/wp-content\/uploads\/2021\/06\/210604-LP-140A7260-scaled-1.jpg\" alt=\"\" \/><\/li><li><img src=\"https:\/\/www.foment.com\/wp-content\/uploads\/2021\/06\/210604-LP-140A7205-scaled-1.jpg\" alt=\"\" \/><\/li><\/ul><\/div>[\/vc_column][\/vc_row]<\/p>\n<\/section>","protected":false},"excerpt":{"rendered":"<p>[vc_row][vc_column width=\u00bb1\/1&#8243;][vc_column_text] El vicepresidente de la Generalitat, Jordi Puigner\u00f3, recibe el documento. Los empresarios le piden exigir en el gobierno espa\u00f1ol y en AENA \u201cgarantizar los compromisos de sostenibilidad y la creaci\u00f3n de nuevas zonas rurales del Delta\u201d. Josep S\u00e1nchez Llibre, Antoni Ca\u00f1ete, M\u00f3nica Roca, Javier Faus i Josep Mateu -presidentes de Foment del Treball, Pimec, C\u00e1mara de Comercio de Barcelona, C\u00edrculo de Econom\u00eda y RACC- han librado hoy al vicepresidente de la Generalitat, Jordi Puigner\u00f3, el Manifiesto a favor de la ampliaci\u00f3 del aeroport Barcelona &#8211; El Prat y que congreg\u00f3 el pasado mi\u00e9rcoles en ESADE a la pr\u00e1ctica totalidad del mundo econ\u00f3mico y social de Catalu\u00f1a. El acuerdo de ampliaci\u00f3n, tal y como est\u00e1 previsto en el Plan Director, se tiene que hacer r\u00e1pido y con celeridad \u201cporque no tenemos tiempo\u201d, han dicho los representantes empresariales. Puigner\u00f3 ha recibido el documento y la petici\u00f3n de \u201ctomar las medidas con la declaraci\u00f3n de inter\u00e9s general del proyecto\u201d as\u00ed como una r\u00e1pida declaraci\u00f3n p\u00fablica a favor de la ampliaci\u00f3n. Si la prioridad principal es tener el consenso de todos los agentes implicados para conseguir la luz verde al proyecto, despu\u00e9s hay que pedir a la UE la revisi\u00f3n de la [&hellip;]<\/p>\n","protected":false},"author":1,"featured_media":120523,"comment_status":"closed","ping_status":"closed","sticky":false,"template":"","format":"standard","meta":{"_links_to":"","_links_to_target":""},"categories":[114,68,1663],"tags":[2612],"acf":[],"wps_subtitle":"Foment del Treball, Pimec, C\u00e1mara de Comercio, C\u00edrculo de Econom\u00eda y RACC libran, en representaci\u00f3n de las 200 entidades del mundo econ\u00f3mic y social, el Manifiesto a favor de la ampliaci\u00f3n del aeropuerto de Barcelona","_links":{"self":[{"href":"https:\/\/www.foment.com\/es\/wp-json\/wp\/v2\/posts\/120536"}],"collection":[{"href":"https:\/\/www.foment.com\/es\/wp-json\/wp\/v2\/posts"}],"about":[{"href":"https:\/\/www.foment.com\/es\/wp-json\/wp\/v2\/types\/post"}],"author":[{"embeddable":true,"href":"https:\/\/www.foment.com\/es\/wp-json\/wp\/v2\/users\/1"}],"replies":[{"embeddable":true,"href":"https:\/\/www.foment.com\/es\/wp-json\/wp\/v2\/comments?post=120536"}],"version-history":[{"count":1,"href":"https:\/\/www.foment.com\/es\/wp-json\/wp\/v2\/posts\/120536\/revisions"}],"predecessor-version":[{"id":126157,"href":"https:\/\/www.foment.com\/es\/wp-json\/wp\/v2\/posts\/120536\/revisions\/126157"}],"wp:featuredmedia":[{"embeddable":true,"href":"https:\/\/www.foment.com\/es\/wp-json\/wp\/v2\/media\/120523"}],"wp:attachment":[{"href":"https:\/\/www.foment.com\/es\/wp-json\/wp\/v2\/media?parent=120536"}],"wp:term":[{"taxonomy":"category","embeddable":true,"href":"https:\/\/www.foment.com\/es\/wp-json\/wp\/v2\/categories?post=120536"},{"taxonomy":"post_tag","embeddable":true,"href":"https:\/\/www.foment.com\/es\/wp-json\/wp\/v2\/tags?post=120536"}],"curies":[{"name":"wp","href":"https:\/\/api.w.org\/{rel}","templated":true}]}}