{"id":120555,"date":"2021-06-06T09:45:01","date_gmt":"2021-06-06T07:45:01","guid":{"rendered":"https:\/\/www.foment.com\/?p=120555"},"modified":"2021-09-12T18:51:27","modified_gmt":"2021-09-12T16:51:27","slug":"presidentes-pedro-sanchez-mario-draghi-intervendran-foro-dialogo-espana-italia","status":"publish","type":"post","link":"https:\/\/www.foment.com\/es\/presidentes-pedro-sanchez-mario-draghi-intervendran-foro-dialogo-espana-italia\/","title":{"rendered":"Los presidentes Pedro S\u00e1nchez i Mario Draghi intervendr\u00e1n en el Foro de Di\u00e1logo Espa\u00f1a-Italia"},"content":{"rendered":"<ul>\n<li><strong>La XVIII edici\u00f3n del Foro de Di\u00e1logo Espa\u00f1a-Italia, coordinado por Josep A. Duran y Lleida y Enrico Letta, que tendr\u00e1 lugar en Barcelona -en la sede de Foment del Teball- los pr\u00f3ximos d\u00edas 18 y 19 de junio, debatir\u00e1 sobre los fondos Next Generation y el futuro de Europa.<\/strong><\/li>\n<li><strong>Tambi\u00e9n intervendr\u00e1n Nadia Calvi\u00f1o, vicepresidenta del Gobierno de Espa\u00f1a, Josep Borrell, vicepresidente de la Comisi\u00f3n Europea y Alto Representante de la UE para Asuntos exteriores y Pol\u00edtica de Seguridad com\u00fan, David Maria Sassoli, presidente del Parlamento Europeo y Antonio Tajani, presidente de la comisi\u00f3n de Asuntos Constitucionales del Parlamento Europeo.<\/strong><\/li>\n<li><strong>Duran y Lleida, coordinador con Enrico Letta del Foro, se\u00f1ala que \u201cpara Espa\u00f1a e Italia, aprovechar bien o no los fondos europeos es como garantizar continuar el camino del progreso econ\u00f3mico y social o quedar atrasados por d\u00e9cadas\u201d.<\/strong><\/li>\n<\/ul>\n<p>Durante estos dos d\u00edas, el XVIII Foro de Di\u00e1logo Espa\u00f1a-Italia dedicar\u00e1 gran parte de sus debates a los Next Generation EU y a los planes nacionales de reformas e inversiones, centrados especialmente en la transici\u00f3n verde y digital. A trav\u00e9s del fortalecimiento de los programas estrat\u00e9gicos, con una imprescindible colaboraci\u00f3n p\u00fablicoprivada, ser\u00e1 posible responder a las complejidades sin precedentes creadas por la Covid-19. Tambi\u00e9n se debatir\u00e1 sobre el futuro de Europa y su papel en el mundo. Precisamente, el pasado 9 de mayo, D\u00eda de Europa, la UE puso en marcha la Conferencia sobre el Futuro de Europa, un ejercicio de reflexi\u00f3n y deliberaci\u00f3n sobre la estructura comunitaria. Espa\u00f1a e Italia est\u00e1n y siempre ser\u00e1n all\u00ed juntas.<\/p>\n<p>La sesi\u00f3n inaugural la abrir\u00e1n los presidentes de CEOE, Antonio Garamendi, Foment del Treball, Josep S\u00e1nchez Llibre, y Arel, Francesco Merloni. A continuaci\u00f3n, intervendr\u00e1 el comisario de Asuntos Econ\u00f3micos y Monetarios de la UE, Paolo Gentiloni.<\/p>\n<p>Los presidentes del gobiernos de Espa\u00f1a, Pedro S\u00e1nchez, y de Italia, Mario Draghi, participar\u00e1n en la primera jornada del Foro despu\u00e9s de un debate sobre los fondos Next Generation y la Transici\u00f3n Energ\u00e9tica encabezado por Roberto Cingolani, ministro italiano de Transici\u00f3n Ecol\u00f3gica en el cual participar\u00e1n Sara Aagesen, Secretar\u00eda de Estado de Energ\u00eda del Gobierno de Espa\u00f1a, Mauricio Lucena, Presidente de AENA, Francesco Starace, AD de Enel, y Mario Massarotti, AD de Grimaldi Lines Espa\u00f1a.<\/p>\n<p>El segundo panel dedicado a los Next Generation y a la transici\u00f3n digital lo encabezar\u00e1n Nadia Calvi\u00f1o, vicepresidenta segunda del Gobierno de Espa\u00f1a y ministra de Asuntos Econ\u00f3micos y Transformaci\u00f3n Digital y Vittorio Colao, ministro italiano de Innovaci\u00f3n Tecnol\u00f3gica y Transici\u00f3n Digital. intervendr\u00e1n, entre otros, Carles Tusquets, presidente de Mediolanum y Tobias Mart\u00ednez Gimeno, AD de Cellnex<\/p>\n<p>Al d\u00eda siguiente s\u00e1bado el debate se centrar\u00e1 en los fondos europeos y el futuro de las ciudades\u00a0 con intervenciones entre otros de Jaume Collboni, primer teniente de alcalde del Ayuntamiento de Barcelona y de Pierfrancesco Maran, consejero de urbanismo, ecolog\u00eda y agricultura del Ayuntamiento de Mil\u00e0.<\/p>\n<p>Durante la ma\u00f1ana tambi\u00e9n participar\u00e1n Josep Borrell, vicepresidente de la Comisi\u00f3n Europea y Alto Representante de la UE para Asuntos exteriores y Pol\u00edtica de Seguridad com\u00fan, David Maria Sassoli, presidente del Parlamento Europeo y Antonio Tajani, presidente de la comisi\u00f3n de Asuntos Constitucionales del Parlamento Europeo.<\/p>\n<p>La conclusi\u00f3n de la XVIII edici\u00f3n del Foro de Di\u00e1logo Espa\u00f1a-Italia ir\u00e1 a cargo de Josep A. Duran y Lleida y Enrico Letta, coordinadores del Foro, de los embajadores de Espa\u00f1a en Italia, Alfonso Dastis, y de Italia en Espa\u00f1a, Riccardo Guariglia, y de los ministros de Asuntos exteriores de Espa\u00f1a, Arancha Gonz\u00e1lez Laya, y de Italia, Luigi di Maio.<\/p>\n<p>Josep A. Duran y Lleida expresa \u201cla satisfacci\u00f3n que el Foro se vuelva a celebrar en Barcelona\u201d donde se hab\u00eda hecho los \u00faltimos a\u00f1os antes del Proc\u00e9s y valora muy positivamente que, por primera vez tambi\u00e9n en los \u00faltimos a\u00f1os, se haga en Catalu\u00f1a una reuni\u00f3n internacional con la presencia e intervenci\u00f3n de dos miembros de la Comisi\u00f3n de la UE, del Presidente del PE, de varios ministros y de los primeros ministros de Espa\u00f1a e Italiano.<\/p>\n<p>Duran a\u00f1ade que las que \u201clas dos cuestiones a debate, los Next Generation y el futuro de la UE, sue\u00f1o de gran trascendencia para el futuro de Espa\u00f1a, de Italia y para el conjunto de la UE\u201d.<\/p>\n<p>\u201cPara Espa\u00f1a y para Italia, aprovechar bien o no los fondos europeos es tanto como garantizar continuar el camino del progreso econ\u00f3mico y social o quedar atrasados por d\u00e9cadas- remarca Duran. En los dos pa\u00edses interesa que la UE profundice su unidad y lo ampl\u00ede. S\u00ed la UE no avanza en esta direcci\u00f3n, el mundo quedar\u00e1 polarizado entorno a China y los EE. UU. con todas las consecuencias econ\u00f3micas, sociales, tecnol\u00f3gicas, en el modelo de sociedad basado en la defensa de los derechos humanos&#8230;\u201d.<\/p>\n<p>Desde hace m\u00e1s de dos decenios el acontecimiento \u2013la primera edici\u00f3n del cual se celebr\u00f3 el a\u00f1o 1999 en G\u00e9nova\u2013 el Foro de Di\u00e1logo Espa\u00f1a-Italia ha reunido, alternativamente en los dos pa\u00edses, a influyentes representantes del mundo pol\u00edtico, acad\u00e9mico, empresarial, econ\u00f3mico y de la comunicaci\u00f3n.<\/p>\n<p>Durante el transcurso de este a\u00f1o 2021, Italia y Espa\u00f1a, golpeadas por la pandemia, han luchado para controlar el avance del Covid-19, con el impulso de la campa\u00f1a de vacunaci\u00f3n y han trabajado duramente en la elaboraci\u00f3n de los planes nacionales de reformas e inversiones en el marco de Next Generation EU. Espa\u00f1a e Italia, juntas, han sido la fuerza motriz del cambio en la pol\u00edtica europea ante esta situaci\u00f3n extraordinaria en todos los \u00e1mbitos.<\/p>\n","protected":false},"excerpt":{"rendered":"<p>La XVIII edici\u00f3n del Foro de Di\u00e1logo Espa\u00f1a-Italia, coordinado por Josep A. Duran y Lleida y Enrico Letta, que tendr\u00e1 lugar en Barcelona -en la sede de Foment del Teball- los pr\u00f3ximos d\u00edas 18 y 19 de junio, debatir\u00e1 sobre los fondos Next Generation y el futuro de Europa. Tambi\u00e9n intervendr\u00e1n Nadia Calvi\u00f1o, vicepresidenta del Gobierno de Espa\u00f1a, Josep Borrell, vicepresidente de la Comisi\u00f3n Europea y Alto Representante de la UE para Asuntos exteriores y Pol\u00edtica de Seguridad com\u00fan, David Maria Sassoli, presidente del Parlamento Europeo y Antonio Tajani, presidente de la comisi\u00f3n de Asuntos Constitucionales del Parlamento Europeo. Duran y Lleida, coordinador con Enrico Letta del Foro, se\u00f1ala que \u201cpara Espa\u00f1a e Italia, aprovechar bien o no los fondos europeos es como garantizar continuar el camino del progreso econ\u00f3mico y social o quedar atrasados por d\u00e9cadas\u201d. Durante estos dos d\u00edas, el XVIII Foro de Di\u00e1logo Espa\u00f1a-Italia dedicar\u00e1 gran parte de sus debates a los Next Generation EU y a los planes nacionales de reformas e inversiones, centrados especialmente en la transici\u00f3n verde y digital. A trav\u00e9s del fortalecimiento de los programas estrat\u00e9gicos, con una imprescindible colaboraci\u00f3n p\u00fablicoprivada, ser\u00e1 posible responder a las complejidades sin precedentes creadas por la Covid-19. [&hellip;]<\/p>\n","protected":false},"author":1,"featured_media":120551,"comment_status":"closed","ping_status":"closed","sticky":false,"template":"","format":"standard","meta":{"_links_to":"","_links_to_target":""},"categories":[114,72,1667],"tags":[2424],"acf":[],"wps_subtitle":"Lo organizan conjuntamente CEOE, la Sociedad Barcelonesa d\u00b4Estudios Econ\u00f3micos y Sociales de Foment y AREL -Agencia de Investigaci\u00f3n y Legislaci\u00f3n","_links":{"self":[{"href":"https:\/\/www.foment.com\/es\/wp-json\/wp\/v2\/posts\/120555"}],"collection":[{"href":"https:\/\/www.foment.com\/es\/wp-json\/wp\/v2\/posts"}],"about":[{"href":"https:\/\/www.foment.com\/es\/wp-json\/wp\/v2\/types\/post"}],"author":[{"embeddable":true,"href":"https:\/\/www.foment.com\/es\/wp-json\/wp\/v2\/users\/1"}],"replies":[{"embeddable":true,"href":"https:\/\/www.foment.com\/es\/wp-json\/wp\/v2\/comments?post=120555"}],"version-history":[{"count":1,"href":"https:\/\/www.foment.com\/es\/wp-json\/wp\/v2\/posts\/120555\/revisions"}],"predecessor-version":[{"id":126155,"href":"https:\/\/www.foment.com\/es\/wp-json\/wp\/v2\/posts\/120555\/revisions\/126155"}],"wp:featuredmedia":[{"embeddable":true,"href":"https:\/\/www.foment.com\/es\/wp-json\/wp\/v2\/media\/120551"}],"wp:attachment":[{"href":"https:\/\/www.foment.com\/es\/wp-json\/wp\/v2\/media?parent=120555"}],"wp:term":[{"taxonomy":"category","embeddable":true,"href":"https:\/\/www.foment.com\/es\/wp-json\/wp\/v2\/categories?post=120555"},{"taxonomy":"post_tag","embeddable":true,"href":"https:\/\/www.foment.com\/es\/wp-json\/wp\/v2\/tags?post=120555"}],"curies":[{"name":"wp","href":"https:\/\/api.w.org\/{rel}","templated":true}]}}