{"id":120651,"date":"2021-06-07T16:37:12","date_gmt":"2021-06-07T14:37:12","guid":{"rendered":"https:\/\/www.foment.com\/sanchez-llibre-demana-retorn-normalitat-politica-dialeg-promou-dos-acords-jjoo-hivern-2030-barcelona-pirineus-ampliacio-aeroport\/"},"modified":"2021-09-12T18:49:53","modified_gmt":"2021-09-12T16:49:53","slug":"sanchez-llibre-pide-retorno-normalidad-politica-dialogo-promueve-dos-acuerdos-jjoo-invierno-2030-barcelona-pirineos-ampliacion-aeropuerto","status":"publish","type":"post","link":"https:\/\/www.foment.com\/es\/sanchez-llibre-pide-retorno-normalidad-politica-dialogo-promueve-dos-acuerdos-jjoo-invierno-2030-barcelona-pirineos-ampliacion-aeropuerto\/","title":{"rendered":"S\u00e1nchez Llibre pide el regreso a la normalidad pol\u00edtica con di\u00e1logo y promueve dos grandes acuerdos: los JJOO Invierno 2030 Barcelona &#8211; Pirineos y la ampliaci\u00f3n del aeropuerto de Barcelona"},"content":{"rendered":"<section class=\"wpb-content-wrapper\"><p>[vc_row][vc_column][vc_column_text]<\/p>\n<ul>\n<li><strong>El presidente de la Generalitat, Pere Aragon\u00e8s, prioriza las cuatro transformaciones que proyecta en su mandato: la social y econ\u00f3mica, la verde, la feminista y la democr\u00e1tica.<\/strong><\/li>\n<li><strong>El presidente del gobierno espa\u00f1ol, Pedro S\u00e1nchez, afirma que el Gobierno de Espa\u00f1a abordar\u00e1 \u201cla concordia y el reencuentro\u201d y propone dejar atr\u00e1s \u201cescenarios de crisis y enfrentamientos\u201d.<\/strong><\/li>\n<\/ul>\n<p>El presidente del Gobierno, Pedro S\u00e1nchez, y el presidente de Foment del Treball, Josep S\u00e1nchez Llibre, entregaron hoy la Medalla de Honor conmemorativa del 250 aniversario de la gran patronal catalana al editor y presidente del Grupo God\u00f3, <strong>Javier God\u00f3<\/strong>, en reconocimiento a su trayectoria empresarial al frente del grupo de medios de comunicaci\u00f3n, titular, entre otras, de la hist\u00f3rica e influyente cabecera del rotativo La Vanguardia, que este a\u00f1o celebra su 140 aniversario. En un acto en el que coincidieron el presidente del Gobierno de Espa\u00f1a, <strong>Pedro S\u00e1nchez<\/strong>, y el de la Generalitat de Catalunya, <strong>Pere Aragon\u00e8s<\/strong>, se apel\u00f3 en reiteradas ocasiones a <strong>recuperar la normalidad pol\u00edtica<\/strong>. Y el presidente de Foment, <strong>Josep S\u00e1nchez Llibre, propuso para ello dos grandes acuerdos: presentar la candidatura de los Juegos Ol\u00edmpicos de Invierno Barcelona\/Pirineo para el a\u00f1o 2030 y la ampliaci\u00f3n del aeropuerto Barcelona-El Prat.<\/strong><\/p>\n<p>S\u00e1nchez Llibre propuso un gran acuerdo \u201centre el Gobierno de Espa\u00f1a, la Generalitat de Catalunya, el Gobierno de Arag\u00f3n y el Ayuntamiento de Barcelona\u201d para presentar la candidatura de los Juegos Ol\u00edmpicos de Invierno Barcelona\/Pirineo para el a\u00f1o 2030. Explic\u00f3 tambi\u00e9n que ya se ha realizado mucho trabajo entre las diversas administraciones p\u00fablicas: \u201ca trav\u00e9s de la UFEC hemos buscado complicidades con el COE, el COI y con las administraciones para que este gran acontecimiento sea una realidad, y <strong>que en el 1er trimestre del a\u00f1o 2022 el Comit\u00e9 Ol\u00edmpico Internacional pueda designar oficialmente que la candidatura ganadora de los Juegos Ol\u00edmpicos de Invierno para el a\u00f1o 2030 sea Barcelona Pirineos\u201d.<\/strong><\/p>\n<p>El segundo gran acuerdo se refiere a la <strong>ampliaci\u00f3n del aeropuerto Barcelona- el Prat, \u201cun gran proyecto estrat\u00e9gico en el que nos jugamos el futuro econ\u00f3mico de Barcelona y Catalunya una inversi\u00f3n de 1.700 millones y m\u00e1s de 300 mil empleos directos e indirectos\u201d.<\/strong><\/p>\n<p><span style=\"color: #c1002b;\"><strong>Recuperar la normalidad: \u201cDialoguen. No se cansen de dialogar\u201d<\/strong><\/span><\/p>\n<p>S\u00e1nchez Llibre apel\u00f3 a la normalidad pol\u00edtica entre los Gobiernos de Espa\u00f1a y Catalu\u00f1a. As\u00ed fue su petici\u00f3n: \u201ces muy necesario que vuelva la normalidad pol\u00edtica en las relaciones entre los gobiernos de Catalunya y Espa\u00f1a. Ustedes tienen la responsabilidad pol\u00edtica y los instrumentos necesarios para resolver la situaci\u00f3n. Dialoguen. No se cansen de dialogar\u201d, a\u00f1adi\u00f3.<\/p>\n<p>El presidente de la Generalitat, Pere Aragon\u00e8s, enumer\u00f3 las cuatro transformaciones que contempla implementar a lo largo de su mandato: la transformaci\u00f3n social y econ\u00f3mica, la transformaci\u00f3n verde, la feminista y la transformaci\u00f3n democr\u00e1tica. En este \u00faltimo punto, inst\u00f3 a superar el bloqueo afrontando \u201cla amnist\u00eda y el derecho a la autodeterminaci\u00f3n\u201d<\/p>\n<p>Por su parte el presidente del gobierno espa\u00f1ol, Pedro S\u00e1nchez, mostr\u00f3 el compromiso de su gobierno \u201cpor la concordia y el reencuentro como arma de progreso\u201d dejando atr\u00e1s \u201cescenarios de crisis y enfrentamiento\u201d y abandonando \u201cposturas maximalistas\u201d.<\/p>\n<p>El primer teniente de Alcalde del Ayuntamiento de Barcelona, Jaume Collboni, -que elogi\u00f3 a Javier God\u00f3 y su perfil esencial como hombre de la econom\u00eda y la cultura- pidi\u00f3 \u201cestabilidad pol\u00edtica y capacidad de pacto.<\/p>\n<p><span style=\"color: #c1002b;\"><strong>Javier God\u00f3, la cuarta generaci\u00f3n de una empresa familiar<\/strong><\/span><\/p>\n<p>S\u00e1nchez Llibre explic\u00f3 durante su intervenci\u00f3n que el Grupo God\u00f3 \u201cencarna muchos de los valores que desde siempre ha defendido Foment: vocaci\u00f3n empresarial de la familia God\u00f3, al frente del grupo, con la cultura del esfuerzo para sobreponerse a las dificultades a lo largo de sus 140 a\u00f1os\u201d.<\/p>\n<p>Adem\u00e1s de familiares, amigos y empresarios destac\u00f3 la presencia en el acto de cinco directores de La Vanguardia nombrados por \u00e9l mismo: el actual director director, Jordi Juan, y sus predecedores: M\u00e0rius Carols, Jos\u00e9 Antich, Joan T\u00e0pia y Llu\u00eds Foix. \u201cLa elecci\u00f3n del director es la m\u00e1s importante de un editor\u201d, dijo Javier God\u00f3.\u00a0 Llu\u00eds Foix fue el encargado de pronunciar la laudatio de Javier God\u00f3. \u201cEl editor Javier God\u00f3 ha conservado y fortalecido la marca y mantiene sus se\u00f1as de identidad. El adn de La Vanguardia es catal\u00e1n, con proyecci\u00f3n espa\u00f1ola y europea. La Vanguardia ha permitido que habl\u00e1ramos libremente entre nosotros\u201d, dijo Foix.<\/p>\n<p>Javier Godo destac\u00f3 que La Vanguardia mantiene sus principios desde hace d\u00e9cadas: un peri\u00f3dico liberal y democr\u00e1tico que con arreglo a su conciencia juzga los hechos y trabaja por el inter\u00e9s general y p\u00fablico.<\/p>\n<p><span style=\"color: #c1002b;\"><strong>Sobre el aniversario de Foment del Treball<\/strong><\/span><\/p>\n<p>Foment del Treball cumple 250 a\u00f1os y su presidente, Josep S\u00e1nchez Llibre, quiso destacar que \u201cno hay progreso econ\u00f3mico sin cohesi\u00f3n social, de ah\u00ed el nombre de nuestra entidad, que agrupa, a trav\u00e9s de nuestras 295 organizaciones territoriales y de las 85 sectoriales a un universo de 250.000 empresas, la mayor parte peque\u00f1as y medianas, que es la realidad del tejido empresarial catal\u00e1n. Las patronales no persiguen la defensa solo del beneficio del negocio, persiguen una sociedad que progrese en todos las \u00f3rdenes y cohesionada socialmente\u201d. Se trata del primer evento de un programa conmemorativo de los dos\u00a0 siglos y medio de historia de Foment del Treball.<\/p>\n<p>Cabe destacar que este acto y toda la actividad que se desarrollar\u00e1 en el marco del 250 aniversario de Foment del Treball, cuenta con el apoyo de <strong>Grant Thornton, Glovo y Naturgy<\/strong>.[\/vc_column_text]<div class=\"video-embed  wpb_content_element\"><iframe title=\"Acte de condecoraci\u00f3 a l\u2019editor Javier God\u00f3 en el 250 aniversari de Foment\" width=\"1161\" height=\"653\" src=\"https:\/\/www.youtube.com\/embed\/3C0Mj9Cug-I?feature=oembed\" frameborder=\"0\" allow=\"accelerometer; autoplay; clipboard-write; encrypted-media; gyroscope; picture-in-picture; web-share\" referrerpolicy=\"strict-origin-when-cross-origin\" allowfullscreen><\/iframe><\/div><div class=\"flexslider wpb_content_element\"><ul class=\"slides\"><li><img src=\"https:\/\/www.foment.com\/wp-content\/uploads\/2021\/06\/MPL3772s-scaled-1.jpg\" alt=\"\" \/><\/li><li><img src=\"https:\/\/www.foment.com\/wp-content\/uploads\/2021\/06\/MPL4017s-scaled-1.jpg\" alt=\"\" \/><\/li><li><img src=\"https:\/\/www.foment.com\/wp-content\/uploads\/2021\/06\/MPL4013s-scaled-1.jpg\" alt=\"\" \/><\/li><li><img src=\"https:\/\/www.foment.com\/wp-content\/uploads\/2021\/06\/MPL3850s-scaled-1.jpg\" alt=\"\" \/><\/li><li><img src=\"https:\/\/www.foment.com\/wp-content\/uploads\/2021\/06\/MPL4146s-scaled-1.jpg\" alt=\"\" \/><\/li><li><img src=\"https:\/\/www.foment.com\/wp-content\/uploads\/2021\/06\/MPL4185s-scaled-1.jpg\" alt=\"\" \/><\/li><li><img src=\"https:\/\/www.foment.com\/wp-content\/uploads\/2021\/06\/MPL4109s-scaled-1.jpg\" alt=\"\" \/><\/li><li><img src=\"https:\/\/www.foment.com\/wp-content\/uploads\/2021\/06\/210607MPmedallaFoment_MPL4044s-scaled-1.jpg\" alt=\"\" \/><\/li><li><img src=\"https:\/\/www.foment.com\/wp-content\/uploads\/2021\/06\/210607MPmedallaFoment_MPL4079s-scaled-1.jpg\" alt=\"\" \/><\/li><li><img src=\"https:\/\/www.foment.com\/wp-content\/uploads\/2021\/06\/210607MPmedallaFoment_MPL4003s-scaled-1.jpg\" alt=\"\" \/><\/li><li><img src=\"https:\/\/www.foment.com\/wp-content\/uploads\/2021\/06\/210607MPmedallaFoment_MPL4035s-scaled-1.jpg\" alt=\"\" \/><\/li><li><img src=\"https:\/\/www.foment.com\/wp-content\/uploads\/2021\/06\/MPL3737s-scaled-1.jpg\" alt=\"\" \/><\/li><li><img src=\"https:\/\/www.foment.com\/wp-content\/uploads\/2021\/06\/MPL3580s-scaled-1.jpg\" alt=\"\" \/><\/li><li><img src=\"https:\/\/www.foment.com\/wp-content\/uploads\/2021\/06\/MPL4319s-scaled-1.jpg\" alt=\"\" \/><\/li><\/ul><\/div>[\/vc_column][\/vc_row]<\/p>\n<\/section>","protected":false},"excerpt":{"rendered":"<p>[vc_row][vc_column][vc_column_text] El presidente de la Generalitat, Pere Aragon\u00e8s, prioriza las cuatro transformaciones que proyecta en su mandato: la social y econ\u00f3mica, la verde, la feminista y la democr\u00e1tica. El presidente del gobierno espa\u00f1ol, Pedro S\u00e1nchez, afirma que el Gobierno de Espa\u00f1a abordar\u00e1 \u201cla concordia y el reencuentro\u201d y propone dejar atr\u00e1s \u201cescenarios de crisis y enfrentamientos\u201d. El presidente del Gobierno, Pedro S\u00e1nchez, y el presidente de Foment del Treball, Josep S\u00e1nchez Llibre, entregaron hoy la Medalla de Honor conmemorativa del 250 aniversario de la gran patronal catalana al editor y presidente del Grupo God\u00f3, Javier God\u00f3, en reconocimiento a su trayectoria empresarial al frente del grupo de medios de comunicaci\u00f3n, titular, entre otras, de la hist\u00f3rica e influyente cabecera del rotativo La Vanguardia, que este a\u00f1o celebra su 140 aniversario. En un acto en el que coincidieron el presidente del Gobierno de Espa\u00f1a, Pedro S\u00e1nchez, y el de la Generalitat de Catalunya, Pere Aragon\u00e8s, se apel\u00f3 en reiteradas ocasiones a recuperar la normalidad pol\u00edtica. Y el presidente de Foment, Josep S\u00e1nchez Llibre, propuso para ello dos grandes acuerdos: presentar la candidatura de los Juegos Ol\u00edmpicos de Invierno Barcelona\/Pirineo para el a\u00f1o 2030 y la ampliaci\u00f3n del aeropuerto Barcelona-El Prat. S\u00e1nchez [&hellip;]<\/p>\n","protected":false},"author":1,"featured_media":120638,"comment_status":"closed","ping_status":"closed","sticky":false,"template":"","format":"standard","meta":{"_links_to":"","_links_to_target":""},"categories":[114,68],"tags":[4344],"acf":[],"wps_subtitle":"El editor Javier God\u00f3, galardonado con la Medalla de Honor de los 250 a\u00f1os de Foment del Treball, en un acto con la presencia de los presidentes del Gobierno de Espa\u00f1a, Pedro S\u00e1nchez, y de la Generalitat de Catalunya, Pere Aragon\u00e8s","_links":{"self":[{"href":"https:\/\/www.foment.com\/es\/wp-json\/wp\/v2\/posts\/120651"}],"collection":[{"href":"https:\/\/www.foment.com\/es\/wp-json\/wp\/v2\/posts"}],"about":[{"href":"https:\/\/www.foment.com\/es\/wp-json\/wp\/v2\/types\/post"}],"author":[{"embeddable":true,"href":"https:\/\/www.foment.com\/es\/wp-json\/wp\/v2\/users\/1"}],"replies":[{"embeddable":true,"href":"https:\/\/www.foment.com\/es\/wp-json\/wp\/v2\/comments?post=120651"}],"version-history":[{"count":1,"href":"https:\/\/www.foment.com\/es\/wp-json\/wp\/v2\/posts\/120651\/revisions"}],"predecessor-version":[{"id":126154,"href":"https:\/\/www.foment.com\/es\/wp-json\/wp\/v2\/posts\/120651\/revisions\/126154"}],"wp:featuredmedia":[{"embeddable":true,"href":"https:\/\/www.foment.com\/es\/wp-json\/wp\/v2\/media\/120638"}],"wp:attachment":[{"href":"https:\/\/www.foment.com\/es\/wp-json\/wp\/v2\/media?parent=120651"}],"wp:term":[{"taxonomy":"category","embeddable":true,"href":"https:\/\/www.foment.com\/es\/wp-json\/wp\/v2\/categories?post=120651"},{"taxonomy":"post_tag","embeddable":true,"href":"https:\/\/www.foment.com\/es\/wp-json\/wp\/v2\/tags?post=120651"}],"curies":[{"name":"wp","href":"https:\/\/api.w.org\/{rel}","templated":true}]}}