{"id":120964,"date":"2021-06-11T11:49:54","date_gmt":"2021-06-11T09:49:54","guid":{"rendered":"https:\/\/www.foment.com\/2021-mantindra-sense-grans-presions-inflacionaries\/"},"modified":"2021-09-12T18:39:42","modified_gmt":"2021-09-12T16:39:42","slug":"2021-mantendra-sin-grandes-presiones-inflacionarias","status":"publish","type":"post","link":"https:\/\/www.foment.com\/es\/2021-mantendra-sin-grandes-presiones-inflacionarias\/","title":{"rendered":"Foment considera que el 2021 se mantendr\u00e1 sin grandes presions inflacionarias"},"content":{"rendered":"<section class=\"wpb-content-wrapper\"><p>[vc_row][vc_column][vc_column_text]<\/p>\n<ul>\n<li><strong>M\u00e1xima divergencia entre la inflaci\u00f3n general y la subyacente.<\/strong><\/li>\n<li><strong>Incremento de la inflaci\u00f3n general al 2,7% y ligero aumento de la subyacente al 0,2%.<\/strong><\/li>\n<\/ul>\n<p><strong>\u00a0<\/strong>El IPC vuelve a subir en mayo, con una variaci\u00f3n anual de 2,7% (2,6% en Catalu\u00f1a), cinco d\u00e9cimas superior a la registrada en abril, y la m\u00e1s elevada desde febrero de 2017. La variaci\u00f3n mensual, es decir, de mayo respecto a abril, es de 0,5%, un ritmo de aumento menor que el de los meses de abril y marzo.<\/p>\n<p>Destaca, como principal influencia al alza en la variaci\u00f3n anual, el incremento de los precios del transporte por la subida de los precios de carburantes y lubricantes para transporte personal, frente a la disminuci\u00f3n del mes de mayo de 2020. Tambi\u00e9n influyeron los precios de ocio y cultura, alimentos y bebidas no alcoh\u00f3licas y vivienda.<\/p>\n<p>Por otra parte, la inflaci\u00f3n subyacente (\u00edndice general sin alimentos no elaborados ni productos energ\u00e9ticos) aument\u00f3 dos d\u00e9cimas hasta el 0,2% en mayo, situ\u00e1ndose dos puntos y medio por debajo del \u00edndice general.<\/p>\n<p>Seg\u00fan el INE \u201c<em>es la mayor diferencia entre el \u00edndice general y la subyacente desde que se comenz\u00f3 a publicar esta \u00faltima, en agosto de 1986<\/em>\u201d.[\/vc_column_text]<div class=\"single_image wpb_content_element align-left    \" data-animation=\"none\" data-delay=\"0\"><img width=\"1434\" height=\"747\" src=\"https:\/\/www.foment.com\/wp-content\/uploads\/2021\/06\/Grafic_IPC.jpg\" class=\"attachment-full\" alt=\"\" loading=\"lazy\" title=\"Grafic_IPC\" srcset=\"https:\/\/www.foment.com\/wp-content\/uploads\/2021\/06\/Grafic_IPC.jpg 1434w, https:\/\/www.foment.com\/wp-content\/uploads\/2021\/06\/Grafic_IPC-300x156.jpg 300w, https:\/\/www.foment.com\/wp-content\/uploads\/2021\/06\/Grafic_IPC-1024x533.jpg 1024w, https:\/\/www.foment.com\/wp-content\/uploads\/2021\/06\/Grafic_IPC-768x400.jpg 768w\" sizes=\"(max-width: 1434px) 100vw, 1434px\" \/><\/div>[vc_column_text]Es importante destacar que, aunque factores temporales y de efecto base afecten la evoluci\u00f3n del IPC este a\u00f1o, se espera que se mantenga un contexto de ausencia de presiones inflacionarias, tal como lo se\u00f1alan los organismos internacionales es sus \u00faltimas previsiones.[\/vc_column_text][\/vc_column][\/vc_row]<\/p>\n<\/section>","protected":false},"excerpt":{"rendered":"<p>[vc_row][vc_column][vc_column_text] M\u00e1xima divergencia entre la inflaci\u00f3n general y la subyacente. Incremento de la inflaci\u00f3n general al 2,7% y ligero aumento de la subyacente al 0,2%. \u00a0El IPC vuelve a subir en mayo, con una variaci\u00f3n anual de 2,7% (2,6% en Catalu\u00f1a), cinco d\u00e9cimas superior a la registrada en abril, y la m\u00e1s elevada desde febrero de 2017. La variaci\u00f3n mensual, es decir, de mayo respecto a abril, es de 0,5%, un ritmo de aumento menor que el de los meses de abril y marzo. Destaca, como principal influencia al alza en la variaci\u00f3n anual, el incremento de los precios del transporte por la subida de los precios de carburantes y lubricantes para transporte personal, frente a la disminuci\u00f3n del mes de mayo de 2020. Tambi\u00e9n influyeron los precios de ocio y cultura, alimentos y bebidas no alcoh\u00f3licas y vivienda. Por otra parte, la inflaci\u00f3n subyacente (\u00edndice general sin alimentos no elaborados ni productos energ\u00e9ticos) aument\u00f3 dos d\u00e9cimas hasta el 0,2% en mayo, situ\u00e1ndose dos puntos y medio por debajo del \u00edndice general. Seg\u00fan el INE \u201ces la mayor diferencia entre el \u00edndice general y la subyacente desde que se comenz\u00f3 a publicar esta \u00faltima, en agosto de 1986\u201d.[\/vc_column_text][vc_column_text]Es importante destacar [&hellip;]<\/p>\n","protected":false},"author":1,"featured_media":120961,"comment_status":"closed","ping_status":"closed","sticky":false,"template":"","format":"standard","meta":{"_links_to":"","_links_to_target":""},"categories":[114,69],"tags":[1088],"acf":[],"wps_subtitle":"El IPC contin\u00faa en ascenso, corrigiendo, en parte, la disminuci\u00f3n del a\u00f1o anterior, derivada de la fuerte ca\u00edda de la demanda agregada en 2020","_links":{"self":[{"href":"https:\/\/www.foment.com\/es\/wp-json\/wp\/v2\/posts\/120964"}],"collection":[{"href":"https:\/\/www.foment.com\/es\/wp-json\/wp\/v2\/posts"}],"about":[{"href":"https:\/\/www.foment.com\/es\/wp-json\/wp\/v2\/types\/post"}],"author":[{"embeddable":true,"href":"https:\/\/www.foment.com\/es\/wp-json\/wp\/v2\/users\/1"}],"replies":[{"embeddable":true,"href":"https:\/\/www.foment.com\/es\/wp-json\/wp\/v2\/comments?post=120964"}],"version-history":[{"count":1,"href":"https:\/\/www.foment.com\/es\/wp-json\/wp\/v2\/posts\/120964\/revisions"}],"predecessor-version":[{"id":126152,"href":"https:\/\/www.foment.com\/es\/wp-json\/wp\/v2\/posts\/120964\/revisions\/126152"}],"wp:featuredmedia":[{"embeddable":true,"href":"https:\/\/www.foment.com\/es\/wp-json\/wp\/v2\/media\/120961"}],"wp:attachment":[{"href":"https:\/\/www.foment.com\/es\/wp-json\/wp\/v2\/media?parent=120964"}],"wp:term":[{"taxonomy":"category","embeddable":true,"href":"https:\/\/www.foment.com\/es\/wp-json\/wp\/v2\/categories?post=120964"},{"taxonomy":"post_tag","embeddable":true,"href":"https:\/\/www.foment.com\/es\/wp-json\/wp\/v2\/tags?post=120964"}],"curies":[{"name":"wp","href":"https:\/\/api.w.org\/{rel}","templated":true}]}}