{"id":122125,"date":"2021-06-19T11:31:08","date_gmt":"2021-06-19T09:31:08","guid":{"rendered":"https:\/\/www.foment.com\/?p=122125"},"modified":"2021-09-12T20:31:32","modified_gmt":"2021-09-12T18:31:32","slug":"jaume-collboni-muestra-gestion-ayuntamiento-barcelona-como-precursor-proyectos-tranformadores","status":"publish","type":"post","link":"https:\/\/www.foment.com\/es\/jaume-collboni-muestra-gestion-ayuntamiento-barcelona-como-precursor-proyectos-tranformadores\/","title":{"rendered":"Jaume Collboni muestra la gesti\u00f3n del Ayuntamiento de Barcelona como precursor de proyectos tranformadores"},"content":{"rendered":"<section class=\"wpb-content-wrapper\"><p>[vc_row][vc_column][vc_column_text]<\/p>\n<ul>\n<li><strong>El primer teniente de Alcalde del Ayuntamiento de Barcelona defiende la colaboraci\u00f3n p\u00fablicoprivada y el consenso institucional, para que los fondos europeos de recuperaci\u00f3n Next Generation UE \u201calcancen al conjunto de la ciudad, a las pimes y a cada rinc\u00f3n\u201d.<\/strong><\/li>\n<li><strong>Pierfrancesco Maran, Consejero de Urbanismo, Ecolog\u00eda y Agricultura del Ayuntamiento de Mil\u00e1n, explica que los proyectos de infraestructuras son los que m\u00e1s inversi\u00f3n privada atraen.<\/strong><\/li>\n<\/ul>\n<p>El primer teniente de Alcalde del Ayuntamiento de Barcelona, <strong>Jaume Collboni<\/strong>, mostr\u00f3 la visi\u00f3n y anticipaci\u00f3n con la que se ha trabajado desde el gobierno municipal para desplegar proyectos transformadores que comenzaron a ejecutarse antes de la pandemia. El plan Barcelona Green Deal, con 700 millones de euros de inversi\u00f3n en promoci\u00f3n de proyectos i 1.800 millones de inversi\u00f3n en obras, convierte al ayuntamiento en el primer inversor p\u00fablico de la ciudad. Barcelona ha impulsado proyectos de colaboraci\u00f3n p\u00fablicoprivada, que se han concretado en 22 proyectos tractores en un total de seis \u00e1reas de desarrollo.<\/p>\n<p>Las ciudades de Barcelona y Mil\u00e1n ocuparon buena parte del primer debate del Foro de Di\u00e1logo Espa\u00f1a-\u00a0 Italia. El evento est\u00e1 organizado conjuntamente por la CEOE, la Societat Barcelonina d&#8217;Estudis Econ\u00f2mics i Socials de Foment del Treball y AREL, la Agencia de Investigaci\u00f3n y Legislaci\u00f3n fundada por Nino Andreatta. Collboni hizo gala de Barcelona como ciudad pionera en proyectos transformadores y mostr\u00f3 su disposici\u00f3n a ayudar al Gobierno para identificarlos, puesto que \u201ctenemos mucho trabajo avanzado\u201d<\/p>\n<p><strong>Onda Expansiva de la transformaci\u00f3n en marcha<\/strong><\/p>\n<p>Jaume Collboni describi\u00f3 la estrategia de la \u201ctransformaci\u00f3n en marcha\u201d de la capital catalana: la colaboraci\u00f3n p\u00fablicoprivada, el consenso institucional y la necesidad de alcanzar a la microeconom\u00eda y el mundo local. A modo de \u201conda expansiva, los fondos deben llegar a las pymes y que el conjunto de la ciudad perciba que la transformaci\u00f3n llega a todos los rincones\u201d.<\/p>\n<p>Collboni explic\u00f3 la capacidad de \u201cescalar y crecer\u201d que tiene\u00a0 el sector digital porque crea empleo neto. Avanz\u00f3 que desde el ayuntamiento de han lanzado dos fondos de inversi\u00f3n p\u00fablicoprivados, al tiempo que se trabaja para promocionar 3000 perfiles profesionales que respondan a las necesidades del nuevo mercado laboral.<\/p>\n<p>Del mismo modo, certific\u00f3 a la c\u00e9ntrica Via Layetana como el nuevo eje econ\u00f3mico del centro de la ciudad en el que se acoger\u00e1n la industria tecnol\u00f3gica vinculada a la movilidad, biotecnolog\u00eda y la digitalizaci\u00f3n.<\/p>\n<p><strong>Milan<\/strong><\/p>\n<p><strong>Pierfrancesco Maran<\/strong>, Consejero de Urbanismo, Ecolog\u00eda y Agricultura del Ayuntamiento de Mil\u00e1n, consider\u00f3 tambi\u00e9n la importancia de la colaboraci\u00f3n p\u00fablicoprivada: \u201cen ciudades como las nuestras, cuando los proyectos no atraen capital privado, quiere decir que no funcionar\u00e1n\u201d. Explico que son los proyectos de infraestructuras los tienen m\u00e1s \u00e9xito la colaboraci\u00f3n del capital p\u00fablico y privado y abog\u00f3 proteger a los trabajadores en los momentos de crecimiento extraordinario.<\/p>\n<p><strong>Foro de Di\u00e1logo<\/strong><\/p>\n<p>Este evento est\u00e1 organizado conjuntamente por la CEOE, la Societat Barcelonina d&#8217;Estudis Econ\u00f2mics i Socials de Foment del Treball y AREL, la Agencia de Investigaci\u00f3n y Legislaci\u00f3n fundada por Nino Andreatta.<\/p>\n<p>Est\u00e1 coordinado por Enrico Letta y Josep Antoni Duran i Lleida y cuenta con el apoyo y patrocinio de los gobiernos de ambos pa\u00edses que, en esta ocasi\u00f3n como en las anteriores, participar\u00e1n en los trabajos con los m\u00e1s altos cargos institucionales.<\/p>\n<p>En el centro del debate de este a\u00f1o estar\u00e1 la UE de la pr\u00f3xima generaci\u00f3n y los planes nacionales de recuperaci\u00f3n de Espa\u00f1a e Italia, con especial atenci\u00f3n a la transici\u00f3n ecol\u00f3gica y digital.<\/p>\n<p>El viernes 18, el primer panel estuvo precedido por las intervenciones de los jefes de gobierno <strong>Mario Draghi<\/strong> y <strong>Pedro S\u00e1nchez<\/strong> y la jornada finaliz\u00f3 con la intervenci\u00f3n de <strong>Paolo Gentiloni<\/strong>, comisario de Asuntos Econ\u00f3micos y Monetarios de la UE. El alto representante <strong>Josep Borrell<\/strong> y el presidente del Parlamento Europeo, <strong>David Maria Sassoli<\/strong>, tomar\u00e1n hoy la palabra. Las intervenciones de los ministros de Exteriores <strong>Arancha Gonz\u00e1lez Laya<\/strong> y <strong>Luigi di Maio<\/strong>\u00a0 clausuraran el Foro de Di\u00e1logo Espa\u00f1a-\u00a0 Italia.[\/vc_column_text][\/vc_column][\/vc_row][vc_row][vc_column width=\u00bb1\/1&#8243;]<div class=\"spacer\" style=\"height: 40px;\"><\/div><div class=\"flexslider wpb_content_element\"><ul class=\"slides\"><li><img src=\"https:\/\/www.foment.com\/wp-content\/uploads\/2021\/06\/photo1624091736.jpeg\" alt=\"\" \/><\/li><li><img src=\"https:\/\/www.foment.com\/wp-content\/uploads\/2021\/06\/photo1624091738-2.jpeg\" alt=\"\" \/><\/li><li><img src=\"https:\/\/www.foment.com\/wp-content\/uploads\/2021\/06\/photo1624091739-1.jpeg\" alt=\"\" \/><\/li><li><img src=\"https:\/\/www.foment.com\/wp-content\/uploads\/2021\/06\/photo1624091743-2.jpeg\" alt=\"\" \/><\/li><li><img src=\"https:\/\/www.foment.com\/wp-content\/uploads\/2021\/06\/photo1624091743.jpeg\" alt=\"\" \/><\/li><li><img src=\"https:\/\/www.foment.com\/wp-content\/uploads\/2021\/06\/photo1624091745-1.jpeg\" alt=\"\" \/><\/li><li><img src=\"https:\/\/www.foment.com\/wp-content\/uploads\/2021\/06\/photo1624093258-1.jpeg\" alt=\"\" \/><\/li><li><img src=\"https:\/\/www.foment.com\/wp-content\/uploads\/2021\/06\/photo1624093258.jpeg\" alt=\"\" \/><\/li><li><img src=\"https:\/\/www.foment.com\/wp-content\/uploads\/2021\/06\/photo1624093261-1.jpeg\" alt=\"\" \/><\/li><li><img src=\"https:\/\/www.foment.com\/wp-content\/uploads\/2021\/06\/photo1624093261.jpeg\" alt=\"\" \/><\/li><li><img src=\"https:\/\/www.foment.com\/wp-content\/uploads\/2021\/06\/photo1624093259-1.jpeg\" alt=\"\" \/><\/li><li><img src=\"https:\/\/www.foment.com\/wp-content\/uploads\/2021\/06\/photo1624093259-2.jpeg\" alt=\"\" \/><\/li><li><img src=\"https:\/\/www.foment.com\/wp-content\/uploads\/2021\/06\/photo1624093264-1-1.jpeg\" alt=\"\" \/><\/li><li><img src=\"https:\/\/www.foment.com\/wp-content\/uploads\/2021\/06\/photo1624093260.jpeg\" alt=\"\" \/><\/li><li><img src=\"https:\/\/www.foment.com\/wp-content\/uploads\/2021\/06\/photo1624093264-2.jpeg\" alt=\"\" \/><\/li><\/ul><\/div>[\/vc_column][\/vc_row]<\/p>\n<\/section>","protected":false},"excerpt":{"rendered":"<p>[vc_row][vc_column][vc_column_text] El primer teniente de Alcalde del Ayuntamiento de Barcelona defiende la colaboraci\u00f3n p\u00fablicoprivada y el consenso institucional, para que los fondos europeos de recuperaci\u00f3n Next Generation UE \u201calcancen al conjunto de la ciudad, a las pimes y a cada rinc\u00f3n\u201d. Pierfrancesco Maran, Consejero de Urbanismo, Ecolog\u00eda y Agricultura del Ayuntamiento de Mil\u00e1n, explica que los proyectos de infraestructuras son los que m\u00e1s inversi\u00f3n privada atraen. El primer teniente de Alcalde del Ayuntamiento de Barcelona, Jaume Collboni, mostr\u00f3 la visi\u00f3n y anticipaci\u00f3n con la que se ha trabajado desde el gobierno municipal para desplegar proyectos transformadores que comenzaron a ejecutarse antes de la pandemia. El plan Barcelona Green Deal, con 700 millones de euros de inversi\u00f3n en promoci\u00f3n de proyectos i 1.800 millones de inversi\u00f3n en obras, convierte al ayuntamiento en el primer inversor p\u00fablico de la ciudad. Barcelona ha impulsado proyectos de colaboraci\u00f3n p\u00fablicoprivada, que se han concretado en 22 proyectos tractores en un total de seis \u00e1reas de desarrollo. Las ciudades de Barcelona y Mil\u00e1n ocuparon buena parte del primer debate del Foro de Di\u00e1logo Espa\u00f1a-\u00a0 Italia. El evento est\u00e1 organizado conjuntamente por la CEOE, la Societat Barcelonina d&#8217;Estudis Econ\u00f2mics i Socials de Foment del Treball y AREL, [&hellip;]<\/p>\n","protected":false},"author":1,"featured_media":122167,"comment_status":"closed","ping_status":"closed","sticky":false,"template":"","format":"standard","meta":{"_links_to":"","_links_to_target":""},"categories":[114,68],"tags":[1484],"acf":[],"wps_subtitle":"Barcelona y Mil\u00e1n, las grandes urbes que analiza la 18\u00aa edici\u00f3n del Foro de Di\u00e1logo Italia-Espa\u00f1a","_links":{"self":[{"href":"https:\/\/www.foment.com\/es\/wp-json\/wp\/v2\/posts\/122125"}],"collection":[{"href":"https:\/\/www.foment.com\/es\/wp-json\/wp\/v2\/posts"}],"about":[{"href":"https:\/\/www.foment.com\/es\/wp-json\/wp\/v2\/types\/post"}],"author":[{"embeddable":true,"href":"https:\/\/www.foment.com\/es\/wp-json\/wp\/v2\/users\/1"}],"replies":[{"embeddable":true,"href":"https:\/\/www.foment.com\/es\/wp-json\/wp\/v2\/comments?post=122125"}],"version-history":[{"count":1,"href":"https:\/\/www.foment.com\/es\/wp-json\/wp\/v2\/posts\/122125\/revisions"}],"predecessor-version":[{"id":126234,"href":"https:\/\/www.foment.com\/es\/wp-json\/wp\/v2\/posts\/122125\/revisions\/126234"}],"wp:featuredmedia":[{"embeddable":true,"href":"https:\/\/www.foment.com\/es\/wp-json\/wp\/v2\/media\/122167"}],"wp:attachment":[{"href":"https:\/\/www.foment.com\/es\/wp-json\/wp\/v2\/media?parent=122125"}],"wp:term":[{"taxonomy":"category","embeddable":true,"href":"https:\/\/www.foment.com\/es\/wp-json\/wp\/v2\/categories?post=122125"},{"taxonomy":"post_tag","embeddable":true,"href":"https:\/\/www.foment.com\/es\/wp-json\/wp\/v2\/tags?post=122125"}],"curies":[{"name":"wp","href":"https:\/\/api.w.org\/{rel}","templated":true}]}}