{"id":122481,"date":"2021-06-21T18:20:04","date_gmt":"2021-06-21T16:20:04","guid":{"rendered":"https:\/\/www.foment.com\/academia-europea-leadership-formar-joves-lideratge-politic-economic-socials-xxi\/"},"modified":"2021-09-12T18:30:07","modified_gmt":"2021-09-12T16:30:07","slug":"academia-europea-leadership-formar-jovenes-liderazgo-politico-economico-social-xxi","status":"publish","type":"post","link":"https:\/\/www.foment.com\/es\/academia-europea-leadership-formar-jovenes-liderazgo-politico-economico-social-xxi\/","title":{"rendered":"El pr\u00f3ximo 17 de septiembre arrancar\u00e1 en Barcelona la Academia Europea Leadership para formar j\u00f3venes en liderazgo pol\u00edtico, econ\u00f3mico y social del S. XXI"},"content":{"rendered":"<section class=\"wpb-content-wrapper\"><p>[vc_row][vc_column][vc_column_text]<\/p>\n<ul>\n<li><strong>El presidente de la Academia, Josep A. Duran y Lleida, subraya que \u201cqueremos dar nuevas oportunidades a j\u00f3venes de talento -entre 21 y 30 a\u00f1os- que no pueden acceder a los cursos de las escuelas m\u00e1s prestigiosas por motivos econ\u00f3micos\u201d.<\/strong><\/li>\n<li><strong>El presidente de la Sociedad Barcelonesa de Estudios Econ\u00f3micos y Sociales, Josep S\u00e1nchez Llibre, afirma que \u201cning\u00fan joven de talento se tiene que quedar atr\u00e1s por problemas econ\u00f3micos\u201d.<\/strong><\/li>\n<li><strong>Incluir\u00e1, entre otras materias, la ciberseguridad, la geopol\u00edtica y la sostenibilidad.<\/strong><\/li>\n<li><strong>La clase inaugural la impartir\u00e1 la ministra de Asuntos exteriores, Arancha Gonz\u00e1lez Laya.<\/strong><\/li>\n<\/ul>\n<p><a href=\"https:\/\/www.aeleadership.eu\/\">L\u2019Academia \u00a0Europea Leadership (AEL)<\/a>\u00a0tiene como finalidad, de entrada, impartir cada a\u00f1o un programa de liderazgo para el Siglo XXI. Est\u00e1 dirigido a j\u00f3venes de entre 21 y 30 a\u00f1os -buscando la paridad- de caracter\u00edsticas personales y profesionales variadas, estudiantes y trabajadores que no tengan que renunciar, pero, a su actividad.<\/p>\n<p>El presidente de la Academia, Josep A Duran y Lleida, ha remarcado que \u201cqueremos dar nuevas oportunidades a j\u00f3venes que no pueden acceder a los cursos de las escuelas m\u00e1s prestigiosas por motivos econ\u00f3micos. Queremos que la Academia Europea Leadership les comporte un punto de inflexi\u00f3n en su formaci\u00f3n y en su vida profesional\u201d. La AEL -a\u00f1ade Duran- quiere contribuir a combatir la desigualdad, dando oportunidades a j\u00f3venes de talento sin recursos econ\u00f3micos\u201d.<\/p>\n<p>El presidente de\u00a0 la Sociedad Barcelonesa de Estudios Econ\u00f3micos y Sociales, Josep S\u00e1nchez Llibre, ha dicho que \u201cning\u00fan joven de talento se tiene que quedar atr\u00e1s por problemas econ\u00f3micos. Esta iniciativa de la AEL incorpora esta importante dimensi\u00f3n social. Los liderazgos del S. XXI no pueden depender de la capacidad econ\u00f3mica, sino del talento, de los m\u00e9ritos personales y profesionales\u201d.<\/p>\n<p>Para facilitar el acceso de este j\u00f3venes, \u00a0se ofrecer\u00e1 un sistema de becas, adem\u00e1s de una matr\u00edcula simb\u00f3lica de 250 euros. Las clases tendr\u00e1n lugar en la sede de Foment del Treball a partir de un convenio con la Sociedad Barcelonesa de Estudios Econ\u00f3micos y Sociales -que cede sin coste sus aulas- y el profesorado impartir\u00e1 las clases sin ninguna retribuci\u00f3n.<\/p>\n<p>La Academia pretende contribuir a la formaci\u00f3n de l\u00edderes, no solo pol\u00edticos, sino de todos los \u00e1mbitos sociales y econ\u00f3micos. Duran y Lleida ha se\u00f1alado que \u201clos dirigentes del futuro tienen que ser formados de manera diferente a c\u00f3mo lo han estado anteriormente. Hay retos de futuro como la ciberseguridad -incluida entre las materias- que era impensable hace un tiempo que se tratara. Un dirigente pol\u00edtico, empresarial, sindical o social tiene que conocer el impacto de la ciberseguridad en la sociedad actual y en el mundo empresarial. Y quien dice la ciberseguridad, tambi\u00e9n, la geopol\u00edtica y la sostenibilidad\u201d.<\/p>\n<p>La Academia Europea Leadership forma parte de una red de escuelas con las que har\u00e1 actividades conjuntas como la Scuola de Politique de Italia o la Academie Notre Europe del Instituto Jacques Delors de Par\u00eds.\u00a0 \u201cTiene un marcado car\u00e1cter europe\u00edsta -destaca Duran y Lleida- con la convicci\u00f3n que, en los valores de la construcci\u00f3n europea, hay la mejor respuesta a todo tipo de populismo, la lacra del presente y de los pr\u00f3ximos tiempos\u201d.<\/p>\n<p>Enrico Letta presidir\u00e1 la Comisi\u00f3n de Admisiones, integrada, tambi\u00e9n, por \u00a0el empresario Joan Rosell, expresidente de Foment y de la CEOE, y por Pilar Fern\u00e1ndez Bozal, decana de la Facultad de Derecho de la Universidad Internacional de Catalu\u00f1a.<\/p>\n<p>El programa incluir\u00e1 nueve m\u00f3dulos: Uni\u00f3n Europea y relaciones internacionales, Instituciones, Desarrollo Sostenible, Econom\u00eda Social de Mercado, Tecnolog\u00eda e Innovaci\u00f3n, Comercio Internacional, Comunicaci\u00f3n, Liderazgo y la Cultura en la era digital.<\/p>\n<p>La inauguraci\u00f3n del programa tendr\u00e1 lugar el d\u00eda 17 de septiembre y la primera clase inaugural la impartir\u00e1 la ministra de Asuntos exteriores, Arancha Gonz\u00e1lez Laya, sobre los principales retos de la pol\u00edtica exterior espa\u00f1ola.<\/p>\n<p>En total en este curso de liderazgo se desarrollar\u00e1n entre 85 y 90 clases, di\u00e1logos, conferencias y coloquios. \u00a0Entre los docentes -tantos como sesiones- habr\u00e1 profesores universitarios, profesionales liberales, empresarios, periodistas, profesionales de la demoscopia y cargos y excargos institucionales tanto del pa\u00eds como del extranjero.[\/vc_column_text]<div class=\"flexslider wpb_content_element\"><ul class=\"slides\"><li><img src=\"https:\/\/www.foment.com\/wp-content\/uploads\/2021\/06\/DSC_0400-scaled-1.jpg\" alt=\"\" \/><\/li><li><img src=\"https:\/\/www.foment.com\/wp-content\/uploads\/2021\/06\/DSC_0340-scaled-1.jpg\" alt=\"\" \/><\/li><li><img src=\"https:\/\/www.foment.com\/wp-content\/uploads\/2021\/06\/DSC_0331-scaled-1.jpg\" alt=\"\" \/><\/li><li><img src=\"https:\/\/www.foment.com\/wp-content\/uploads\/2021\/06\/DSC_0394-scaled-1.jpg\" alt=\"\" \/><\/li><li><img src=\"https:\/\/www.foment.com\/wp-content\/uploads\/2021\/06\/DSC_0376-scaled-1.jpg\" alt=\"\" \/><\/li><li><img src=\"https:\/\/www.foment.com\/wp-content\/uploads\/2021\/06\/DSC_0392-scaled-1.jpg\" alt=\"\" \/><\/li><li><img src=\"https:\/\/www.foment.com\/wp-content\/uploads\/2021\/06\/DSC_0370-scaled-1.jpg\" alt=\"\" \/><\/li><li><img src=\"https:\/\/www.foment.com\/wp-content\/uploads\/2021\/06\/DSC_0381-scaled-1.jpg\" alt=\"\" \/><\/li><li><img src=\"https:\/\/www.foment.com\/wp-content\/uploads\/2021\/06\/DSC_0369-scaled-1.jpg\" alt=\"\" \/><\/li><li><img src=\"https:\/\/www.foment.com\/wp-content\/uploads\/2021\/06\/DSC_0365-scaled-1.jpg\" alt=\"\" \/><\/li><li><img src=\"https:\/\/www.foment.com\/wp-content\/uploads\/2021\/06\/DSC_0367-scaled-1.jpg\" alt=\"\" \/><\/li><li><img src=\"https:\/\/www.foment.com\/wp-content\/uploads\/2021\/06\/DSC_0351-scaled-1.jpg\" alt=\"\" \/><\/li><li><img src=\"https:\/\/www.foment.com\/wp-content\/uploads\/2021\/06\/DSC_0347-scaled-1.jpg\" alt=\"\" \/><\/li><li><img src=\"https:\/\/www.foment.com\/wp-content\/uploads\/2021\/06\/DSC_0349-scaled-1.jpg\" alt=\"\" \/><\/li><li><img src=\"https:\/\/www.foment.com\/wp-content\/uploads\/2021\/06\/DSC_0332-scaled-1.jpg\" alt=\"\" \/><\/li><\/ul><\/div>[\/vc_column][\/vc_row]<\/p>\n<\/section>","protected":false},"excerpt":{"rendered":"<p>[vc_row][vc_column][vc_column_text] El presidente de la Academia, Josep A. Duran y Lleida, subraya que \u201cqueremos dar nuevas oportunidades a j\u00f3venes de talento -entre 21 y 30 a\u00f1os- que no pueden acceder a los cursos de las escuelas m\u00e1s prestigiosas por motivos econ\u00f3micos\u201d. El presidente de la Sociedad Barcelonesa de Estudios Econ\u00f3micos y Sociales, Josep S\u00e1nchez Llibre, afirma que \u201cning\u00fan joven de talento se tiene que quedar atr\u00e1s por problemas econ\u00f3micos\u201d. Incluir\u00e1, entre otras materias, la ciberseguridad, la geopol\u00edtica y la sostenibilidad. La clase inaugural la impartir\u00e1 la ministra de Asuntos exteriores, Arancha Gonz\u00e1lez Laya. L\u2019Academia \u00a0Europea Leadership (AEL)\u00a0tiene como finalidad, de entrada, impartir cada a\u00f1o un programa de liderazgo para el Siglo XXI. Est\u00e1 dirigido a j\u00f3venes de entre 21 y 30 a\u00f1os -buscando la paridad- de caracter\u00edsticas personales y profesionales variadas, estudiantes y trabajadores que no tengan que renunciar, pero, a su actividad. El presidente de la Academia, Josep A Duran y Lleida, ha remarcado que \u201cqueremos dar nuevas oportunidades a j\u00f3venes que no pueden acceder a los cursos de las escuelas m\u00e1s prestigiosas por motivos econ\u00f3micos. Queremos que la Academia Europea Leadership les comporte un punto de inflexi\u00f3n en su formaci\u00f3n y en su vida profesional\u201d. La AEL -a\u00f1ade [&hellip;]<\/p>\n","protected":false},"author":1,"featured_media":122461,"comment_status":"closed","ping_status":"closed","sticky":false,"template":"","format":"standard","meta":{"_links_to":"","_links_to_target":""},"categories":[114,68],"tags":[],"acf":[],"wps_subtitle":"Con un marcado car\u00e1cter europe\u00edsta, la AEL parte de la convicci\u00f3n que en los valores de la construcci\u00f3n europea hay la mejor respuesta a la lacra del populismo","_links":{"self":[{"href":"https:\/\/www.foment.com\/es\/wp-json\/wp\/v2\/posts\/122481"}],"collection":[{"href":"https:\/\/www.foment.com\/es\/wp-json\/wp\/v2\/posts"}],"about":[{"href":"https:\/\/www.foment.com\/es\/wp-json\/wp\/v2\/types\/post"}],"author":[{"embeddable":true,"href":"https:\/\/www.foment.com\/es\/wp-json\/wp\/v2\/users\/1"}],"replies":[{"embeddable":true,"href":"https:\/\/www.foment.com\/es\/wp-json\/wp\/v2\/comments?post=122481"}],"version-history":[{"count":1,"href":"https:\/\/www.foment.com\/es\/wp-json\/wp\/v2\/posts\/122481\/revisions"}],"predecessor-version":[{"id":126145,"href":"https:\/\/www.foment.com\/es\/wp-json\/wp\/v2\/posts\/122481\/revisions\/126145"}],"wp:featuredmedia":[{"embeddable":true,"href":"https:\/\/www.foment.com\/es\/wp-json\/wp\/v2\/media\/122461"}],"wp:attachment":[{"href":"https:\/\/www.foment.com\/es\/wp-json\/wp\/v2\/media?parent=122481"}],"wp:term":[{"taxonomy":"category","embeddable":true,"href":"https:\/\/www.foment.com\/es\/wp-json\/wp\/v2\/categories?post=122481"},{"taxonomy":"post_tag","embeddable":true,"href":"https:\/\/www.foment.com\/es\/wp-json\/wp\/v2\/tags?post=122481"}],"curies":[{"name":"wp","href":"https:\/\/api.w.org\/{rel}","templated":true}]}}