{"id":124252,"date":"2021-07-19T14:04:16","date_gmt":"2021-07-19T12:04:16","guid":{"rendered":"https:\/\/www.foment.com\/jose-ma-gay-de-liebana-entusiame-i-empatia-docent\/"},"modified":"2021-09-12T18:17:28","modified_gmt":"2021-09-12T16:17:28","slug":"gay-de-liebana-entusiamo-y-empatia-docente","status":"publish","type":"post","link":"https:\/\/www.foment.com\/es\/gay-de-liebana-entusiamo-y-empatia-docente\/","title":{"rendered":"Jos\u00e9 Ma. Gay de Li\u00e9bana, entusiamo y empat\u00eda docente"},"content":{"rendered":"<p>Su arrolladora personalidad hizo de Jos\u00e9 M\u00aa Gay de Li\u00e9bana una persona querida y respetada. Compart\u00eda con Jos\u00e9 M\u00aa muchas cosas, entre ellas nuestra condici\u00f3n de \u201cPeriquitos\u201d. Quiero recordar que Jos\u00e9 M\u00aa fue miembro de la Junta Directiva del RCD Espanyol de Barcelona cuando lo presid\u00eda mi hermano Dani S\u00e1nchez Llibre. La condici\u00f3n de \u201cPeriquito\u201d une, \u00a1es un Club para convencidos!<\/p>\n<p>Lo que ha hecho de Gay de Li\u00e9bana una persona querida es su facilidad para divulgar los complejos entresijos de la econom\u00eda. Sus innumerables intervenciones en radio y televisi\u00f3n hac\u00edan posible que la \u201cse\u00f1ora mar\u00eda\u201d entendiera la realidad de nuestra coyuntura econ\u00f3mica.<\/p>\n<p>No es f\u00e1cil explicar con sencillez de forma comprensiva la realidad de la econom\u00eda, pero su entusiasmo, claridad en la exposici\u00f3n y simpat\u00eda natural hacia comprensible para profanos tanta complejidad.<\/p>\n<p>Me comentaba un compa\u00f1ero suyo de la Universidad de Barcelona que Gay de Li\u00e9bana era capaz de hablar dos horas seguidas manteniendo la total atenci\u00f3n de sus alumnos. Su potencia docente ha sido probablemente su caracter\u00edstica personal m\u00e1s destacable. La vocaci\u00f3n unida a su entusiasmo ha hecho posible la comprensi\u00f3n de cuestiones econ\u00f3micas a todos cuantos hayan querido escucharle.<\/p>\n<p>Personalmente, y como Presidente de Foment del Treball le agradec\u00ed mucho que quisiera formar parte del Instituto de Estudios Estrat\u00e9gicos, el Think Tank de Foment, donde sus aportaciones a nuestro primer documento, importante documento a mi juicio, fueron de gran val\u00eda. Le agradec\u00ed mucho, tambi\u00e9n, que fuera mi tutor para ingresar en la Academia Europea de Doctores, que la pandemia ha ido retrasando.<\/p>\n<p>Se nos ha ido una buena persona, buen amigo de muchos, a quienes dirigi\u00f3 muchos de sus entra\u00f1ables \u201cabrazos virtuales\u201d.<\/p>\n<p>Espa\u00f1a pierde un gran economista y Foment un generoso colaborador.<\/p>\n<p>El mejor docente emp\u00e1tico que he conocido<\/p>\n<p>Descanse en paz.<\/p>\n<p>Josep S\u00e1nchez Llibre<br \/>\nPresident de Foment<\/p>\n","protected":false},"excerpt":{"rendered":"<p>Su arrolladora personalidad hizo de Jos\u00e9 M\u00aa Gay de Li\u00e9bana una persona querida y respetada. Compart\u00eda con Jos\u00e9 M\u00aa muchas cosas, entre ellas nuestra condici\u00f3n de \u201cPeriquitos\u201d. Quiero recordar que Jos\u00e9 M\u00aa fue miembro de la Junta Directiva del RCD Espanyol de Barcelona cuando lo presid\u00eda mi hermano Dani S\u00e1nchez Llibre. La condici\u00f3n de \u201cPeriquito\u201d une, \u00a1es un Club para convencidos! Lo que ha hecho de Gay de Li\u00e9bana una persona querida es su facilidad para divulgar los complejos entresijos de la econom\u00eda. Sus innumerables intervenciones en radio y televisi\u00f3n hac\u00edan posible que la \u201cse\u00f1ora mar\u00eda\u201d entendiera la realidad de nuestra coyuntura econ\u00f3mica. No es f\u00e1cil explicar con sencillez de forma comprensiva la realidad de la econom\u00eda, pero su entusiasmo, claridad en la exposici\u00f3n y simpat\u00eda natural hacia comprensible para profanos tanta complejidad. Me comentaba un compa\u00f1ero suyo de la Universidad de Barcelona que Gay de Li\u00e9bana era capaz de hablar dos horas seguidas manteniendo la total atenci\u00f3n de sus alumnos. Su potencia docente ha sido probablemente su caracter\u00edstica personal m\u00e1s destacable. La vocaci\u00f3n unida a su entusiasmo ha hecho posible la comprensi\u00f3n de cuestiones econ\u00f3micas a todos cuantos hayan querido escucharle. Personalmente, y como Presidente de Foment del Treball [&hellip;]<\/p>\n","protected":false},"author":1,"featured_media":124246,"comment_status":"closed","ping_status":"closed","sticky":false,"template":"","format":"standard","meta":{"_links_to":"","_links_to_target":""},"categories":[114,68],"tags":[],"acf":[],"wps_subtitle":"","_links":{"self":[{"href":"https:\/\/www.foment.com\/es\/wp-json\/wp\/v2\/posts\/124252"}],"collection":[{"href":"https:\/\/www.foment.com\/es\/wp-json\/wp\/v2\/posts"}],"about":[{"href":"https:\/\/www.foment.com\/es\/wp-json\/wp\/v2\/types\/post"}],"author":[{"embeddable":true,"href":"https:\/\/www.foment.com\/es\/wp-json\/wp\/v2\/users\/1"}],"replies":[{"embeddable":true,"href":"https:\/\/www.foment.com\/es\/wp-json\/wp\/v2\/comments?post=124252"}],"version-history":[{"count":2,"href":"https:\/\/www.foment.com\/es\/wp-json\/wp\/v2\/posts\/124252\/revisions"}],"predecessor-version":[{"id":126134,"href":"https:\/\/www.foment.com\/es\/wp-json\/wp\/v2\/posts\/124252\/revisions\/126134"}],"wp:featuredmedia":[{"embeddable":true,"href":"https:\/\/www.foment.com\/es\/wp-json\/wp\/v2\/media\/124246"}],"wp:attachment":[{"href":"https:\/\/www.foment.com\/es\/wp-json\/wp\/v2\/media?parent=124252"}],"wp:term":[{"taxonomy":"category","embeddable":true,"href":"https:\/\/www.foment.com\/es\/wp-json\/wp\/v2\/categories?post=124252"},{"taxonomy":"post_tag","embeddable":true,"href":"https:\/\/www.foment.com\/es\/wp-json\/wp\/v2\/tags?post=124252"}],"curies":[{"name":"wp","href":"https:\/\/api.w.org\/{rel}","templated":true}]}}