{"id":124673,"date":"2021-08-12T10:41:50","date_gmt":"2021-08-12T08:41:50","guid":{"rendered":"https:\/\/www.foment.com\/foment-demana-govern-central-que-prengui-mesures-efectives-per-fer-baixar-preu-electricitat\/"},"modified":"2021-09-12T18:02:32","modified_gmt":"2021-09-12T16:02:32","slug":"foment-pide-gobierno-central-medidas-efectivas-para-bajar-precio-electricidad","status":"publish","type":"post","link":"https:\/\/www.foment.com\/es\/foment-pide-gobierno-central-medidas-efectivas-para-bajar-precio-electricidad\/","title":{"rendered":"Foment del Treball pide al Gobierno central que tome medidas efectivas para bajar el precio de la electricidad"},"content":{"rendered":"<ul>\n<li><strong> Ante el sostenido incremento de la tarifa el\u00e9ctrica que penaliza la competitividad de la econom\u00eda y perjudica a las familias, Foment del Treball propone que para obtener una rebaja efectiva de la electricidad necesaria una reforma en profundidad del mercado el\u00e9ctrico y una nueva fiscalidad energ\u00eda.<\/strong><\/li>\n<\/ul>\n<p>La medida de reducci\u00f3n del IVA del 21 al 10% no ha compensado el incremento continuado de la tarifa el\u00e9ctrica en Espa\u00f1a durante el \u00faltimo semestre. Foment del Treball considera que todav\u00eda hay margen de reducci\u00f3n para equipararnos fiscalmente en pa\u00edses de nuestro entorno, y en especial con Francia, que es del 5%. Ante el sostenido incremento de la tarifa el\u00e9ctrica que penaliza la competitividad de la econom\u00eda y perjudica a las familias, Fomento del Trabajo propone qu<strong>e para obtener una rebaja efectiva de la electricidad es necesaria una reforma en profundidad del mercado el\u00e9ctrico y una nueva fiscalidad energ\u00eda<\/strong>.<\/p>\n<p><strong>1) Hay que reformar el sistema de fijaci\u00f3n de precios:<\/strong><br \/>\nEl precio de la energ\u00eda afronta problemas coyunturales, como el actual alto precio actual del gas natural utilizado en ciclos combinados o por el precio elevado de los derechos de emisi\u00f3n de CO2.<\/p>\n<p>Y afronta de estructurales, y por lo tanto habr\u00eda que reformar el sistema de fijaci\u00f3n de precios en el mercado mayorista, donde la tecnolog\u00eda de generaci\u00f3n m\u00e1s cara es la que fija el precio de toda la energ\u00eda producida. Normalmente esta tecnolog\u00eda es la que usa gas natural como materia prima, y \u200b\u200bsu elevado coste en este momento produce una enorme inflaci\u00f3n del precio del MWh.<\/p>\n<p>En este sentido se debe analizar la modificaci\u00f3n del actual sistema para establecer un sistema diferenciado de precios para cada tecnolog\u00eda de producci\u00f3n. Hay que iniciar los tr\u00e1mites legislativos y administrativos para poder modificar este sistema y hacerlo en sinton\u00eda con nuestros hom\u00f3logos europeos y con las autoridades comunitarias.<\/p>\n<p>Igualmente y mientras no haya un cambio del modelo de retribuci\u00f3n, el coste asociado al r\u00e9gimen retribuido espec\u00edfico de renovables, cogeneraci\u00f3n y residuos (RECO), deber\u00eda ser asumido por la administraci\u00f3n en el marco de los Presupuestos Generales del Estado.<\/p>\n<p><strong>2) Hay que afrontar una rebaja impositiva permanente:<\/strong><br \/>\nHay una reforma en profundidad de la fiscalidad de la energ\u00eda, pero como medidas inmediatas deber\u00eda reducir el tipo de IVA del 10% al consumo el\u00e9ctrico &#8211; temporalmente se podr\u00eda rebajar hasta el 5% -, y la eliminaci\u00f3n permanente del impuesto especial sobre la electricidad.<\/p>\n<p>Foment del Treball pide establecer una estrategia energ\u00e9tica industrial que permita a las empresas ya la industria productiva, en especial las grandes consumidoras de energ\u00eda el\u00e9ctrica y t\u00e9rmica, avanzar hacia los objetivos de descarbonizaci\u00f3n y de neutralidad clim\u00e1tica, manteniendo la competitividad empresarial y el mantenimiento del empleo. Los costes energ\u00e9ticos son uno de los principales retos que tiene la industria para poder afrontar la recuperaci\u00f3n econ\u00f3mica de la crisis provocada por la pandemia del COVID-19.<\/p>\n","protected":false},"excerpt":{"rendered":"<p>Ante el sostenido incremento de la tarifa el\u00e9ctrica que penaliza la competitividad de la econom\u00eda y perjudica a las familias, Foment del Treball propone que para obtener una rebaja efectiva de la electricidad necesaria una reforma en profundidad del mercado el\u00e9ctrico y una nueva fiscalidad energ\u00eda. La medida de reducci\u00f3n del IVA del 21 al 10% no ha compensado el incremento continuado de la tarifa el\u00e9ctrica en Espa\u00f1a durante el \u00faltimo semestre. Foment del Treball considera que todav\u00eda hay margen de reducci\u00f3n para equipararnos fiscalmente en pa\u00edses de nuestro entorno, y en especial con Francia, que es del 5%. Ante el sostenido incremento de la tarifa el\u00e9ctrica que penaliza la competitividad de la econom\u00eda y perjudica a las familias, Fomento del Trabajo propone que para obtener una rebaja efectiva de la electricidad es necesaria una reforma en profundidad del mercado el\u00e9ctrico y una nueva fiscalidad energ\u00eda. 1) Hay que reformar el sistema de fijaci\u00f3n de precios: El precio de la energ\u00eda afronta problemas coyunturales, como el actual alto precio actual del gas natural utilizado en ciclos combinados o por el precio elevado de los derechos de emisi\u00f3n de CO2. Y afronta de estructurales, y por lo tanto habr\u00eda que reformar [&hellip;]<\/p>\n","protected":false},"author":1,"featured_media":124700,"comment_status":"closed","ping_status":"closed","sticky":false,"template":"","format":"standard","meta":{"_links_to":"","_links_to_target":""},"categories":[2735,114,69],"tags":[],"acf":[],"wps_subtitle":"","_links":{"self":[{"href":"https:\/\/www.foment.com\/es\/wp-json\/wp\/v2\/posts\/124673"}],"collection":[{"href":"https:\/\/www.foment.com\/es\/wp-json\/wp\/v2\/posts"}],"about":[{"href":"https:\/\/www.foment.com\/es\/wp-json\/wp\/v2\/types\/post"}],"author":[{"embeddable":true,"href":"https:\/\/www.foment.com\/es\/wp-json\/wp\/v2\/users\/1"}],"replies":[{"embeddable":true,"href":"https:\/\/www.foment.com\/es\/wp-json\/wp\/v2\/comments?post=124673"}],"version-history":[{"count":1,"href":"https:\/\/www.foment.com\/es\/wp-json\/wp\/v2\/posts\/124673\/revisions"}],"predecessor-version":[{"id":126124,"href":"https:\/\/www.foment.com\/es\/wp-json\/wp\/v2\/posts\/124673\/revisions\/126124"}],"wp:featuredmedia":[{"embeddable":true,"href":"https:\/\/www.foment.com\/es\/wp-json\/wp\/v2\/media\/124700"}],"wp:attachment":[{"href":"https:\/\/www.foment.com\/es\/wp-json\/wp\/v2\/media?parent=124673"}],"wp:term":[{"taxonomy":"category","embeddable":true,"href":"https:\/\/www.foment.com\/es\/wp-json\/wp\/v2\/categories?post=124673"},{"taxonomy":"post_tag","embeddable":true,"href":"https:\/\/www.foment.com\/es\/wp-json\/wp\/v2\/tags?post=124673"}],"curies":[{"name":"wp","href":"https:\/\/api.w.org\/{rel}","templated":true}]}}