{"id":124821,"date":"2021-08-31T17:39:26","date_gmt":"2021-08-31T15:39:26","guid":{"rendered":"https:\/\/www.foment.com\/creu-roja-aborden-oportunitats-recursos-ajudar-vulnerables-mon-empresarial\/"},"modified":"2021-09-12T22:39:22","modified_gmt":"2021-09-12T20:39:22","slug":"cruz-roja-abordan-oportunidades-recursos-ayudar-vulnerables-mundo-empresarial","status":"publish","type":"post","link":"https:\/\/www.foment.com\/es\/cruz-roja-abordan-oportunidades-recursos-ayudar-vulnerables-mundo-empresarial\/","title":{"rendered":"Foment y la Cruz Roja abordan las oportunidades y los recursos para ayudar a los m\u00e1s vulnerables a trav\u00e9s del mundo empresarial"},"content":{"rendered":"<p>El \u00a0director de Relaciones con el Parlamento y AAPP de Foment del Treball, Benet Maim\u00ed, ha visitado el centro log\u00edstico de la Cruz Roja a Santo Mar\u00ed de Tous, donde se ha reunido con el presidente de la fundaci\u00f3n, Josep Quitet Torner, y la secretaria auton\u00f3mica, Helena Fontanet, para analizar las posibles v\u00edas de cooperaci\u00f3n entre la patronal y una instituci\u00f3n que es pilar en las acciones humanitarias al mundo. \u00abContinuaremos trabajando juntos para encontrar las oportunidades y los recursos para ayudar al m\u00e1s vulnerables\u201d, ha expresado Maim\u00ed.<\/p>\n<p>\u201cFoment y sus asociados mantenemos firme nuestra vocaci\u00f3n y compromiso de facilitar las acciones solidarias y de responsabilidad del mundo empresarial con las entidades, fundaciones y organizaciones humanitarias y todav\u00eda m\u00e1s ahora con motivo de la pandemia\u201d, ha a\u00f1adido.<\/p>\n<p>Por su parte, Quitet Torner ha resaltado la importancia de contar con el apoyo de las empresas en la lucha contra la desigualdad social, y ha defendido que hay que intensificar la alianza estrat\u00e9gica entre ambas entidades.<\/p>\n<p><span style=\"color: #c1002b;\"><strong>Sobre la Cruz Roja<\/strong><\/span><\/p>\n<p>La Cruz Roja representa el mayor movimiento humanitario, ciudadano e independiente del mundo con 155 a\u00f1os colaborando con entidades p\u00fablicas y privadas porque la humanidad y la dignidad llegue a todas las personas en cualquier lugar y en todo momento y circunstancias.<\/p>\n<p>Desde el comienzo de la crisis de la COVID-19, la Cruz Roja est\u00e1 actuando en todos los pa\u00edses del mundo afectados, representando la mayor movilizaci\u00f3n de recursos, capacidades y personas en su historia en favor de las personas m\u00e1s vulnerables y la poblaci\u00f3n general.<\/p>\n<p>En Catalu\u00f1a, la Cruz Roja cuenta con el apoyo social de m\u00e1s de 17.000 personas voluntarias y de m\u00e1s de 225.000 personas y emprendidas socias, mientras que al resto del Estado, la Cruz Roja cuenta con m\u00e1s de 200.000 personas voluntarias y m\u00e1s de 1.400 puntos de atenci\u00f3n en todo el territorio, que permiten atender anualmente adem\u00e1s de 4 millones de personas a nivel estatal, de las que m\u00e1s de 1,7 millones son atendidas desde programas sociales. Con el apoyo de m\u00e1s de 1,360.000 socios, empresas y aliados.<\/p>\n<p>La Cruz Roja Espa\u00f1ola pertenece al Movimiento Internacional de la Cruz Roja y de la Media Luna Roja presente en 192 pa\u00edses y act\u00faa siempre bajo sus siete principios fundamentales: Humanidad, Imparcialidad, Neutralidad, Independencia, Voluntariado, Unidad y Universalidad.<\/p>\n","protected":false},"excerpt":{"rendered":"<p>El \u00a0director de Relaciones con el Parlamento y AAPP de Foment del Treball, Benet Maim\u00ed, ha visitado el centro log\u00edstico de la Cruz Roja a Santo Mar\u00ed de Tous, donde se ha reunido con el presidente de la fundaci\u00f3n, Josep Quitet Torner, y la secretaria auton\u00f3mica, Helena Fontanet, para analizar las posibles v\u00edas de cooperaci\u00f3n entre la patronal y una instituci\u00f3n que es pilar en las acciones humanitarias al mundo. \u00abContinuaremos trabajando juntos para encontrar las oportunidades y los recursos para ayudar al m\u00e1s vulnerables\u201d, ha expresado Maim\u00ed. \u201cFoment y sus asociados mantenemos firme nuestra vocaci\u00f3n y compromiso de facilitar las acciones solidarias y de responsabilidad del mundo empresarial con las entidades, fundaciones y organizaciones humanitarias y todav\u00eda m\u00e1s ahora con motivo de la pandemia\u201d, ha a\u00f1adido. Por su parte, Quitet Torner ha resaltado la importancia de contar con el apoyo de las empresas en la lucha contra la desigualdad social, y ha defendido que hay que intensificar la alianza estrat\u00e9gica entre ambas entidades. Sobre la Cruz Roja La Cruz Roja representa el mayor movimiento humanitario, ciudadano e independiente del mundo con 155 a\u00f1os colaborando con entidades p\u00fablicas y privadas porque la humanidad y la dignidad llegue a todas las [&hellip;]<\/p>\n","protected":false},"author":1,"featured_media":124816,"comment_status":"closed","ping_status":"closed","sticky":false,"template":"","format":"standard","meta":{"_links_to":"","_links_to_target":""},"categories":[114,68],"tags":[2896,3067],"acf":[],"wps_subtitle":"El presidente de la Cruz Roja destaca la importancia del compromiso empresarial en la lucha contra la desigualdad social","_links":{"self":[{"href":"https:\/\/www.foment.com\/es\/wp-json\/wp\/v2\/posts\/124821"}],"collection":[{"href":"https:\/\/www.foment.com\/es\/wp-json\/wp\/v2\/posts"}],"about":[{"href":"https:\/\/www.foment.com\/es\/wp-json\/wp\/v2\/types\/post"}],"author":[{"embeddable":true,"href":"https:\/\/www.foment.com\/es\/wp-json\/wp\/v2\/users\/1"}],"replies":[{"embeddable":true,"href":"https:\/\/www.foment.com\/es\/wp-json\/wp\/v2\/comments?post=124821"}],"version-history":[{"count":1,"href":"https:\/\/www.foment.com\/es\/wp-json\/wp\/v2\/posts\/124821\/revisions"}],"predecessor-version":[{"id":126122,"href":"https:\/\/www.foment.com\/es\/wp-json\/wp\/v2\/posts\/124821\/revisions\/126122"}],"wp:featuredmedia":[{"embeddable":true,"href":"https:\/\/www.foment.com\/es\/wp-json\/wp\/v2\/media\/124816"}],"wp:attachment":[{"href":"https:\/\/www.foment.com\/es\/wp-json\/wp\/v2\/media?parent=124821"}],"wp:term":[{"taxonomy":"category","embeddable":true,"href":"https:\/\/www.foment.com\/es\/wp-json\/wp\/v2\/categories?post=124821"},{"taxonomy":"post_tag","embeddable":true,"href":"https:\/\/www.foment.com\/es\/wp-json\/wp\/v2\/tags?post=124821"}],"curies":[{"name":"wp","href":"https:\/\/api.w.org\/{rel}","templated":true}]}}