{"id":124969,"date":"2021-09-06T16:21:30","date_gmt":"2021-09-06T14:21:30","guid":{"rendered":"https:\/\/www.foment.com\/generalitat-mitjans-necessaris-ampliar-oferta-places-formacio-professional\/"},"modified":"2021-09-12T17:50:03","modified_gmt":"2021-09-12T15:50:03","slug":"generalitat-medios-necesarios-ampliar-oferta-plazas-formacion-profesional","status":"publish","type":"post","link":"https:\/\/www.foment.com\/es\/generalitat-medios-necesarios-ampliar-oferta-plazas-formacion-profesional\/","title":{"rendered":"Foment del Treball exige a la Generalitat los medios necesarios para ampliar la oferta de plazas de Formaci\u00f3n Profesional"},"content":{"rendered":"<ul>\n<li><strong>Catalu\u00f1a dispone de una magn\u00edfica red de centros de Formaci\u00f3n Profesional y es la hora de sumar esfuerzos entre la iniciativa p\u00fablica y la privada.<\/strong><\/li>\n<\/ul>\n<p>A ra\u00edz de las noticias publicadas en diferentes medios de comunicaci\u00f3n sobre el d\u00e9ficit de plazas de Formaci\u00f3n Profesional en Catalu\u00f1a, que algunos cifran en 20.000, Foment lamenta la situaci\u00f3n y exige al Govern que ponga todos los medios necesarios para resolverlo.<\/p>\n<p>Con una tasa de paro juvenil del 33% (EPA del segundo semestre 2021), un abandono escolar del 17%, -con 25 puntos de diferencia respecto a la media Europea en la cualificaci\u00f3n de la poblaci\u00f3n activa-, y por otro lado, la creciente demanda de personal cualificado del mercado de trabajo, Catalu\u00f1a no se puede permitir estas cifras, y menos engrosarlas por una evidente falta de planificaci\u00f3n por el Departament d\u2019Educaci\u00f3, m\u00e1xime cuando a 31 de mayo (17 de mayo para Grado Medio)\u00a0 ten\u00edan los datos de preisncripci\u00f3n y por tanto conocedores de la situaci\u00f3n.<\/p>\n<p>La Formaci\u00f3n Profesional representa un valor social de primer orden, no solo por lo que se refiere a su valor estrat\u00e9gico para una econom\u00eda que pretende avanzar y mejorar la competitividad de las empresas, si no por su demostrada capacidad<br \/>\nde inserci\u00f3n laboral en el mercado de trabajo y, como consecuencia, adem\u00e1s de mejorar los \u00edndices anteriormente mencionados, minimizar el riesgo de exclusi\u00f3n social.<\/p>\n<p>Durante los \u00faltimos a\u00f1os, la percepci\u00f3n social de la Formaci\u00f3n Profesional ha mejorado sensiblemente y representa una opci\u00f3n tan v\u00e1lida como el bachillerato para los estudiantes de este pa\u00eds. Se ha creado una expectativa, a la que conviene dar respuesta de manera eficiente, sin dejar a nadie atr\u00e1s, lo contrario genera decepci\u00f3n, abandono y regresi\u00f3n.<\/p>\n<p>No es momento de rigideces, si no de flexibilidad. Catalu\u00f1a dispone de una magnifica red de centros de Formaci\u00f3n Profesional y es la hora de sumar esfuerzos entre la iniciativa p\u00fablica y privada. Lo que ahora es un problema coyuntural, puede<br \/>\ntraducirse en estructural y hay que estar preparados para dar respuesta: prospecci\u00f3n-orientaci\u00f3n-planificaci\u00f3n. La \u00fanica ideolog\u00eda de la Formaci\u00f3n Profesional es el progreso integral de la persona y su \u00e9xito profesional en una sociedad exigente.<\/p>\n<p>Por tanto, desde Foment instamos al Govern de la Generalitat a:<\/p>\n<ul>\n<li>Que d\u00e9 soluci\u00f3n a la demanda de plazas de Formaci\u00f3n Profesional de manera inmediata.<\/li>\n<li>Que para ello cuente y establezca los mecanismos necesarios con todos los centros p\u00fablicos, y de concierto con los privados de Formaci\u00f3n Profesional de Catalu\u00f1a, que, sin duda, favorecer\u00e1 la oferta<\/li>\n<li>Trasladar a la Comisi\u00f3n Rectora del Sistema, como \u00f3rgano rector de planificaci\u00f3n estrat\u00e9gica y evaluaci\u00f3n de las pol\u00edticas del sistema de Formaci\u00f3n y Cualificaci\u00f3n Profesional (establecido en el art\u00edculo 8.1 de la Ley 10\/2015 de Formaci\u00f3n\u00a0 y Cualificaci\u00f3n Profesional): la problem\u00e1tica generada, las soluciones aportadas y la situaci\u00f3n, una vez aplicadas las soluciones.<\/li>\n<\/ul>\n","protected":false},"excerpt":{"rendered":"<p>Catalu\u00f1a dispone de una magn\u00edfica red de centros de Formaci\u00f3n Profesional y es la hora de sumar esfuerzos entre la iniciativa p\u00fablica y la privada. A ra\u00edz de las noticias publicadas en diferentes medios de comunicaci\u00f3n sobre el d\u00e9ficit de plazas de Formaci\u00f3n Profesional en Catalu\u00f1a, que algunos cifran en 20.000, Foment lamenta la situaci\u00f3n y exige al Govern que ponga todos los medios necesarios para resolverlo. Con una tasa de paro juvenil del 33% (EPA del segundo semestre 2021), un abandono escolar del 17%, -con 25 puntos de diferencia respecto a la media Europea en la cualificaci\u00f3n de la poblaci\u00f3n activa-, y por otro lado, la creciente demanda de personal cualificado del mercado de trabajo, Catalu\u00f1a no se puede permitir estas cifras, y menos engrosarlas por una evidente falta de planificaci\u00f3n por el Departament d\u2019Educaci\u00f3, m\u00e1xime cuando a 31 de mayo (17 de mayo para Grado Medio)\u00a0 ten\u00edan los datos de preisncripci\u00f3n y por tanto conocedores de la situaci\u00f3n. La Formaci\u00f3n Profesional representa un valor social de primer orden, no solo por lo que se refiere a su valor estrat\u00e9gico para una econom\u00eda que pretende avanzar y mejorar la competitividad de las empresas, si no por su demostrada capacidad [&hellip;]<\/p>\n","protected":false},"author":1,"featured_media":138640,"comment_status":"closed","ping_status":"closed","sticky":false,"template":"","format":"standard","meta":{"_links_to":"","_links_to_target":""},"categories":[114,113,5714],"tags":[1239,1024],"acf":[],"wps_subtitle":"La patronal lamenta la falta de planificaci\u00f3n de la consejer\u00eda de Educaci\u00f3n de la Generalitat, que ya dispon\u00eda el 31 de mayo de los datos de preinscripci\u00f3n","_links":{"self":[{"href":"https:\/\/www.foment.com\/es\/wp-json\/wp\/v2\/posts\/124969"}],"collection":[{"href":"https:\/\/www.foment.com\/es\/wp-json\/wp\/v2\/posts"}],"about":[{"href":"https:\/\/www.foment.com\/es\/wp-json\/wp\/v2\/types\/post"}],"author":[{"embeddable":true,"href":"https:\/\/www.foment.com\/es\/wp-json\/wp\/v2\/users\/1"}],"replies":[{"embeddable":true,"href":"https:\/\/www.foment.com\/es\/wp-json\/wp\/v2\/comments?post=124969"}],"version-history":[{"count":1,"href":"https:\/\/www.foment.com\/es\/wp-json\/wp\/v2\/posts\/124969\/revisions"}],"predecessor-version":[{"id":126057,"href":"https:\/\/www.foment.com\/es\/wp-json\/wp\/v2\/posts\/124969\/revisions\/126057"}],"wp:featuredmedia":[{"embeddable":true,"href":"https:\/\/www.foment.com\/es\/wp-json\/wp\/v2\/media\/138640"}],"wp:attachment":[{"href":"https:\/\/www.foment.com\/es\/wp-json\/wp\/v2\/media?parent=124969"}],"wp:term":[{"taxonomy":"category","embeddable":true,"href":"https:\/\/www.foment.com\/es\/wp-json\/wp\/v2\/categories?post=124969"},{"taxonomy":"post_tag","embeddable":true,"href":"https:\/\/www.foment.com\/es\/wp-json\/wp\/v2\/tags?post=124969"}],"curies":[{"name":"wp","href":"https:\/\/api.w.org\/{rel}","templated":true}]}}