{"id":125297,"date":"2021-09-09T16:00:57","date_gmt":"2021-09-09T14:00:57","guid":{"rendered":"https:\/\/www.foment.com\/comunicat-suspensio-ampliacio-aeroport-barcelona\/"},"modified":"2021-09-12T22:35:08","modified_gmt":"2021-09-12T20:35:08","slug":"comunicado-suspension-ampliacion-aeropuerto-barcelona","status":"publish","type":"post","link":"https:\/\/www.foment.com\/es\/comunicado-suspension-ampliacion-aeropuerto-barcelona\/","title":{"rendered":"Comunicado de Foment sobre la suspensi\u00f3n de la ampliaci\u00f3n del aeropuerto de Barcelona &#8211; El Prat"},"content":{"rendered":"<section class=\"wpb-content-wrapper\"><p>[vc_row][vc_column][vc_column_text]<em>En primer lugar, quiero expresar desde Fomento nuestra indignaci\u00f3n y perplejidad por la actitud del Gobierno de la Generalitat en relaci\u00f3n a la ampliaci\u00f3n del aeropuerto de Barcelona.<\/em><\/p>\n<p><em>Indignaci\u00f3n que nos lleva a afirmar que los empresarios no estaremos parados ante tanta irresponsabilidad que nos lleva inexorablemente al empobrecimiento del pa\u00eds:<\/em><\/p>\n<p><em>A la ruina econ\u00f3mica de Catalu\u00f1a<\/em><\/p>\n<p><em>A la ruina econ\u00f3mica de muchas peque\u00f1as y medianas empresas y aut\u00f3nomos<\/em><\/p>\n<p><em>A la ruina econ\u00f3mica de muchas familias<\/em><\/p>\n<p><em>A hipotecado el trabajo del futuro de nuestros j\u00f3venes<\/em><\/p>\n<p><em>En segundo lugar, queremos dejar claro que la ampliaci\u00f3n del aeropuerto necesariamente tiene que cumplir todas las exigencias medioambientales, puesto que as\u00ed lo exige la Comisi\u00f3n Europea, que es quien tiene la \u00faltima palabra.<\/em><\/p>\n<p><em>Haremos todo el que est\u00e9 a nuestro alcance para frenar tanta negligencia, tanto por parte del Ayuntamiento de Barcelona como del Gobierno de la Generalitat.<\/em><\/p>\n<p><em>El debate abierto por el Gobierno de la Generalitat sobre La Ricarda es una grave irresponsabilidad.<\/em><\/p>\n<p><em>Lamentablemente, el Gobierno de la Generalitat no ha estado a la altura ni ha actuado con la prudencia y diligencia que tienen que presidir toda actuaci\u00f3n de un gobierno. Es imprescindible apoyar un\u00e1nimemente y sin fisuras al proyecto de ampliaci\u00f3n del aeropuerto. Insistimos, desde Fomento, en el error de situar a La Ricarda en el centro del debate. Tanta frivolidad, que se pone de manifiesto con declaraciones contradictorias entre <\/em><em>diferentes Consejeros del Gobierno, no se puede volver a repetir.<\/em><\/p>\n<p><em>Es urgente una r\u00e1pida rectificaci\u00f3n del Gobierno de la Generalitat y que de una vez por todas se exprese p\u00fablicamente con una sola voz.<\/em><\/p>\n<p><em>Pedimos al Gobierno que resuelva sus discrepancias internas privadamente y act\u00fae p\u00fablicamente de manera cohesionada.<\/em><\/p>\n<p><em>Es tambi\u00e9n lamentable la carencia de cohesi\u00f3n interna de la coalici\u00f3n que gobierna a Espa\u00f1a. La visita de la Ministra de Trabajo Yolanda D\u00edaz junto con la Alcaldesa Ada Colau a La Ricarda, es una deslealtad de la Ministra con el Gobierno del que forma parte que no se tolerable, practicando filibusterismo pol\u00edtico, dinamitando el pacto por detr\u00e1s.<\/em><\/p>\n<p><em>Estamos a un paso de hacer el rid\u00edculo internacionalmente. Hace demasiado tiempo que estamos instalados en la cultura del NO, repartiendo las responsabilidades a otras administraciones sin asumir las propias.<\/em><\/p>\n<p><em>C\u00f3mo dec\u00edamos m\u00e1s de doscientas entidades el pasado 2 de junio en el acto de ESADE \u00abTodos con la ampliaci\u00f3n del aeropuerto\u00bb el pa\u00eds necesita pol\u00edticas de crecimiento, que permitan dinamizar la econom\u00eda a la vez que favorecer la cohesi\u00f3n social. Sin creaci\u00f3n de riqueza no es posible su redistribuci\u00f3n, ni personal ni territorial. Sin creaci\u00f3n de riqueza el estado del bienestar ser\u00e1 insostenible.<\/em><\/p>\n<p><em>Hace falta que se prioricen las infraestructuras p\u00fablicas y privadas vitales para el pa\u00eds y para su desarrollo, que le permita competir internacionalmente y reducir su d\u00e9ficit hist\u00f3rico denunciado por la sociedad civil catalana. No podemos renunciar al progreso que aportan las infraestructuras, y m\u00e1s cuando nos faltan, por eso, hay que <\/em><em>trabajar para lograr los consensos necesarios para llevarlas a cabo.<\/em><\/p>\n<p><em>Instamos con toda la energ\u00eda posible que el Gobierno de Espa\u00f1a y el Gobierno de la Generalitat abren un di\u00e1logo con profundidad que permita aprobar la inversi\u00f3n del aeropuerto. Catalu\u00f1a necesita esta inversi\u00f3n para situarnos en condiciones en un mundo competitivo, por el impacto extraordinario que este proyecto tendr\u00e1 en generaci\u00f3n de riqueza y puestos de trabajo.<\/em><\/p>\n<p><em>Finalmente, que todo el mundo asuma sus responsabilidades. Rechazar un proyecto de estas dimensiones genera un grav\u00edsimo perjuicio a toda la sociedad, hecho que sin duda tendr\u00e1 consecuencias pol\u00edticas por ser una actuaci\u00f3n claramente negligente.<\/em><\/p>\n<p><em>Abandonen la irresponsabilidad. Dialoguen y Pacten.<\/em>[\/vc_column_text]<div class=\"spacer\" style=\"height: 20px;\"><\/div>[\/vc_column][\/vc_row][vc_row text_align=\u00bbcenter\u00bb][vc_column width=\u00bb1\/4&#8243;][\/vc_column][vc_column text_align=\u00bbcenter\u00bb width=\u00bb1\/2&#8243;]<a href=\"https:\/\/www.foment.com\/wp-content\/uploads\/2021\/09\/Comunicado-Foment-Aeropuerto-de-Barcelona_09.09.2021.pdf\" target=\"_self\" class=\"button color-3 medium \" style=\"border-radius: 10px;\">DESCARGAR COMUNICADO<\/a><div class=\"spacer\" style=\"height: 20px;\"><\/div>[\/vc_column][vc_column width=\u00bb1\/4&#8243;][\/vc_column][\/vc_row][vc_row][vc_column width=\u00bb1\/1&#8243;]<div class=\"video-embed  wpb_content_element\"><iframe title=\"Roda de premsa sobre la suspensi\u00f3 de l&#039;ampliaci\u00f3 de l&#039;aeroport de Barcelona\" width=\"1161\" height=\"653\" src=\"https:\/\/www.youtube.com\/embed\/tDAeAdKs0nc?feature=oembed\" frameborder=\"0\" allow=\"accelerometer; autoplay; clipboard-write; encrypted-media; gyroscope; picture-in-picture; web-share\" referrerpolicy=\"strict-origin-when-cross-origin\" allowfullscreen><\/iframe><\/div><div class=\"flexslider wpb_content_element\"><ul class=\"slides\"><li><img src=\"https:\/\/www.foment.com\/wp-content\/uploads\/2021\/09\/DSC_0508-scaled-1.jpg\" alt=\"\" \/><\/li><li><img src=\"https:\/\/www.foment.com\/wp-content\/uploads\/2021\/09\/DSC_0509-scaled-1.jpg\" alt=\"\" \/><\/li><li><img src=\"https:\/\/www.foment.com\/wp-content\/uploads\/2021\/09\/DSC_0515-scaled-1.jpg\" alt=\"\" \/><\/li><li><img src=\"https:\/\/www.foment.com\/wp-content\/uploads\/2021\/09\/DSC_0527-scaled-1.jpg\" alt=\"\" \/><\/li><li><img src=\"https:\/\/www.foment.com\/wp-content\/uploads\/2021\/09\/DSC_0541-scaled-1.jpg\" alt=\"\" \/><\/li><li><img src=\"https:\/\/www.foment.com\/wp-content\/uploads\/2021\/09\/DSC_0543-scaled-1.jpg\" alt=\"\" \/><\/li><li><img src=\"https:\/\/www.foment.com\/wp-content\/uploads\/2021\/09\/DSC_0549-scaled-1.jpg\" alt=\"\" \/><\/li><li><img src=\"https:\/\/www.foment.com\/wp-content\/uploads\/2021\/09\/DSC_0571-scaled-1.jpg\" alt=\"\" \/><\/li><li><img src=\"https:\/\/www.foment.com\/wp-content\/uploads\/2021\/09\/DSC_0584-scaled-1.jpg\" alt=\"\" \/><\/li><li><img src=\"https:\/\/www.foment.com\/wp-content\/uploads\/2021\/09\/DSC_0594-scaled-1.jpg\" alt=\"\" \/><\/li><li><img src=\"https:\/\/www.foment.com\/wp-content\/uploads\/2021\/09\/DSC_0604-scaled-1.jpg\" alt=\"\" \/><\/li><li><img src=\"https:\/\/www.foment.com\/wp-content\/uploads\/2021\/09\/DSC_0609-scaled-1.jpg\" alt=\"\" \/><\/li><li><img src=\"https:\/\/www.foment.com\/wp-content\/uploads\/2021\/09\/DSC_0612-scaled-1.jpg\" alt=\"\" \/><\/li><li><img src=\"https:\/\/www.foment.com\/wp-content\/uploads\/2021\/09\/DSC_0618-scaled-1.jpg\" alt=\"\" \/><\/li><li><img src=\"https:\/\/www.foment.com\/wp-content\/uploads\/2021\/09\/DSC_0622-scaled-1.jpg\" alt=\"\" \/><\/li><li><img src=\"https:\/\/www.foment.com\/wp-content\/uploads\/2021\/09\/DSC_0639-scaled-1.jpg\" alt=\"\" \/><\/li><\/ul><\/div>[\/vc_column][\/vc_row]<\/p>\n<\/section>","protected":false},"excerpt":{"rendered":"<p>[vc_row][vc_column][vc_column_text]En primer lugar, quiero expresar desde Fomento nuestra indignaci\u00f3n y perplejidad por la actitud del Gobierno de la Generalitat en relaci\u00f3n a la ampliaci\u00f3n del aeropuerto de Barcelona. Indignaci\u00f3n que nos lleva a afirmar que los empresarios no estaremos parados ante tanta irresponsabilidad que nos lleva inexorablemente al empobrecimiento del pa\u00eds: A la ruina econ\u00f3mica de Catalu\u00f1a A la ruina econ\u00f3mica de muchas peque\u00f1as y medianas empresas y aut\u00f3nomos A la ruina econ\u00f3mica de muchas familias A hipotecado el trabajo del futuro de nuestros j\u00f3venes En segundo lugar, queremos dejar claro que la ampliaci\u00f3n del aeropuerto necesariamente tiene que cumplir todas las exigencias medioambientales, puesto que as\u00ed lo exige la Comisi\u00f3n Europea, que es quien tiene la \u00faltima palabra. Haremos todo el que est\u00e9 a nuestro alcance para frenar tanta negligencia, tanto por parte del Ayuntamiento de Barcelona como del Gobierno de la Generalitat. El debate abierto por el Gobierno de la Generalitat sobre La Ricarda es una grave irresponsabilidad. Lamentablemente, el Gobierno de la Generalitat no ha estado a la altura ni ha actuado con la prudencia y diligencia que tienen que presidir toda actuaci\u00f3n de un gobierno. Es imprescindible apoyar un\u00e1nimemente y sin fisuras al proyecto de ampliaci\u00f3n [&hellip;]<\/p>\n","protected":false},"author":1,"featured_media":125289,"comment_status":"closed","ping_status":"closed","sticky":false,"template":"","format":"standard","meta":{"_links_to":"","_links_to_target":""},"categories":[114,112,5714],"tags":[5600,5601,1024,5602,3840],"acf":[],"wps_subtitle":"","_links":{"self":[{"href":"https:\/\/www.foment.com\/es\/wp-json\/wp\/v2\/posts\/125297"}],"collection":[{"href":"https:\/\/www.foment.com\/es\/wp-json\/wp\/v2\/posts"}],"about":[{"href":"https:\/\/www.foment.com\/es\/wp-json\/wp\/v2\/types\/post"}],"author":[{"embeddable":true,"href":"https:\/\/www.foment.com\/es\/wp-json\/wp\/v2\/users\/1"}],"replies":[{"embeddable":true,"href":"https:\/\/www.foment.com\/es\/wp-json\/wp\/v2\/comments?post=125297"}],"version-history":[{"count":1,"href":"https:\/\/www.foment.com\/es\/wp-json\/wp\/v2\/posts\/125297\/revisions"}],"predecessor-version":[{"id":125992,"href":"https:\/\/www.foment.com\/es\/wp-json\/wp\/v2\/posts\/125297\/revisions\/125992"}],"wp:featuredmedia":[{"embeddable":true,"href":"https:\/\/www.foment.com\/es\/wp-json\/wp\/v2\/media\/125289"}],"wp:attachment":[{"href":"https:\/\/www.foment.com\/es\/wp-json\/wp\/v2\/media?parent=125297"}],"wp:term":[{"taxonomy":"category","embeddable":true,"href":"https:\/\/www.foment.com\/es\/wp-json\/wp\/v2\/categories?post=125297"},{"taxonomy":"post_tag","embeddable":true,"href":"https:\/\/www.foment.com\/es\/wp-json\/wp\/v2\/tags?post=125297"}],"curies":[{"name":"wp","href":"https:\/\/api.w.org\/{rel}","templated":true}]}}