{"id":125881,"date":"2021-05-07T14:44:51","date_gmt":"2021-05-07T12:44:51","guid":{"rendered":"https:\/\/www.foment.com\/?p=118100"},"modified":"2021-09-12T22:48:05","modified_gmt":"2021-09-12T20:48:05","slug":"consell-empresarial-osona-reivindica-importancia-industria-sector-estrategic-economia","status":"publish","type":"post","link":"https:\/\/www.foment.com\/es\/consell-empresarial-osona-reivindica-importancia-industria-sector-estrategic-economia\/","title":{"rendered":"El Consell Empresarial d\u2019Osona reivindica la import\u00e0ncia de la ind\u00fastria com a sector estrat\u00e8gic de l\u2019economia"},"content":{"rendered":"<p>Fepime Catalunya ha celebrat aquest dijous una nova sessi\u00f3 del IV Congr\u00e9s de Pimes de Catalunya protagonitzada pel <strong>Consell Empresarial d\u2019Osona<\/strong>\u00a0 (CEDOSONA) amb l\u2019objectiu d\u2019analitzar l\u2019estat actual de la pime catalana i elaborar un memorial de propostes de millora que es lliurar\u00e0 a les administracions.<\/p>\n<p><strong>Lurdes Baulenas, presidenta del CEDOSONA<\/strong> ha iniciat la sessi\u00f3 explicant que Osona \u00e9s la segona comarca que m\u00e9s ha crescut a nivell industrial en els \u00faltims anys i que la ind\u00fastria representa un 14% del teixit empresarial. En aquesta l\u00ednia, <strong>\u00c1lex Fern\u00e1ndez, vice-president de l\u2019entitat,<\/strong> ha lamentat la poca import\u00e0ncia que les administracions donen a la ind\u00fastria. \u201cLa principal lli\u00e7\u00f3 que hem d\u2019aprendre de la pand\u00e8mia \u00e9s que hem de ser capa\u00e7os de tenir ind\u00fastria manufacturera i fabricar productes.\u00a0 Tenim el repte de fer entendre als pol\u00edtics que la ind\u00fastria es estrat\u00e8gica i que \u00e9s imprescindible una aposta ferma en els diferents sectors implicats\u201d.<\/p>\n<p>Una altra de les principals preocupacions que s\u2019han exposat a la sessi\u00f3 \u00e9s la insufici\u00e8ncia a nivell d\u2019infraestructures. \u201cUna millor connexi\u00f3 amb Barcelona ens ajudaria a retenir el talent i afavorir a la competitivitat de les empreses que veurien la comarca com una opci\u00f3 per instal\u00b7lar-se i oferir qualitat de vida als professionals\u201d, ha afegit Fern\u00e1ndez.<\/p>\n<p>Des de l\u2019organitzaci\u00f3 lamenten que continu\u00efn els embussos a la C-17 i defensen que els radars de tram que s\u2019hi ha instal\u00b7lat no s\u00f3n cap soluci\u00f3. A m\u00e9s, continuen demanant el desdoblament de la l\u00ednia R3 per aconseguir una millor connectivitat ferrovi\u00e0ria. \u201cSi hi ha hagut alguna millora des de 2018 \u00e9s perqu\u00e8 la iniciativa privada s\u2019ha mogut per\u00f2 necessitem que l\u2019administraci\u00f3 ens escolti per solucionar els problemes d\u2019infraestructures i mobilitat que tenim a la comarca\u201d, ha assegurat Lurdes Baulenas.<\/p>\n<p>Pel que fa a la digitalitzaci\u00f3, s\u2019ha millorat en el desplegament de la fibra \u00f2ptica per\u00f2 \u201cel problema ara \u00e9s que sabem qu\u00e8 volem fer per\u00f2 no tenim personal qualificat per desenvolupar i implementar aplicacions i softwares a les empreses. Trobar gent qualificada \u00e9s complex perqu\u00e8 prefereixen treballar a Barcelona\u201d, ha apuntat Fern\u00e1ndez.<\/p>\n<p>Pel que fa al comer\u00e7, que suposa un 17% de l\u2019economia de la comarca, <strong>Josep Roca, vocal del Comit\u00e8 executiu de CEDOSONA<\/strong>, ha explicat que \u201cmoltes empreses han tancat i es preveu que no tornin a obrir. El centre de Vic, que era comercialment potent i atreia molts visitants, ha perdut tota aquesta oferta de comer\u00e7os que s\u2019estan concentrant a les afores\u201d. En aquesta l\u00ednia ha assegurat que les males connexions entre les poblacions del territori perjudica directament l\u2019evoluci\u00f3 econ\u00f2mica de la comarca.<\/p>\n<p><span style=\"color: #c1002b;\"><strong>Les pimes, clau de la recuperaci\u00f3<\/strong><\/span><\/p>\n<p><strong>El IV Congr\u00e9s de la micro, petita i mitjana empresa de Catalunya 2021 finalitzar\u00e0 el 15 de juny a la seu de Foment del Treball acompanyats pels principals actors econ\u00f2mics de Catalunya<\/strong>. El congr\u00e9s consta al voltant de 20 trobades amb 24 organitzacions territorials i sectorials de Catalunya.<\/p>\n<p>La presidenta de Fepime,\u00a0Mar\u00eda Helena de Felipe, t\u00e9 l\u2019objectiu d\u2019establir un di\u00e0leg per abordar les preocupacions de les pimes en aquest context excepcional, aix\u00ed com, debatre sobre possibles accions que puguin facilitar una recuperaci\u00f3 empresarial resilient, digital i sostenible. De fet,\u00a0el lema de les trobades \u00e9s \u201cResili\u00e8ncia, digitalitzaci\u00f3 i sostenibilitat, les claus per a la recuperaci\u00f3 de la pime catalana\u201d\u00a0i el prop\u00f2sit \u00e9s con\u00e8ixer de primera m\u00e0 la realitat i les necessitats de les pimes catalanes despr\u00e9s d\u2019un 2020 marcat pel pas de la pand\u00e8mia.<\/p>\n<p>Sense dubtes, la Covid-19 no nom\u00e9s ha saturat el sistema sanitari catal\u00e0, sin\u00f3 que tamb\u00e9 ha condicionat l\u2019activitat empresarial, derivant en una crisi econ\u00f2mica que es continua allargant en el temps a causa de les mesures restrictives que els governs han anant aplicant amb l\u2019objectiu d\u2019evitar la propagaci\u00f3 de la malaltia.<\/p>\n<p>Les trobades a les diferents organitzacions estan programades com a sessions de treball per recollir les principals dificultats i reptes de les pimes en els diferents \u00e0mbits com pot ser, infraestructures, finan\u00e7ament, fiscalitat, innovaci\u00f3, internacionalitzaci\u00f3, relacions laborals, consum energ\u00e8tic, tr\u00e0mits administratius, formaci\u00f3 o compet\u00e8ncia deslleial, sempre des de la perspectiva de la pime.<\/p>\n<p>Les conclusions de les sessions permetran redactar un document que reculli les principals inquietuds de cada sector i territori per millorar l\u2019activitat empresarial.<\/p>\n","protected":false},"excerpt":{"rendered":"<p>Fepime Catalunya ha celebrat aquest dijous una nova sessi\u00f3 del IV Congr\u00e9s de Pimes de Catalunya protagonitzada pel Consell Empresarial d\u2019Osona\u00a0 (CEDOSONA) amb l\u2019objectiu d\u2019analitzar l\u2019estat actual de la pime catalana i elaborar un memorial de propostes de millora que es lliurar\u00e0 a les administracions. Lurdes Baulenas, presidenta del CEDOSONA ha iniciat la sessi\u00f3 explicant que Osona \u00e9s la segona comarca que m\u00e9s ha crescut a nivell industrial en els \u00faltims anys i que la ind\u00fastria representa un 14% del teixit empresarial. En aquesta l\u00ednia, \u00c1lex Fern\u00e1ndez, vice-president de l\u2019entitat, ha lamentat la poca import\u00e0ncia que les administracions donen a la ind\u00fastria. \u201cLa principal lli\u00e7\u00f3 que hem d\u2019aprendre de la pand\u00e8mia \u00e9s que hem de ser capa\u00e7os de tenir ind\u00fastria manufacturera i fabricar productes.\u00a0 Tenim el repte de fer entendre als pol\u00edtics que la ind\u00fastria es estrat\u00e8gica i que \u00e9s imprescindible una aposta ferma en els diferents sectors implicats\u201d. Una altra de les principals preocupacions que s\u2019han exposat a la sessi\u00f3 \u00e9s la insufici\u00e8ncia a nivell d\u2019infraestructures. \u201cUna millor connexi\u00f3 amb Barcelona ens ajudaria a retenir el talent i afavorir a la competitivitat de les empreses que veurien la comarca com una opci\u00f3 per instal\u00b7lar-se i oferir qualitat de vida [&hellip;]<\/p>\n","protected":false},"author":1,"featured_media":125588,"comment_status":"closed","ping_status":"closed","sticky":false,"template":"","format":"standard","meta":{"_links_to":"","_links_to_target":""},"categories":[68],"tags":[],"acf":[],"wps_subtitle":"El Consell Empresarial d\u2019Osona lamenta la poca inversi\u00f3 en infraestructures a la comarca, fet que disminueix la competitivitat de les empreses de la zona, i alerta tamb\u00e9 sobre la manca de personal qualificat per implementar la digitalitzaci\u00f3","_links":{"self":[{"href":"https:\/\/www.foment.com\/es\/wp-json\/wp\/v2\/posts\/125881"}],"collection":[{"href":"https:\/\/www.foment.com\/es\/wp-json\/wp\/v2\/posts"}],"about":[{"href":"https:\/\/www.foment.com\/es\/wp-json\/wp\/v2\/types\/post"}],"author":[{"embeddable":true,"href":"https:\/\/www.foment.com\/es\/wp-json\/wp\/v2\/users\/1"}],"replies":[{"embeddable":true,"href":"https:\/\/www.foment.com\/es\/wp-json\/wp\/v2\/comments?post=125881"}],"version-history":[{"count":1,"href":"https:\/\/www.foment.com\/es\/wp-json\/wp\/v2\/posts\/125881\/revisions"}],"predecessor-version":[{"id":126283,"href":"https:\/\/www.foment.com\/es\/wp-json\/wp\/v2\/posts\/125881\/revisions\/126283"}],"wp:featuredmedia":[{"embeddable":true,"href":"https:\/\/www.foment.com\/es\/wp-json\/wp\/v2\/media\/125588"}],"wp:attachment":[{"href":"https:\/\/www.foment.com\/es\/wp-json\/wp\/v2\/media?parent=125881"}],"wp:term":[{"taxonomy":"category","embeddable":true,"href":"https:\/\/www.foment.com\/es\/wp-json\/wp\/v2\/categories?post=125881"},{"taxonomy":"post_tag","embeddable":true,"href":"https:\/\/www.foment.com\/es\/wp-json\/wp\/v2\/tags?post=125881"}],"curies":[{"name":"wp","href":"https:\/\/api.w.org\/{rel}","templated":true}]}}