{"id":125883,"date":"2021-05-10T18:09:02","date_gmt":"2021-05-10T16:09:02","guid":{"rendered":"https:\/\/www.foment.com\/paper-ciencia-innovacio-motor-economic-protagonista-dialeg-cristina-garmendia-anton-costas\/"},"modified":"2021-09-27T16:58:19","modified_gmt":"2021-09-27T14:58:19","slug":"papel-ciencia-innovacion-motor-economico-protagonista-dialogo-cristina-garmendia-anton-costas","status":"publish","type":"post","link":"https:\/\/www.foment.com\/es\/papel-ciencia-innovacion-motor-economico-protagonista-dialogo-cristina-garmendia-anton-costas\/","title":{"rendered":"El papel de la ciencia e innovaci\u00f3n como motor econ\u00f3mico, protagonista en el di\u00e1logo entre la presidenta de la Fundaci\u00f3n Cotec y ex ministra de Ciencia e Innovaci\u00f3n, Cristina Garmendia, y el presidente del Consejo Econ\u00f3mico y Social (CES), Ant\u00f3n Costas"},"content":{"rendered":"<section class=\"wpb-content-wrapper\"><p>[vc_row][vc_column][vc_column_text]<\/p>\n<ul>\n<li><strong>El di\u00e1logo \u2018Ciencia e innovaci\u00f3n como motor econ\u00f3mico y lucha contra la desigualdad\u2019, impulsado por la Societat Barcelonina d\u2019Estudis Econ\u00f2mics i Socials de Foment del Treball, se ha celebrado esta ma\u00f1ana en el Palau Macaya de Barcelona en el marco del ciclo de conferencias \u2018El progreso en el siglo XXI\u2019 <\/strong><\/li>\n<li><strong>\u00a0<\/strong><strong>Este encuentro es el tercero de un ciclo de seis conferencias, donde participar\u00e1n distintas autoridades del \u00e1mbito pol\u00edtico, social, econ\u00f3mico y cultural del pa\u00eds y que busca destacar que, sin una lucha decidida contra las desigualdades, el progreso econ\u00f3mico, cient\u00edfico, tecnol\u00f3gico y cultural no ser\u00e1 posible en el siglo XXI<\/strong><\/li>\n<\/ul>\n<p>Esta ma\u00f1ana ha tenido lugar el tercer di\u00e1logo enmarcado dentro del ciclo de conferencias \u2018El Progreso en el siglo XXI\u2019, impulsado por la Societat Barcelonina d\u2019Estudis Econ\u00f2mics i Socials de Foment del Treball en el Palacio Macaya de Barcelona, bajo el t\u00edtulo \u2018Ciencia e innovaci\u00f3n como motor econ\u00f3mico y lucha contra la desigualdad\u2019, donde la presidenta de la Fundaci\u00f3n Cotec y ex ministra de Ciencia e Innovaci\u00f3n del Gobierno de Espa\u00f1a (2008 \u2013 2011), Cristina Garmendia, y el presidente del Consejo Econ\u00f3mico y Social (CES), Ant\u00f3n Costas, han debatido sobre la situaci\u00f3n de Espa\u00f1a respecto a otros pa\u00edses europeos en materia de I+D, sobre las estrategias de ciencia e innovaci\u00f3n que se han presentado y, que gracias a los fondos que va a destinar la Uni\u00f3n Europea en Espa\u00f1a, va a permitir que el Gobierno pueda aumentar en un 60% el gasto total en ciencia en el a\u00f1o 2021, llegando a los 1.200 millones de euros.<\/p>\n<p>Adem\u00e1s, a lo largo del di\u00e1logo, tambi\u00e9n se han abordado otros aspectos como han sido, el papel de la ciencia y la innovaci\u00f3n desde el punto de vista de la pol\u00edtica, las desigualdades provocadas por la digitalizaci\u00f3n y c\u00f3mo se pueden solucionar, el papel y la importancia de los cient\u00edficos en Espa\u00f1a, as\u00ed como la situaci\u00f3n de los j\u00f3venes cient\u00edficos, y las sinergias entre las universidades y el tejido empresarial. El encuentro ha sido presentado por \u00c1ngel Sim\u00f3n, presidente de Agbar, y moderado por el periodista y escritor, Francesc\u2013Marc \u00c1lvaro. Este encuentro ha sido el tercero de los seis que tendr\u00e1n lugar en los pr\u00f3ximos meses.<\/p>\n<p>Durante su intervenci\u00f3n, la <strong>presidenta de la Fundaci\u00f3n Cotec y ex ministra de Ciencia e Innovaci\u00f3n del Gobierno de Espa\u00f1a, Cristina Garmendia<\/strong>, ha destacado que \u201ceste a\u00f1o contamos con una muy buena noticia y es que <strong>tenemos presupuestos para ciencia e innovaci\u00f3n<\/strong>. Se <strong>trata de una subida hist\u00f3rica, no solo en cantidad sino tambi\u00e9n en la calidad, <\/strong>puesto que todo el incremento del presupuesto en 2021 se concentra en la parte que realmente se ejecuta. La ejecuci\u00f3n presupuestaria es el mejor ejemplo de la apuesta de un pa\u00eds por la ciencia y la innovaci\u00f3n\u201d. Contin\u00faa, \u201ctenemos que eliminar trabas, formar a personas e invertir en tecnolog\u00eda. La ciencia en Espa\u00f1a tiene que ser capaz de proveer, debe tener impacto social y econ\u00f3mico. Es un desaf\u00edo a medio plazo, est\u00e1 en juego la capacidad de nuestro pa\u00eds, tenemos que ser un socio fiable y para ello, necesitamos una estabilidad. El presupuesto es un requisito\u201d.<\/p>\n<p>Respecto a la situaci\u00f3n que vive Espa\u00f1a en la gesti\u00f3n del talento cient\u00edfico y en la potencialidad de creaci\u00f3n de nuevas oportunidades en el sector, ha destacado que \u201c<strong>el<\/strong> <strong>talento debe tener movilidad y conectar con otros mundos<\/strong>, tenemos que establecer lazos con otros pa\u00edses. Debemos proyectar al exterior que vamos a <strong>desarrollar una econom\u00eda basada en el talento<\/strong>. Adem\u00e1s, tiene que haber infraestructuras, que han mejorado much\u00edsimo, pero que ahora debemos actualizar. De la misma forma, hay que <strong>avanzar en nuevas f\u00f3rmulas de contrataci\u00f3n<\/strong> y tener instrumentos para contratar a personas. La administraci\u00f3n tiene que ganar flexibilidad en esta contrataci\u00f3n\u201d.<\/p>\n<p>En cuanto a la <strong>colaboraci\u00f3n p\u00fablico-privada en el sector de la ciencia y la innovaci\u00f3n<\/strong>, ha afirmado que es indispensable y ha a\u00f1adido, \u201cpor el bien com\u00fan, debemos juntarnos m\u00e1s. Falta compromiso mutuo e involucrarnos en la implementaci\u00f3n de los acuerdos que se firmen. Hay que definir bien los t\u00e9rminos para dar garant\u00edas y se necesita mucho m\u00e1s trasvase entre el sector p\u00fablico y privado\u201d.<\/p>\n<p>Con relaci\u00f3n a <strong>c\u00f3mo ha afectado la pandemia al sector de la ciencia y la innovaci\u00f3n<\/strong> y seg\u00fan datos de la encuesta de percepci\u00f3n social de la innovaci\u00f3n Cotec-Sigmados, ha explicado que le damos una mayor importancia y valoraci\u00f3n a este sector y a\u00f1ade, \u201cel 77% tienen una valoraci\u00f3n positiva de la innovaci\u00f3n, 4 puntos m\u00e1s que en 2019 y al mismo tiempo, situamos a Espa\u00f1a por debajo de la media europea, nos piden que seamos m\u00e1s activos en innovaci\u00f3n que lo que ped\u00edan el a\u00f1o anterior\u201d.<\/p>\n<p>Por su parte, el <strong>presidente del Consejo Econ\u00f3mico y Social (CES), Ant\u00f3n Costas<\/strong> ha subrayado que, \u201chay dos <strong>grandes modelos de econom\u00eda<\/strong>, por un lado, est\u00e1 la <strong>econom\u00eda de taller<\/strong>, donde las habilidades y las innovaciones vienen especialmente de las capacidades que existen en el propio taller y, por otro lado, la <strong>econom\u00eda de laboratorio<\/strong>, aquella donde el impulso de crecimiento viene de la innovaci\u00f3n y la ciencia. En <strong>Espa\u00f1a somos m\u00e1s una econom\u00eda taller y tampoco nos ha ido tan mal, aunque si hay una necesidad de transitar hacia una econom\u00eda m\u00e1s de laboratorio<\/strong>\u201d.<\/p>\n<p>Con relaci\u00f3n a la situaci\u00f3n actual en Espa\u00f1a en ciencia e innovaci\u00f3n y a las necesidades que existen, ha afirmado \u201cnuestros n\u00fameros son bajos, <strong>el principal inconveniente es que no somos conscientes de la importancia que tiene este sector para el avance del pa\u00eds<\/strong>\u201d. Adem\u00e1s, ha destacado que, para avanzar en este sector, \u201c<strong>debemos enfocar el I+D como una misi\u00f3n de pa\u00eds, no como proyectos separados<\/strong>. Se trata de un prop\u00f3sito ambicioso y atrevido donde participe empresa y administraci\u00f3n. <strong>El t\u00e9rmino de misi\u00f3n es algo nuevo que hay que vincular con la colaboraci\u00f3n p\u00fablico-privada e incluir en la percepci\u00f3n p\u00fablica<\/strong>\u201d.<\/p>\n<p>En cuanto a la situaci\u00f3n generada por la pandemia ha a\u00f1adido, \u201cla <strong>vacuna trae una nueva percepci\u00f3n p\u00fablica sobre la importancia de la ciencia en la sociedad<\/strong>. Aporta un momento optimista donde <strong>vamos a tener m\u00e1s conciencia sobre la ciencia y la innovaci\u00f3n y trae un nuevo reparto de riesgos entre el sector p\u00fablico privado y comunidad<\/strong>\u201d.<\/p>\n<p><strong>El presidente de Agbar, \u00c1ngel Sim\u00f3n<\/strong>, que ha presentado el di\u00e1logo, ha afirmado:<strong> \u201cla ciencia y la innovaci\u00f3n juegan un papel fundamental para dar respuesta a los retos que afrontamos como sociedad<\/strong>, son indisociables al progreso y tienen que servir de palanca para disminuir las desigualdades. <strong>Las soluciones, m\u00e1s que nunca, tienen que ser conjuntas, construidas desde el impulso de las alianzas<\/strong>\u201d.[\/vc_column_text]<div class=\"flexslider wpb_content_element\"><ul class=\"slides\"><li><img src=\"\" alt=\"\" \/><\/li><li><img src=\"\" alt=\"\" \/><\/li><li><img src=\"\" alt=\"\" \/><\/li><\/ul><\/div>[vc_column_text]<\/p>\n<p><span style=\"color: #c1002b;\"><strong>El papel de la ciencia e innovaci\u00f3n como motor econ\u00f3mico<\/strong><\/span><\/p>\n<p>Tras la segunda sesi\u00f3n del ciclo, dedicada a la renovaci\u00f3n del t\u00e9rmino \u2018contrato social\u2019, m\u00e1s enfocado hacia la libertad de los individuos dentro de la sociedad y en la desigualdad, este di\u00e1logo ha remarcado c\u00f3mo la ciencia y la innovaci\u00f3n son un motor econ\u00f3mico y c\u00f3mo se debe luchar para acabar con las desigualdades en este \u00e1mbito. \u00a0Desde la Societat Barcelonina d\u2019Estudis Econ\u00f2mics i Socials se ha puesto de manifiesto la relevancia que tiene la pol\u00edtica para progresar en ciencia e innovaci\u00f3n, siendo clave su papel para promover avances y cambios positivos en el sector. Tambi\u00e9n se ha remarcado la necesidad de crear estrategias a largo plazo, que vayan m\u00e1s all\u00e1 de la financiaci\u00f3n.<\/p>\n<p>Respecto a la situaci\u00f3n actual de la digitalizaci\u00f3n, se ha debatido sobre las desigualdades de acceso que est\u00e1 generando y la destrucci\u00f3n de viejos empleos, que no son compensados a la misma velocidad, con la creaci\u00f3n de nuevos perfiles laborales. En este sentido, una de las soluciones propuestas ha sido la de formar y reciclar a los trabajadores de cierta edad, para que sean parte de la nueva sociedad y de los avances tecnol\u00f3gicos. Por \u00faltimo, tambi\u00e9n se ha valorado c\u00f3mo se podr\u00edan mejorar las sinergias entre las universidades y el tejido empresarial y sobre c\u00f3mo mejorar la situaci\u00f3n de los cient\u00edficos e investigadores en Espa\u00f1a para retener el talento nacional.<\/p>\n<p><span style=\"color: #c1002b;\"><strong>6 conferencias sobre el progreso en el siglo XXI <\/strong><\/span><\/p>\n<p><strong>\u00a0<\/strong>Teniendo en cuenta el contexto actual, los seis encuentros enmarcados en el ciclo \u2018El Progreso en el siglo XXI\u2019 pretenden destacar que, sin una lucha decidida contra las desigualdades, el progreso econ\u00f3mico, cient\u00edfico, tecnol\u00f3gico y cultural no ser\u00e1 posible en el siglo XXI. La Societat Barcelonina d\u2019Estudis Econ\u00f2mics i Socials de Foment del Treball cree que los objetivos de desarrollo sostenibles ODS 2030, que se establecen como factores clave en la lucha contra la pobreza, el hambre, la salud, la energ\u00eda, la lucha contra el cambio clim\u00e1tico o la producci\u00f3n y consumo responsable, nos ponen sobre la pista de que no ser\u00e1 posible mantener el ideal de progreso sin una agenda social capaz de abordar el problema de las desigualdades.<\/p>\n<p>A lo largo de todo el ciclo de conferencias ser\u00e1 el presidente del Consejo Econ\u00f3mico y Social (CES), Ant\u00f3n Costas, quien dialogar\u00e1 con las voces m\u00e1s autorizadas del \u00e1mbito pol\u00edtico, social, econ\u00f3mico y cultural, para abordar la relaci\u00f3n directa en progreso y la lucha con la desigualdad social. Charlas que, desde diferentes \u00e1ngulos pol\u00edticos y sociales, buscan la recuperaci\u00f3n de valores c\u00edvicos como la solidaridad, la fraternidad, la colaboraci\u00f3n o la cooperaci\u00f3n para hacer frente a los retos que tenemos como sociedad para encarar el futuro.[\/vc_column_text][\/vc_column][\/vc_row]<\/p>\n<\/section>","protected":false},"excerpt":{"rendered":"<p>[vc_row][vc_column][vc_column_text] El di\u00e1logo \u2018Ciencia e innovaci\u00f3n como motor econ\u00f3mico y lucha contra la desigualdad\u2019, impulsado por la Societat Barcelonina d\u2019Estudis Econ\u00f2mics i Socials de Foment del Treball, se ha celebrado esta ma\u00f1ana en el Palau Macaya de Barcelona en el marco del ciclo de conferencias \u2018El progreso en el siglo XXI\u2019 \u00a0Este encuentro es el tercero de un ciclo de seis conferencias, donde participar\u00e1n distintas autoridades del \u00e1mbito pol\u00edtico, social, econ\u00f3mico y cultural del pa\u00eds y que busca destacar que, sin una lucha decidida contra las desigualdades, el progreso econ\u00f3mico, cient\u00edfico, tecnol\u00f3gico y cultural no ser\u00e1 posible en el siglo XXI Esta ma\u00f1ana ha tenido lugar el tercer di\u00e1logo enmarcado dentro del ciclo de conferencias \u2018El Progreso en el siglo XXI\u2019, impulsado por la Societat Barcelonina d\u2019Estudis Econ\u00f2mics i Socials de Foment del Treball en el Palacio Macaya de Barcelona, bajo el t\u00edtulo \u2018Ciencia e innovaci\u00f3n como motor econ\u00f3mico y lucha contra la desigualdad\u2019, donde la presidenta de la Fundaci\u00f3n Cotec y ex ministra de Ciencia e Innovaci\u00f3n del Gobierno de Espa\u00f1a (2008 \u2013 2011), Cristina Garmendia, y el presidente del Consejo Econ\u00f3mico y Social (CES), Ant\u00f3n Costas, han debatido sobre la situaci\u00f3n de Espa\u00f1a respecto a otros pa\u00edses europeos [&hellip;]<\/p>\n","protected":false},"author":1,"featured_media":126919,"comment_status":"closed","ping_status":"closed","sticky":false,"template":"","format":"standard","meta":{"_links_to":"","_links_to_target":""},"categories":[114,5605,68],"tags":[4855,4857],"acf":[],"wps_subtitle":"Ciclo de conferencias \u2018El Progreso en el siglo XXI\u2019","_links":{"self":[{"href":"https:\/\/www.foment.com\/es\/wp-json\/wp\/v2\/posts\/125883"}],"collection":[{"href":"https:\/\/www.foment.com\/es\/wp-json\/wp\/v2\/posts"}],"about":[{"href":"https:\/\/www.foment.com\/es\/wp-json\/wp\/v2\/types\/post"}],"author":[{"embeddable":true,"href":"https:\/\/www.foment.com\/es\/wp-json\/wp\/v2\/users\/1"}],"replies":[{"embeddable":true,"href":"https:\/\/www.foment.com\/es\/wp-json\/wp\/v2\/comments?post=125883"}],"version-history":[{"count":2,"href":"https:\/\/www.foment.com\/es\/wp-json\/wp\/v2\/posts\/125883\/revisions"}],"predecessor-version":[{"id":126182,"href":"https:\/\/www.foment.com\/es\/wp-json\/wp\/v2\/posts\/125883\/revisions\/126182"}],"wp:featuredmedia":[{"embeddable":true,"href":"https:\/\/www.foment.com\/es\/wp-json\/wp\/v2\/media\/126919"}],"wp:attachment":[{"href":"https:\/\/www.foment.com\/es\/wp-json\/wp\/v2\/media?parent=125883"}],"wp:term":[{"taxonomy":"category","embeddable":true,"href":"https:\/\/www.foment.com\/es\/wp-json\/wp\/v2\/categories?post=125883"},{"taxonomy":"post_tag","embeddable":true,"href":"https:\/\/www.foment.com\/es\/wp-json\/wp\/v2\/tags?post=125883"}],"curies":[{"name":"wp","href":"https:\/\/api.w.org\/{rel}","templated":true}]}}