{"id":125904,"date":"2021-05-19T11:10:42","date_gmt":"2021-05-19T09:10:42","guid":{"rendered":"https:\/\/www.foment.com\/fundacio-ceoe-pla-sumamos-salud-economia\/"},"modified":"2021-09-12T19:30:30","modified_gmt":"2021-09-12T17:30:30","slug":"fundacion-ceoe-plan-sumamos-salud-economia","status":"publish","type":"post","link":"https:\/\/www.foment.com\/es\/fundacion-ceoe-plan-sumamos-salud-economia\/","title":{"rendered":"Fundaci\u00f3n CEOE firma con Foment del Treball su adhesi\u00f3n al \u2018Plan Sumamos. Salud + Econom\u00eda\u2019"},"content":{"rendered":"<ul>\n<li><strong>El presidente de la CEOE, Antonio Garamendi, la presidenta de Fundaci\u00f3n CEOE, F\u00e1tima B\u00e1\u00f1ez, y el presidente del Foment del Treball Nacional, Josep S\u00e1nchez Llibre, han suscrito este jueves un acuerdo por el que se crea un marco de colaboraci\u00f3n para agilizar proyectos entre las partes. En el acto tambi\u00e9n ha estado presente el presidente de Cepyme, Gerardo Cuerva.<\/strong><\/li>\n<li><strong>El presidente de CEOE ha se\u00f1alado la importancia de seguir aunando esfuerzos en torno al \u2018Plan Sumamos\u2019 para acabar cuanto antes con la crisis sanitaria y acelerar la recuperaci\u00f3n econ\u00f3mica.<\/strong><\/li>\n<\/ul>\n<p>El presidente de la CEOE, Antonio Garamendi, la presidenta de la Fundaci\u00f3n CEOE, F\u00e1tima B\u00e1\u00f1ez, y el presidente del Foment del Treball Nacional, Josep S\u00e1nchez-Llibre, han suscrito este mi\u00e9rcoles un acuerdo para crear un marco de colaboraci\u00f3n en el que agilizar el desarrollo de proyectos entre las partes, entre ellos el refuerzo de la campa\u00f1a de vacunaci\u00f3n o el desarrollo de proyectos solidarios para colectivos vulnerables a trav\u00e9s del \u2018Plan Sumamos. Salud + Econom\u00eda\u2019. En el acto tambi\u00e9n ha estado presente el presidente de Cepyme, Gerardo Cuerva.<\/p>\n<p>Concretamente, Foment del Treball, con el apoyo de la Fundaci\u00f3n CEOE, amplificar\u00e1 y reforzar\u00e1 las actuaciones de las autoridades sanitarias, poniendo las herramientas y medios al alcance de las empresas.<\/p>\n<p>La vacunaci\u00f3n masiva para alcanzar el 70% de inmunidad en la poblaci\u00f3n es actualmente el principal objetivo para luchar contra la pandemia y recuperar la normalidad social y econ\u00f3mica.<\/p>\n<p>Por ello, la Fundaci\u00f3n CEOE ha suscrito junto a la Seguridad Social y las mutuas un acuerdo de colaboraci\u00f3n en el marco del \u2018Plan Sumamos\u2019 para que estas puedan vacunar y agilizar as\u00ed la campa\u00f1a de vacunaci\u00f3n.<\/p>\n<p>Concretamente, en Catalu\u00f1a hay 186 centros de mutuas que disponen de 2.000 efectivos sanitarios, cuya colaboraci\u00f3n podr\u00eda amplificar la capacidad de vacunaci\u00f3n en la comunidad hasta un 30%.<\/p>\n<p>En este sentido, Foment del Treball se compromete activa y directamente para conseguir este objetivo en Catalu\u00f1a. Por ello, Josep S\u00e1nchez Llibre ha subrayado: \u201cLas empresas ofrecen su plena colaboraci\u00f3n en la campa\u00f1a de inmunizaci\u00f3n masiva de la poblaci\u00f3n, con el objetivo de acelerar la\u00a0 administraci\u00f3n de la vacuna a los trabajadores cumpliendo todos los protocolos de la autoridad sanitaria. La vacunaci\u00f3n en centros de trabajo evitar\u00e1 el desplazamiento de trabajadores y sanitarios y, por lo tanto, las\u00a0 aglomeraciones y concentraciones masivas de personas en los centros de vacunaci\u00f3n\u201d.<\/p>\n<p>Por su parte, el presidente de CEOE, Antonio Garamendi, ha destacado que \u201ces fundamental seguir sumando esfuerzos entre el sector p\u00fablico y el privado para lograr superar cuanto antes la pandemia y propiciar que, fruto de esa colaboraci\u00f3n, se pueda acelerar la recuperaci\u00f3n econ\u00f3mica\u201d.<\/p>\n<p><span style=\"color: #c1002b;\"><strong>Plan Sumamos. Salud + Econom\u00eda<\/strong><\/span><\/p>\n<p>El Plan Sumamos de la Fundaci\u00f3n CEOE contempla un conjunto de cinco iniciativas mediante las que las empresas pueden ayudar, que van desde el testeo (prestando apoyo para la realizaci\u00f3n de test masivos en sus centros de trabajo, donando recursos, material y espacios); el rastreo (apoyado la adopci\u00f3n masiva de la aplicaci\u00f3n Radar COVID mediante campa\u00f1as de comunicaci\u00f3n a los trabajadores, proveedores o clientes); \u00a0iniciativas de comunicaci\u00f3n, atenci\u00f3n a los colectivos m\u00e1s vulnerables, hasta la vacunaci\u00f3n.<\/p>\n<p>Con la adhesi\u00f3n al Plan Sumamos, Foment del Treball quiere lograr el tan necesario equilibrio entre salud y econom\u00eda, un binomio para el que hoy se han puesto unos mimbres fundamentales de colaboraci\u00f3n.<\/p>\n","protected":false},"excerpt":{"rendered":"<p>El presidente de la CEOE, Antonio Garamendi, la presidenta de Fundaci\u00f3n CEOE, F\u00e1tima B\u00e1\u00f1ez, y el presidente del Foment del Treball Nacional, Josep S\u00e1nchez Llibre, han suscrito este jueves un acuerdo por el que se crea un marco de colaboraci\u00f3n para agilizar proyectos entre las partes. En el acto tambi\u00e9n ha estado presente el presidente de Cepyme, Gerardo Cuerva. El presidente de CEOE ha se\u00f1alado la importancia de seguir aunando esfuerzos en torno al \u2018Plan Sumamos\u2019 para acabar cuanto antes con la crisis sanitaria y acelerar la recuperaci\u00f3n econ\u00f3mica. El presidente de la CEOE, Antonio Garamendi, la presidenta de la Fundaci\u00f3n CEOE, F\u00e1tima B\u00e1\u00f1ez, y el presidente del Foment del Treball Nacional, Josep S\u00e1nchez-Llibre, han suscrito este mi\u00e9rcoles un acuerdo para crear un marco de colaboraci\u00f3n en el que agilizar el desarrollo de proyectos entre las partes, entre ellos el refuerzo de la campa\u00f1a de vacunaci\u00f3n o el desarrollo de proyectos solidarios para colectivos vulnerables a trav\u00e9s del \u2018Plan Sumamos. Salud + Econom\u00eda\u2019. En el acto tambi\u00e9n ha estado presente el presidente de Cepyme, Gerardo Cuerva. Concretamente, Foment del Treball, con el apoyo de la Fundaci\u00f3n CEOE, amplificar\u00e1 y reforzar\u00e1 las actuaciones de las autoridades sanitarias, poniendo las herramientas y [&hellip;]<\/p>\n","protected":false},"author":1,"featured_media":125469,"comment_status":"closed","ping_status":"closed","sticky":false,"template":"","format":"standard","meta":{"_links_to":"","_links_to_target":""},"categories":[2735,114,68],"tags":[],"acf":[],"wps_subtitle":"S\u00e1nchez Llibre ha subrayado que \u201clas empresas ofrecen su plena colaboraci\u00f3n en la campa\u00f1a de inmunizaci\u00f3n masiva de la poblaci\u00f3n, con el objetivo de acelerar la\u00a0 administraci\u00f3n de la vacuna a los trabajadores cumpliendo todos los protocolos de la autoridad sanitaria\"","_links":{"self":[{"href":"https:\/\/www.foment.com\/es\/wp-json\/wp\/v2\/posts\/125904"}],"collection":[{"href":"https:\/\/www.foment.com\/es\/wp-json\/wp\/v2\/posts"}],"about":[{"href":"https:\/\/www.foment.com\/es\/wp-json\/wp\/v2\/types\/post"}],"author":[{"embeddable":true,"href":"https:\/\/www.foment.com\/es\/wp-json\/wp\/v2\/users\/1"}],"replies":[{"embeddable":true,"href":"https:\/\/www.foment.com\/es\/wp-json\/wp\/v2\/comments?post=125904"}],"version-history":[{"count":1,"href":"https:\/\/www.foment.com\/es\/wp-json\/wp\/v2\/posts\/125904\/revisions"}],"predecessor-version":[{"id":126184,"href":"https:\/\/www.foment.com\/es\/wp-json\/wp\/v2\/posts\/125904\/revisions\/126184"}],"wp:featuredmedia":[{"embeddable":true,"href":"https:\/\/www.foment.com\/es\/wp-json\/wp\/v2\/media\/125469"}],"wp:attachment":[{"href":"https:\/\/www.foment.com\/es\/wp-json\/wp\/v2\/media?parent=125904"}],"wp:term":[{"taxonomy":"category","embeddable":true,"href":"https:\/\/www.foment.com\/es\/wp-json\/wp\/v2\/categories?post=125904"},{"taxonomy":"post_tag","embeddable":true,"href":"https:\/\/www.foment.com\/es\/wp-json\/wp\/v2\/tags?post=125904"}],"curies":[{"name":"wp","href":"https:\/\/api.w.org\/{rel}","templated":true}]}}