{"id":125940,"date":"2021-03-30T14:28:13","date_gmt":"2021-03-30T12:28:13","guid":{"rendered":"https:\/\/www.foment.com\/fons-europeus-oportunitat-avancar-major-sobirania-industrial\/"},"modified":"2021-09-12T21:05:39","modified_gmt":"2021-09-12T19:05:39","slug":"fondos-europeos-oportunidad-avanzar-mayor-sobirania-industrial","status":"publish","type":"post","link":"https:\/\/www.foment.com\/es\/fondos-europeos-oportunidad-avanzar-mayor-sobirania-industrial\/","title":{"rendered":"Los fondos europeos, una oportunidad para avanzar hacia una mayor soberan\u00eda industrial"},"content":{"rendered":"<section class=\"wpb-content-wrapper\"><p>[vc_row][vc_column width=\u00bb1\/1&#8243;][vc_column_text]El Gobierno de Espa\u00f1a se dispone a presentar, en las pr\u00f3ximas semanas, su plan nacional definitivo de reformas e inversiones\u00a0para la modernizaci\u00f3n social, econ\u00f3mica y ecol\u00f3gica de nuestro pa\u00eds. En el marco del Fondo de Recuperaci\u00f3n Europeo, acordado por el Consejo Europeo el pasado mes de julio de 2020 y dotado con 750.000 millones de euros, con el objetivo de apoyar en los pa\u00edses m\u00e1s afectados por la pandemia, Espa\u00f1a podr\u00e1 recibir hasta 150.000 millones de euros a ejecutar hasta 2026.<\/p>\n<p>En este contexto, el departamento de Internacional de Foment del Treball ha organizado un webinar con la participaci\u00f3n de la subdirectora general de Apoyo a la PYME (Direcci\u00f3n General de Industria y de la Peque\u00f1a y mediana empresa, Ministerio de Industria, Comercio y Turismo \u2013 MINCOTUR),y miembro del Comit\u00e9 T\u00e9cnico\u00a0para el Plan de Recuperaci\u00f3n, Transformaci\u00f3n y Resiliencia, Mar\u00eda Mu\u00f1oz Mart\u00ednez, quien ha analizado la situaci\u00f3n actual tanto del Plan europeo como del nacional, as\u00ed como los requerimientos que las Administraciones P\u00fablicas espa\u00f1olas est\u00e1n estableciendo en las diferentes convocatorias de ayudas y subvenciones, con el objetivo de ayudar a las empresas a dise\u00f1ar proyectos de inversi\u00f3n que sean s\u00f3lidos, sostenibles y elegibles para recibir fondos p\u00fablicos para su ejecuci\u00f3n.<\/p>\n<p>\u00abTenemos la oportunidad de recuperar el valor a\u00f1adido de la industria espa\u00f1ola. Europa tambi\u00e9n comparte este objetivo de avanzar hacia una mayor soberan\u00eda industrial, despu\u00e9s de quedar demostrado que los pa\u00edses con una potente industria son m\u00e1s resilentes. Sin olvidar que, tal y como marca el plan, las inversiones tienen que tener una doble componente sostenible y digital\u00bb, ha destacado Mu\u00f1oz Mart\u00ednez.<\/p>\n<p>En esta l\u00ednea, la presidenta de la Comisi\u00f3n de la Uni\u00f3n Europea y Programas Europeos de la patronal, Mi Helena de Felipe, ha se\u00f1alado que desde Fomento se seguir\u00e1 promoviendo la identificaci\u00f3n de proyectos lavables, innovadores y coincidentes con las prioridades europeas y recomenacions del Semestre Europeo, sin olvidar que hay que incentivar tambi\u00e9n una colaboraci\u00f3n publicoprivada para lograr los objetivos de recuperaci\u00f3n eocn\u00f2mica\u00bb.<\/p>\n<p>[\/vc_column_text]<div class=\"flexslider wpb_content_element\"><ul class=\"slides\"><li><img src=\"https:\/\/www.foment.com\/wp-content\/uploads\/2021\/05\/guillermo-vallet.jpg\" alt=\"\" \/><\/li><li><img src=\"https:\/\/www.foment.com\/wp-content\/uploads\/2021\/05\/agenda.png\" alt=\"\" \/><\/li><li><img src=\"https:\/\/www.foment.com\/wp-content\/uploads\/2021\/05\/pilota.png\" alt=\"\" \/><\/li><\/ul><\/div>[\/vc_column][\/vc_row]<\/p>\n<\/section>","protected":false},"excerpt":{"rendered":"<p>[vc_row][vc_column width=\u00bb1\/1&#8243;][vc_column_text]El Gobierno de Espa\u00f1a se dispone a presentar, en las pr\u00f3ximas semanas, su plan nacional definitivo de reformas e inversiones\u00a0para la modernizaci\u00f3n social, econ\u00f3mica y ecol\u00f3gica de nuestro pa\u00eds. En el marco del Fondo de Recuperaci\u00f3n Europeo, acordado por el Consejo Europeo el pasado mes de julio de 2020 y dotado con 750.000 millones de euros, con el objetivo de apoyar en los pa\u00edses m\u00e1s afectados por la pandemia, Espa\u00f1a podr\u00e1 recibir hasta 150.000 millones de euros a ejecutar hasta 2026. En este contexto, el departamento de Internacional de Foment del Treball ha organizado un webinar con la participaci\u00f3n de la subdirectora general de Apoyo a la PYME (Direcci\u00f3n General de Industria y de la Peque\u00f1a y mediana empresa, Ministerio de Industria, Comercio y Turismo \u2013 MINCOTUR),y miembro del Comit\u00e9 T\u00e9cnico\u00a0para el Plan de Recuperaci\u00f3n, Transformaci\u00f3n y Resiliencia, Mar\u00eda Mu\u00f1oz Mart\u00ednez, quien ha analizado la situaci\u00f3n actual tanto del Plan europeo como del nacional, as\u00ed como los requerimientos que las Administraciones P\u00fablicas espa\u00f1olas est\u00e1n estableciendo en las diferentes convocatorias de ayudas y subvenciones, con el objetivo de ayudar a las empresas a dise\u00f1ar proyectos de inversi\u00f3n que sean s\u00f3lidos, sostenibles y elegibles para recibir fondos p\u00fablicos para su ejecuci\u00f3n. [&hellip;]<\/p>\n","protected":false},"author":1,"featured_media":126368,"comment_status":"closed","ping_status":"closed","sticky":false,"template":"","format":"standard","meta":{"_links_to":"","_links_to_target":""},"categories":[114,72],"tags":[3805,3802,3965,3499,3073,2829],"acf":[],"wps_subtitle":"Durante el webinar se ha destacado la necesidad de recuperar el valor a\u00f1adido de la industria espa\u00f1ola para lograr la recuperaci\u00f3n econ\u00f3mica","_links":{"self":[{"href":"https:\/\/www.foment.com\/es\/wp-json\/wp\/v2\/posts\/125940"}],"collection":[{"href":"https:\/\/www.foment.com\/es\/wp-json\/wp\/v2\/posts"}],"about":[{"href":"https:\/\/www.foment.com\/es\/wp-json\/wp\/v2\/types\/post"}],"author":[{"embeddable":true,"href":"https:\/\/www.foment.com\/es\/wp-json\/wp\/v2\/users\/1"}],"replies":[{"embeddable":true,"href":"https:\/\/www.foment.com\/es\/wp-json\/wp\/v2\/comments?post=125940"}],"version-history":[{"count":1,"href":"https:\/\/www.foment.com\/es\/wp-json\/wp\/v2\/posts\/125940\/revisions"}],"predecessor-version":[{"id":126255,"href":"https:\/\/www.foment.com\/es\/wp-json\/wp\/v2\/posts\/125940\/revisions\/126255"}],"wp:featuredmedia":[{"embeddable":true,"href":"https:\/\/www.foment.com\/es\/wp-json\/wp\/v2\/media\/126368"}],"wp:attachment":[{"href":"https:\/\/www.foment.com\/es\/wp-json\/wp\/v2\/media?parent=125940"}],"wp:term":[{"taxonomy":"category","embeddable":true,"href":"https:\/\/www.foment.com\/es\/wp-json\/wp\/v2\/categories?post=125940"},{"taxonomy":"post_tag","embeddable":true,"href":"https:\/\/www.foment.com\/es\/wp-json\/wp\/v2\/tags?post=125940"}],"curies":[{"name":"wp","href":"https:\/\/api.w.org\/{rel}","templated":true}]}}