{"id":125944,"date":"2021-04-06T13:28:14","date_gmt":"2021-04-06T11:28:14","guid":{"rendered":"https:\/\/www.foment.com\/xavier-trias-demana-gran-acord-metropolita-soluciona-actual-problema-habitatge\/"},"modified":"2021-09-12T20:52:33","modified_gmt":"2021-09-12T18:52:33","slug":"entrevistas-exalcaldes-barcelona-reto-metropolitano","status":"publish","type":"post","link":"https:\/\/www.foment.com\/es\/entrevistas-exalcaldes-barcelona-reto-metropolitano\/","title":{"rendered":"Cuatro exalcaldes opinan sobre le futuro del \u00e1rea metropolitana de Barcelona"},"content":{"rendered":"<section class=\"wpb-content-wrapper\"><p>[vc_row][vc_column][vc_column_text]<\/p>\n<ul>\n<li><strong>Trias pide un gran acuerdo metropolitano para solucionar el actual problema de la vivienda.<\/strong><\/li>\n<li><strong>Hereu coincide en la necesidad de llegar a un acuerdo en pol\u00edtica de vivienda y tom\u00e1rselo seriamente.<\/strong><\/li>\n<li><strong>Serra destaca que uno de los principales problemas alrededor de la vivienda est\u00e1 relacionado con la renta.<\/strong><\/li>\n<li><strong>Clos considera que la vivienda, del mismo modo que el medio ambiente, las infraestructuras y el transporte se tendr\u00eda que dejar en manos de una veguer\u00eda metropolitana.<\/strong><\/li>\n<li><strong>La regi\u00f3n metropolitana de Barcelona es otro de los principales temas que han abordado los antiguos alcaldes, debate central de Rethink Barcelona, espacio referente de an\u00e1lisis y reflexi\u00f3n impulsado por la Sociedad Barcelonesa de Estudios Econ\u00f3micos y Sociales de Foment del Treball.<\/strong><\/li>\n<\/ul>\n<p>La vivienda solo se solucionar\u00e1 con un gran acuerdo que no puede ser solo de ciudad, sino metropolitano, y esto exige una inversi\u00f3n constante en vivienda de alquiler\u201d, as\u00ed lo ha expresado el exalcalde de Barcelona, Xavier Trias, en una entrevista en <a href=\"https:\/\/rethinkbcn.cat\/category\/cicle-1\/bcn-dialegs\/\">BCN Di\u00e1logos<\/a>, espacio de entrevistas de Rethink Barcelona, impulsado por la Sociedad Barcelonesa de Estudios Econ\u00f3micos y Sociales de Foment del Treball. Durante el di\u00e1logo que ha mantenido con el periodista Pep Mart\u00ed, Trias ha destacado que, junto con la pobreza, el problema m\u00e1s gordo que actualmente tiene Barcelona y su \u00e1rea metropolitana es que no se ha construido vivienda ni p\u00fablica ni privada y que muchas personas viven en riesgo de exclusi\u00f3n social. Ha destacado el Arrabal o Ciudad Meridiana como algunos de los barrios m\u00e1s afectados. En este sentido, subraya: \u201cDebe haber un acuerdo para veinte a\u00f1os, como el que ha funcionado en sanidad. Han pasado diferentes gobiernos y durante m\u00e1s de veinte a\u00f1os se ha respetado el trabajo hecho por el anterior\u201d.<\/p>\n<p>Sobre esta cuesti\u00f3n tambi\u00e9n se han expresado otras exalcaldes de la capital catalana como Joan Clos, Jordi Hereu i Narciso Serra entrevistados por Josep Mart\u00ed Font i Manel Manch\u00f3n, en el espacio BCN Di\u00e1logos. Concretamente, Hereu coincide firmemente con Trias en la necesidad de llegar a un acuerdo en pol\u00edtica de vivienda y tom\u00e1rselo seriamente. Un tema que para el exalcalde no va en l\u00ednea con \u201clos epifen\u00f3menos de espect\u00e1culos con la regidora de Vivienda poni\u00e9ndose ante una concentraci\u00f3n para evitar un desahucio. Est\u00e1 muy bien, pero esta es la pol\u00edtica? Es muy importante evitar el desahucio de alguien a quien no se tendr\u00eda que desahuciar. Pero lo importante es construir miles y miles de viviendas nuevas. Nos recreamos en las consecuencias y no atacamos las causas. Dejamos el espect\u00e1culo y trabajamos. Exigimos al Estado que ponga el dinero y no vamos a la Generalitat, que no hace nada en vivienda\u201d. Adem\u00e1s, apuesta por aspirar a una bolsa com\u00fan de viviendas, con sorteo metropolitano y apunta que la COVID-19 nos ha ense\u00f1ado que \u201ces muy importante la vivienda y su salubridad, en el lugar donde vivimos\u201d, y ha puesto de manifiesto que la pandemia tambi\u00e9n ha hecho estallar de una manera muy pl\u00e1stica la desigualdad social.<\/p>\n<p>Un aspecto sobre el cual tambi\u00e9n se ha referido Narc\u00eds Serra, quien destaca que uno de los principales problemas alrededor de la vivienda est\u00e1 relacionado con la renta. \u201cSi los vecinos que se ven obligados a dejar su barrio pudieran vivir en otro, no ser\u00edan necesarias las protestas. La cuesti\u00f3n es que se los env\u00eda a la marginalidad. Es la llamada gentrificaci\u00f3n. Se expulsa al d\u00e9bil. Y es evidente que se requieren pol\u00edticas de vivienda\u201d. Adem\u00e1s, coincide con Trias en que se necesitan horizontes de diez a\u00f1os o m\u00e1s en pol\u00edticas de vivienda. Joan Clos, en su entrevista, considera que la vivienda, del mismo modo que el medio ambiente, las infraestructuras y el transporte se tendr\u00eda que dejar en manos de una veguer\u00eda metropolitana.<\/p>\n<p><span style=\"color: #c1002b;\"><b style=\"color: #c1002b;\">El debate sobre el <\/b><span style=\"color: #c1002b;\"><b>\u00c1rea<\/b><\/span><b style=\"color: #c1002b;\"> Metropolitana de Barcelona<\/b><\/span><\/p>\n<p>Otro de los puntos centrales de la entrevista a Trias ha estado como desde su \u00f3ptica ve la evoluci\u00f3n natural del \u00e1rea Metropolitana de Barcelona y, en este contexto, el exalcalde tambi\u00e9n se ha referido a las veguer\u00edas. Concretamente ha dicho que \u201clo que se tiene que plantear es si se va hacia un sistema de veguer\u00edas, si es un sue\u00f1o o si va en serio. Si va en serio, implica la desaparici\u00f3n de las diputaciones y que el poder territorial lo tendr\u00e1n las veguer\u00edas. Eso s\u00ed que supone una descentralizaci\u00f3n de poder muy grande. Y si Espa\u00f1a fuera un estado plurinacional o si fu\u00e9ramos independientes, este poder territorial ser\u00eda enorme\u201d. As\u00ed mismo, ha a\u00f1adido que \u201csi un d\u00eda se suprimen las diputaciones y se establecen las veguer\u00edas, y tenemos la veguer\u00eda de Barcelona, que ser\u00eda el \u00e1rea metropolitana ampliada, tendremos que decidir qu\u00e9 capacidad de decisi\u00f3n tiene. Este es el debate de base y este debate no lo har\u00e1 la sociedad civil\u201d. En este sentido cree que lo tienen que protagonizar los alcaldes, puesto que se juegan el territorio y, por lo tanto, \u201cel \u00e1rea metropolitana o funciona de su mano o no ir\u00e1 bien\u201d.<\/p>\n<p>En cuanto al sistema de veguer\u00edas, Jordi Hereu asegura: \u201cSe plante\u00f3 como la Generalitat se ten\u00eda que descentralizar como gobierno y emerg\u00eda el debate sobre la Diputaci\u00f3n de Barcelona, que se fragmentaba en dos, la del interior y la que ser\u00eda el embri\u00f3n de la regi\u00f3n metropolitana. Una entidad de gobierno local, de bajo arriba. Har\u00eda falta que los mapas del gobierno de Catalu\u00f1a se descentralizaran y que los gobiernos locales pudieran hacer tareas de coordinaci\u00f3n. Se ha visto con la pandemia, con el debate sobre donde se ponen los l\u00edmites. Ha habido cierto desmadre. Solo Barcelona estaba interlocutando con el Gobierno, como si la \u00c1rea Metropolitana de Barcelona (AMB) no existiera. Se ha visto que el AMB es un gestor de servicios, pero todav\u00eda est\u00e1 en proceso de ser gobierno\u201d. En lo referente a esto, Hereu cree que la \u00e1rea metropolitana gestiona \u00e1reas importantes y ha hecho ya irreversible la idea de que ciertas cosas solo se pueden gestionar mancomunadamente, y que esto supone un paso gradual hacia una mayor conciencia metropolitana. Aun as\u00ed asegura que \u201cBarcelona todav\u00eda no tiene incorporada una mirada de regi\u00f3n metropolitana\u201d.<\/p>\n<p>Por su parte, Narc\u00eds Serra destaca que \u201cuna ciudad se hace grande cuando hay un esfuerzo colectivo, esfuerzo privado y p\u00fablico. A veces se llama a que los alcaldes tienen que solucionar problemas simples e inmediatos. Pero yo creo que tienen encargos m\u00e1s importantes y uno de ellos es el de cultivar el esp\u00edritu de la ciudad, como fen\u00f3meno c\u00edvico\u201d. Tambi\u00e9n se refiere a la necesidad de un gobierno metropolitano que\u201cse tiene que hacer de bajo arriba, del \u00e1rea metropolitana en la regi\u00f3n metropolitana. Y tienen que haber soluciones de transporte p\u00fablico. Ahora bien, para llevar a cabo determinadas soluciones, necesitas un determinado nivel de renta. Y esto es lo que se tiene que ir consiguiendo como objetivo m\u00e1s urgente: crecimiento m\u00e1s igualitario\u201d.<\/p>\n<p>Y sobre la movilidad en Barcelona y su \u00e1rea metropolitana, tambi\u00e9n se ha referido el exalcalde Clos: \u201cEl tema de la movilidad y el transporte colectivo, hoy en d\u00eda se articula en forma de una especie de reino de taifas completamente ineficaz. Cercan\u00edas, TMB, Ferrocarriles de la Generalitat, tranv\u00eda, m\u00e1s los transportes de empresas municipales, funcionan cada uno por su cuenta, sin que haya una figura que asuma una responsabilidad clara. Esto hace que los planes de inversi\u00f3n sean una suma asim\u00e9trica de deseos particulares. Cada uno tiene una petici\u00f3n para cuidar de su jard\u00edn, pero olvida el conjunto\u201d. Adem\u00e1s, ha a\u00f1adido que, como continuaci\u00f3n l\u00f3gica de su evoluci\u00f3n, Barcelona necesita un crecimiento en cantidad y calidad y que tambi\u00e9n tiene que crecer para generar m\u00e1s prosperidad para el conjunto de Catalu\u00f1a y por eso necesita una gobernanza metropolitana.<\/p>\n<p>[\/vc_column_text][\/vc_column][\/vc_row]<\/p>\n<\/section>","protected":false},"excerpt":{"rendered":"<p>[vc_row][vc_column][vc_column_text] Trias pide un gran acuerdo metropolitano para solucionar el actual problema de la vivienda. Hereu coincide en la necesidad de llegar a un acuerdo en pol\u00edtica de vivienda y tom\u00e1rselo seriamente. Serra destaca que uno de los principales problemas alrededor de la vivienda est\u00e1 relacionado con la renta. Clos considera que la vivienda, del mismo modo que el medio ambiente, las infraestructuras y el transporte se tendr\u00eda que dejar en manos de una veguer\u00eda metropolitana. La regi\u00f3n metropolitana de Barcelona es otro de los principales temas que han abordado los antiguos alcaldes, debate central de Rethink Barcelona, espacio referente de an\u00e1lisis y reflexi\u00f3n impulsado por la Sociedad Barcelonesa de Estudios Econ\u00f3micos y Sociales de Foment del Treball. La vivienda solo se solucionar\u00e1 con un gran acuerdo que no puede ser solo de ciudad, sino metropolitano, y esto exige una inversi\u00f3n constante en vivienda de alquiler\u201d, as\u00ed lo ha expresado el exalcalde de Barcelona, Xavier Trias, en una entrevista en BCN Di\u00e1logos, espacio de entrevistas de Rethink Barcelona, impulsado por la Sociedad Barcelonesa de Estudios Econ\u00f3micos y Sociales de Foment del Treball. Durante el di\u00e1logo que ha mantenido con el periodista Pep Mart\u00ed, Trias ha destacado que, junto con la [&hellip;]<\/p>\n","protected":false},"author":1,"featured_media":125673,"comment_status":"closed","ping_status":"closed","sticky":false,"template":"","format":"standard","meta":{"_links_to":"","_links_to_target":""},"categories":[114,68],"tags":[1846,4167,4169],"acf":[],"wps_subtitle":"Xavier Trias, Jordi Hereu, Joan Clos y Narc\u00eds Serra en BCN di\u00e1logos, espacio de entrevistas de Rethink Barcelona","_links":{"self":[{"href":"https:\/\/www.foment.com\/es\/wp-json\/wp\/v2\/posts\/125944"}],"collection":[{"href":"https:\/\/www.foment.com\/es\/wp-json\/wp\/v2\/posts"}],"about":[{"href":"https:\/\/www.foment.com\/es\/wp-json\/wp\/v2\/types\/post"}],"author":[{"embeddable":true,"href":"https:\/\/www.foment.com\/es\/wp-json\/wp\/v2\/users\/1"}],"replies":[{"embeddable":true,"href":"https:\/\/www.foment.com\/es\/wp-json\/wp\/v2\/comments?post=125944"}],"version-history":[{"count":1,"href":"https:\/\/www.foment.com\/es\/wp-json\/wp\/v2\/posts\/125944\/revisions"}],"predecessor-version":[{"id":126253,"href":"https:\/\/www.foment.com\/es\/wp-json\/wp\/v2\/posts\/125944\/revisions\/126253"}],"wp:featuredmedia":[{"embeddable":true,"href":"https:\/\/www.foment.com\/es\/wp-json\/wp\/v2\/media\/125673"}],"wp:attachment":[{"href":"https:\/\/www.foment.com\/es\/wp-json\/wp\/v2\/media?parent=125944"}],"wp:term":[{"taxonomy":"category","embeddable":true,"href":"https:\/\/www.foment.com\/es\/wp-json\/wp\/v2\/categories?post=125944"},{"taxonomy":"post_tag","embeddable":true,"href":"https:\/\/www.foment.com\/es\/wp-json\/wp\/v2\/tags?post=125944"}],"curies":[{"name":"wp","href":"https:\/\/api.w.org\/{rel}","templated":true}]}}