{"id":125946,"date":"2021-04-06T15:17:25","date_gmt":"2021-04-06T13:17:25","guid":{"rendered":"https:\/\/www.foment.com\/disminucio-atur-marc\/"},"modified":"2021-09-12T20:52:00","modified_gmt":"2021-09-12T18:52:00","slug":"disminucio-atur-marc-2","status":"publish","type":"post","link":"https:\/\/www.foment.com\/es\/disminucio-atur-marc-2\/","title":{"rendered":"Foment valora positivamente la disminuci\u00f3n del desempleo de marzo"},"content":{"rendered":"<section class=\"wpb-content-wrapper\"><p>[vc_row][vc_column][vc_column_text]El n\u00famero de desempleados en Catalu\u00f1a disminuy\u00f3 en el mes de marzo en 6.390 personas (-1,25%) respecto al mes anterior, siendo la tercera Comunidad Aut\u00f3noma despu\u00e9s de Andaluc\u00eda y Comunidad Valenciana en la que m\u00e1s ha bajado el n\u00famero de desempleados en t\u00e9rminos absolutos. En t\u00e9rminos interanuales, en cambio, el paro registrado se ha incrementado en 88.853 personas (21,31%), siendo la Comunidad Aut\u00f3noma en la que m\u00e1s ha crecido el paro registrado interanual en t\u00e9rminos absolutos.\u00a0 Respecto a la contrataci\u00f3n, se han efectuado m\u00e1s contratos que el mes anterior (26.692 contratos m\u00e1s), y se mantiene la dualidad entre los contratos temporales que representan el 81,56%, y los indefinidos que representan el 18,44% del total de contratos realizados en este mes.<\/p>\n<p>Foment del Treball valora positivamente la disminuci\u00f3n del desempleo en el mes de marzo, pero considera que se ha de situar en el contexto vinculado a la Semana Santa.<\/p>\n<p>Estamos muy alejados de recuperar el empleo destruido a partir del inicio de la pandemia. Para lograrlo es fundamental disponer de un escenario normativo favorable que permita la m\u00e1xima flexibilidad y reducci\u00f3n de costes posibles. El presente proceso de negociaci\u00f3n de la Reforma Laboral ha de explicitar las necesidades empresariales para evitar una mayor destrucci\u00f3n de empleo.[\/vc_column_text]<div class=\"single_image wpb_content_element align-left    \" data-animation=\"none\" data-delay=\"0\"><\/div>[vc_column_text]La cifra del paro registrado en Catalu\u00f1a se sit\u00faa en 505.900\u00a0 personas desempleadas.<\/p>\n<p>Si observamos la evoluci\u00f3n de la variaci\u00f3n interanual de la tasa de paro, hemos pasado de una tasa interanual en el mes de enero de 2013 del 4,52% a una tasa del 21,31% en el mes de marzo de 2021.<\/p>\n<p>Este incremento, <u>en t\u00e9rminos interanuales<\/u>, del paro registrado del 21,31%,\u00a0 supone un aumento de 88.853 personas desempleadas m\u00e1s respecto del mismo mes del a\u00f1o anterior.[\/vc_column_text]<div class=\"single_image wpb_content_element align-left    \" data-animation=\"none\" data-delay=\"0\"><\/div>[vc_column_text]Respecto a la <u>variaci\u00f3n mensual<\/u>, en Catalu\u00f1a, en este mes de marzo de 2021 el paro ha registrado un descenso de 6.390 personas desempleadas m\u00e1s respecto al mes anterior (una reducci\u00f3n del 1,25% en t\u00e9rminos relativos).[\/vc_column_text]<div class=\"single_image wpb_content_element align-left    \" data-animation=\"none\" data-delay=\"0\"><\/div>[vc_column_text]Por sectores, el descenso del paro registrado se concentra en el sector servicios (-6.647), industria (-511) y construcci\u00f3n (-388). En cambio, se ha incrementado el paro en personas sin empleo anterior (+828) y en la agricultura (+328).<\/p>\n<p>Por provincias, el paro registrado se ha reducido en todas las provincias catalanas. Concretamente, en Barcelona ha descendido en 3.531\u00a0 personas, en Girona en 1.395 personas, en Lleida en 152 personas y en\u00a0 Tarragona en 1.312 personas. En t\u00e9rminos interanuales, el paro se incrementa en un 20,63% en Barcelona, en un 26,35% en Girona, en un 25,84% en Lleida y en un 19,54% en Tarragona.<\/p>\n<p>El paro registrado en cada provincia se sit\u00faa este mes de marzo en 367.237 en Barcelona, 49.630 en Girona, 27.453 en Lleida y 61.580 en Tarragona.<\/p>\n<p><u>Contrataci\u00f3n<\/u>. Respecto al n\u00famero de contratos registrados durante el mes de marzo en Catalu\u00f1a, el n\u00famero de contratos se sit\u00faa en 198.819\u00a0 contratos, de los cuales 18,44% (36.659 contratos) lo han sido de car\u00e1cter indefinido, y el resto (81,56%, es decir, 162.160 contratos) han sido temporales. El n\u00famero de contratos registrados en Catalu\u00f1a se ha incrementado en un 15,51% respecto al mes anterior (26.692 contratos m\u00e1s) y en un 9,27% respecto al mes de marzo de 2020 (16.871 contratos m\u00e1s).<\/p>\n<p><u>A <\/u><u>nivel estatal<\/u> el paro registrado ha descendido en 59.149 personas en relaci\u00f3n al mes anterior (-1,48%). La cifra de paro a nivel estatal se sit\u00faa en el mes de marzo de 2021 en 3.949.640 \u00a0personas\u00a0 (11,31% en t\u00e9rminos anuales).<\/p>\n<p><u>Afiliaci\u00f3n.<\/u> En Catalu\u00f1a, el n\u00famero de afiliados a la Seguridad Social se ha situado en el mes de marzo de 2021 en\u00a0 3.376.137 ocupados, lo que supone 16.898 ocupados m\u00e1s respecto el mes de febrero de 2021 (0,50%), y 23.651 ocupados menos respecto al mismo mes del a\u00f1o anterior (-0,70%).[\/vc_column_text]<div class=\"single_image wpb_content_element align-left    \" data-animation=\"none\" data-delay=\"0\"><img width=\"1305\" height=\"707\" src=\"https:\/\/www.foment.com\/wp-content\/uploads\/2021\/04\/Grafic_4.jpg\" class=\"attachment-full\" alt=\"\" loading=\"lazy\" title=\"Grafic_4\" srcset=\"https:\/\/www.foment.com\/wp-content\/uploads\/2021\/04\/Grafic_4.jpg 1305w, https:\/\/www.foment.com\/wp-content\/uploads\/2021\/04\/Grafic_4-300x163.jpg 300w, https:\/\/www.foment.com\/wp-content\/uploads\/2021\/04\/Grafic_4-1024x555.jpg 1024w, https:\/\/www.foment.com\/wp-content\/uploads\/2021\/04\/Grafic_4-768x416.jpg 768w\" sizes=\"(max-width: 1305px) 100vw, 1305px\" \/><\/div>[vc_column_text]<u>En \u00e1mbito estatal<\/u> el n\u00famero de afiliados a la Seguridad Social se ha situado en el mes de marzo en 18.920.902 ocupados, lo que supone un incremento de 70.790\u00a0 personas afiliadas respecto al mes anterior\u00a0 (0,38%), y en t\u00e9rminos interanuales la afiliaci\u00f3n registr\u00f3 una reducci\u00f3n de 85.858 afiliados (-0,45%).[\/vc_column_text][\/vc_column][\/vc_row]<\/p>\n<\/section>","protected":false},"excerpt":{"rendered":"<p>[vc_row][vc_column][vc_column_text]El n\u00famero de desempleados en Catalu\u00f1a disminuy\u00f3 en el mes de marzo en 6.390 personas (-1,25%) respecto al mes anterior, siendo la tercera Comunidad Aut\u00f3noma despu\u00e9s de Andaluc\u00eda y Comunidad Valenciana en la que m\u00e1s ha bajado el n\u00famero de desempleados en t\u00e9rminos absolutos. En t\u00e9rminos interanuales, en cambio, el paro registrado se ha incrementado en 88.853 personas (21,31%), siendo la Comunidad Aut\u00f3noma en la que m\u00e1s ha crecido el paro registrado interanual en t\u00e9rminos absolutos.\u00a0 Respecto a la contrataci\u00f3n, se han efectuado m\u00e1s contratos que el mes anterior (26.692 contratos m\u00e1s), y se mantiene la dualidad entre los contratos temporales que representan el 81,56%, y los indefinidos que representan el 18,44% del total de contratos realizados en este mes. Foment del Treball valora positivamente la disminuci\u00f3n del desempleo en el mes de marzo, pero considera que se ha de situar en el contexto vinculado a la Semana Santa. Estamos muy alejados de recuperar el empleo destruido a partir del inicio de la pandemia. Para lograrlo es fundamental disponer de un escenario normativo favorable que permita la m\u00e1xima flexibilidad y reducci\u00f3n de costes posibles. El presente proceso de negociaci\u00f3n de la Reforma Laboral ha de explicitar las necesidades empresariales para [&hellip;]<\/p>\n","protected":false},"author":1,"featured_media":125688,"comment_status":"closed","ping_status":"closed","sticky":false,"template":"","format":"standard","meta":{"_links_to":"","_links_to_target":""},"categories":[114,73],"tags":[303,299,619,3296,4222,228],"acf":[],"wps_subtitle":"Estamos muy alejados de recuperar el empleo destruido a partir del inicio de la pandemia","_links":{"self":[{"href":"https:\/\/www.foment.com\/es\/wp-json\/wp\/v2\/posts\/125946"}],"collection":[{"href":"https:\/\/www.foment.com\/es\/wp-json\/wp\/v2\/posts"}],"about":[{"href":"https:\/\/www.foment.com\/es\/wp-json\/wp\/v2\/types\/post"}],"author":[{"embeddable":true,"href":"https:\/\/www.foment.com\/es\/wp-json\/wp\/v2\/users\/1"}],"replies":[{"embeddable":true,"href":"https:\/\/www.foment.com\/es\/wp-json\/wp\/v2\/comments?post=125946"}],"version-history":[{"count":1,"href":"https:\/\/www.foment.com\/es\/wp-json\/wp\/v2\/posts\/125946\/revisions"}],"predecessor-version":[{"id":126252,"href":"https:\/\/www.foment.com\/es\/wp-json\/wp\/v2\/posts\/125946\/revisions\/126252"}],"wp:featuredmedia":[{"embeddable":true,"href":"https:\/\/www.foment.com\/es\/wp-json\/wp\/v2\/media\/125688"}],"wp:attachment":[{"href":"https:\/\/www.foment.com\/es\/wp-json\/wp\/v2\/media?parent=125946"}],"wp:term":[{"taxonomy":"category","embeddable":true,"href":"https:\/\/www.foment.com\/es\/wp-json\/wp\/v2\/categories?post=125946"},{"taxonomy":"post_tag","embeddable":true,"href":"https:\/\/www.foment.com\/es\/wp-json\/wp\/v2\/tags?post=125946"}],"curies":[{"name":"wp","href":"https:\/\/api.w.org\/{rel}","templated":true}]}}