{"id":125952,"date":"2021-04-14T01:32:25","date_gmt":"2021-04-13T23:32:25","guid":{"rendered":"https:\/\/www.foment.com\/?p=115564"},"modified":"2021-09-12T20:16:23","modified_gmt":"2021-09-12T18:16:23","slug":"ascef-impulsar-participacion-empresa-familiar-catalana-plan-recuperacion-europeu","status":"publish","type":"post","link":"https:\/\/www.foment.com\/es\/ascef-impulsar-participacion-empresa-familiar-catalana-plan-recuperacion-europeu\/","title":{"rendered":"Foment y ASCEF inician una colaboraci\u00f3n para impulsar la participaci\u00f3n de la empresa familiar catalana en el plan de recuperaci\u00f3n europeo"},"content":{"rendered":"<section class=\"wpb-content-wrapper\"><p>[vc_row][vc_column][vc_column_text]<\/p>\n<ul>\n<li><strong>La empresa familiar en Catalu\u00f1a supone el 88,3% de la totalidad de las empresas privadas, contribuyen el 69% del Valor A\u00f1adido Sucio (VAB) y generan el 76% de los puestos de trabajo privados.<\/strong><\/li>\n<\/ul>\n<p>El presidente de Foment del Treball, Josep S\u00e1nchez Llibre, y el presidente de la Asociaci\u00f3n Catalana de la Empresa Familiar (ASCEF), Amadeu Jori Armengol, han firmado un acuerdo de colaboraci\u00f3n entre ambas entidades para trabajar conjuntamente en el impulso del programa \u2018Next Generation EU\u2019 entre las empresas familiares catalanas. Ambos presidentes apuestan por la cooperaci\u00f3n publicoprivada y por las alianzas entre diferentes entidades como herramientas efectivas para canalizar el acceso a los fondos europeos.<\/p>\n<p>\u201cEn el camino de la recuperaci\u00f3n econ\u00f3mica tenemos que trabajar todos juntos. La empresa familiar tiene una importante dimensi\u00f3n en Catalu\u00f1a y, por lo tanto, un papel relevante tanto en el marco de la econom\u00eda como en el entorno social. En estos tiempos excepcionales la colaboraci\u00f3n y la cooperaci\u00f3n entre instituciones y empresas ser\u00e1n el eje fundamental de la reconstrucci\u00f3n econ\u00f3mica y la transformaci\u00f3n social\u201d, ha expresado S\u00e1nchez Llibre.<\/p>\n<p>Por su parte, Jori Armengol ha subrayado que \u201clas empresas familiares se caracterizan por su compromiso a largo plazo, la voluntad expl\u00edcita de crear valor y puestos de trabajo y su capacidad de adaptaci\u00f3n e innovaci\u00f3n. Es por eso que podemos ser ejemplo de como maximizar el uso de los fondos con unos proyectos comprometidos y de futuro\u201d.<\/p>\n<p>Fruto de este convenio, Foment y ASCEF trabajar\u00e1n para profundizar m\u00e1s en las oportunidades que pueden ofrecer los fondos europeos para el conjunto de las empresas familiares de Catalu\u00f1a. Otro de los objetivos principales de esta alianza, ser\u00e1 conectar estas empresas con los contenidos del plan de acci\u00f3n mundial de la Agenda 2030 y convertir los ODS del Plan en una parte estrat\u00e9gica de su negocio.<\/p>\n<p>El acto de firma ha contado tambi\u00e9n con la presencia del director \u00c1rea de Negocio y Responsable Relaciones Parlamento y AAPP de la patronal catalana, Benet Maim\u00ed, y la directora de Networking de esta, Carme Castellnou. Por parte de ASCEF, Amadeu Jori Armengol ha sido acompa\u00f1ado por Ignasi Botet, miembro de la comisi\u00f3n de Relaciones Institucionales de la empresa familiar.[\/vc_column_text]<div class=\"flexslider wpb_content_element\"><ul class=\"slides\"><li><img src=\"\" alt=\"\" \/><\/li><li><img src=\"\" alt=\"\" \/><\/li><li><img src=\"\" alt=\"\" \/><\/li><\/ul><\/div>[vc_column_text]<span style=\"color: #c1002b;\"><strong>Sobre ASCEF<\/strong><\/span><\/p>\n<p>La Asociaci\u00f3n Catalana de la Empresa Familiar es una entidad constituida en 1998 y formada por m\u00e1s de 100 empresas representativas del tejido empresarial catal\u00e1n. Las entidades que la forman tienen un papel relevante a la econom\u00eda del pa\u00eds y son compa\u00f1\u00edas comprometidas con la generaci\u00f3n de riqueza, la ocupaci\u00f3n laboral, el territorio y la sostenibilidad.<\/p>\n<p>La empresa familiar en Catalu\u00f1a supone el 88,3% de la totalidad de las empresas privadas, contribuyen el 69% del Valor A\u00f1adido Sucio (VAB) y generan el 76% de los puestos de trabajo privados. Los valores diferenciales de la empresa familiar favorecen su competitividad y resiliencia como es su compromiso a largo plazo, la voluntad expl\u00edcita de crear valor y puestos de trabajo,\u00a0 la agilidad en la toma de decisiones, la reinversi\u00f3n de una parte importante de los beneficios y la vinculaci\u00f3n con la comunidad.<\/p>\n<p>El ASCEF es una organizaci\u00f3n que trabaja para promover el crecimiento y la continuidad de las empresas familiares; que impulsa la reflexi\u00f3n y el conocimiento que la sociedad tiene sobre la empresa familiar y que act\u00faa como interlocutor de las administraciones para encontrar soluciones conjuntas en los temas que afectan a este importante segmento del tejido empresarial.<\/p>\n<p><span style=\"color: #c1002b;\"><strong>Sobre Foment del Treball<\/strong><\/span><\/p>\n<p>Foment del Treball es la confederaci\u00f3n que representa desde hace dos siglos y medio el empresariado y la potente industria catalana. Representa a los sectores productivos, los territorios y las empresas peque\u00f1as, medianas y grandes ante las administraciones e instituciones p\u00fablicas, organizaciones econ\u00f3micas, pol\u00edticas, sindicales y sociales de Catalu\u00f1a, Espa\u00f1a, la Uni\u00f3n Europea y de car\u00e1cter internacional, cuando sea procedente.<\/p>\n<p>La patronal es interlocutor reconocido ante la administraci\u00f3n p\u00fablica y los reguladores. Lo hace a las Cortes Generales, en el Parlamento de Catalu\u00f1a, en el Parlamento Europeo y en el entorno local con una intensa actividad institucional. Fomento del Trabajo cuenta con una oficina en Bruselas a disposici\u00f3n del todos sus socios.<\/p>\n<p>Las empresas son un vector fundamental, dir\u00eda que imprescindible, en la lucha contra los efectos del cambio clim\u00e1tico.[\/vc_column_text][\/vc_column][\/vc_row]<\/p>\n<\/section>","protected":false},"excerpt":{"rendered":"<p>[vc_row][vc_column][vc_column_text] La empresa familiar en Catalu\u00f1a supone el 88,3% de la totalidad de las empresas privadas, contribuyen el 69% del Valor A\u00f1adido Sucio (VAB) y generan el 76% de los puestos de trabajo privados. El presidente de Foment del Treball, Josep S\u00e1nchez Llibre, y el presidente de la Asociaci\u00f3n Catalana de la Empresa Familiar (ASCEF), Amadeu Jori Armengol, han firmado un acuerdo de colaboraci\u00f3n entre ambas entidades para trabajar conjuntamente en el impulso del programa \u2018Next Generation EU\u2019 entre las empresas familiares catalanas. Ambos presidentes apuestan por la cooperaci\u00f3n publicoprivada y por las alianzas entre diferentes entidades como herramientas efectivas para canalizar el acceso a los fondos europeos. \u201cEn el camino de la recuperaci\u00f3n econ\u00f3mica tenemos que trabajar todos juntos. La empresa familiar tiene una importante dimensi\u00f3n en Catalu\u00f1a y, por lo tanto, un papel relevante tanto en el marco de la econom\u00eda como en el entorno social. En estos tiempos excepcionales la colaboraci\u00f3n y la cooperaci\u00f3n entre instituciones y empresas ser\u00e1n el eje fundamental de la reconstrucci\u00f3n econ\u00f3mica y la transformaci\u00f3n social\u201d, ha expresado S\u00e1nchez Llibre. Por su parte, Jori Armengol ha subrayado que \u201clas empresas familiares se caracterizan por su compromiso a largo plazo, la voluntad expl\u00edcita de [&hellip;]<\/p>\n","protected":false},"author":1,"featured_media":125778,"comment_status":"closed","ping_status":"closed","sticky":false,"template":"","format":"standard","meta":{"_links_to":"","_links_to_target":""},"categories":[114,68],"tags":[327,3805,3802],"acf":[],"wps_subtitle":"Las alianzas entre las entidades empresariales contribuyen a detectar oportunidades y a canalizar el acceso a los fondos europeos","_links":{"self":[{"href":"https:\/\/www.foment.com\/es\/wp-json\/wp\/v2\/posts\/125952"}],"collection":[{"href":"https:\/\/www.foment.com\/es\/wp-json\/wp\/v2\/posts"}],"about":[{"href":"https:\/\/www.foment.com\/es\/wp-json\/wp\/v2\/types\/post"}],"author":[{"embeddable":true,"href":"https:\/\/www.foment.com\/es\/wp-json\/wp\/v2\/users\/1"}],"replies":[{"embeddable":true,"href":"https:\/\/www.foment.com\/es\/wp-json\/wp\/v2\/comments?post=125952"}],"version-history":[{"count":1,"href":"https:\/\/www.foment.com\/es\/wp-json\/wp\/v2\/posts\/125952\/revisions"}],"predecessor-version":[{"id":126221,"href":"https:\/\/www.foment.com\/es\/wp-json\/wp\/v2\/posts\/125952\/revisions\/126221"}],"wp:featuredmedia":[{"embeddable":true,"href":"https:\/\/www.foment.com\/es\/wp-json\/wp\/v2\/media\/125778"}],"wp:attachment":[{"href":"https:\/\/www.foment.com\/es\/wp-json\/wp\/v2\/media?parent=125952"}],"wp:term":[{"taxonomy":"category","embeddable":true,"href":"https:\/\/www.foment.com\/es\/wp-json\/wp\/v2\/categories?post=125952"},{"taxonomy":"post_tag","embeddable":true,"href":"https:\/\/www.foment.com\/es\/wp-json\/wp\/v2\/tags?post=125952"}],"curies":[{"name":"wp","href":"https:\/\/api.w.org\/{rel}","templated":true}]}}